{"id":59279,"date":"2021-12-09T18:46:01","date_gmt":"2021-12-09T16:46:01","guid":{"rendered":"http:\/\/infois.ro\/?p=59279"},"modified":"2021-12-10T08:48:59","modified_gmt":"2021-12-10T06:48:59","slug":"bucura-te-de-mai-mult-timp-la-shopping-in-intervalul-orar-1000-22-00-dar-si-de-intalniri-cu-mos-craciun-la-palas","status":"publish","type":"post","link":"https:\/\/infois.ro\/?p=59279","title":{"rendered":"Bucur\u0103-te de mai mult timp la shopping \u00een intervalul orar 10:00 \u2013 22.00, dar \u0219i de \u00eent\u00e2lniri cu Mo\u0219 Cr\u0103ciun, la Palas!"},"content":{"rendered":"<p><a href=\"http:\/\/infois.ro\/wp-content\/uploads\/2021\/12\/Palas-Iasi-1.jpg\"><img loading=\"lazy\" decoding=\"async\" class=\"alignleft  wp-image-59280\" src=\"http:\/\/infois.ro\/wp-content\/uploads\/2021\/12\/Palas-Iasi-1.jpg\" alt=\"\" width=\"349\" height=\"232\" srcset=\"https:\/\/infois.ro\/wp-content\/uploads\/2021\/12\/Palas-Iasi-1.jpg 640w, https:\/\/infois.ro\/wp-content\/uploads\/2021\/12\/Palas-Iasi-1-300x200.jpg 300w\" sizes=\"(max-width: 349px) 100vw, 349px\" \/><\/a><\/p>\n<p style=\"text-align: justify;\"><strong><em>\u00cencep\u00e2nd de ast\u0103zi, 9 decembrie 2021, Palas \u0219i-a modificat programul, astfel te po\u021bi bucura de mai mult timp pentru cump\u0103r\u0103turile de s\u0103rb\u0103tori. Te a\u0219tept\u0103m de luni p\u00e2n\u0103 duminic\u0103 \u00een intervalul 10.00 \u2013 22.00! Weekend-ul acesta, Mo\u0219 Cr\u0103ciun vine \u00eempreun\u0103 cu ajutoarele sale \u0219i vor dansa, c\u00e2nta \u0219i plimba prin ansamblul Palas.<\/em><\/strong><\/p>\n<p style=\"text-align: justify;\"><strong><em>\u00a0<\/em><\/strong><\/p>\n<p style=\"text-align: justify;\">\u00cen contextul noilor m\u0103suri transmise de autorit\u0103\u021bi, programul de func\u021bionare al ansamblului Palas este <strong>de luni p\u00e2n\u0103 duminic\u0103<\/strong>, <strong>\u00een intervalul orar 10.00 \u2013 22.00<\/strong>. Fii mereu la curent cu toate nout\u0103\u021bile, urm\u0103rind <strong><a href=\"https:\/\/www.facebook.com\/palasiasi\">pagina de Facebook Palas Ia\u0219i<\/a><\/strong>!<\/p>\n<p style=\"text-align: justify;\">\n<p style=\"text-align: justify;\"><strong>S\u00e2mb\u0103t\u0103<\/strong>, <strong>11 decembrie 2021<\/strong>, <strong>cei mici sunt a\u0219tepta\u021bi de<\/strong> <strong>Mo\u0219 Cr\u0103ciun<\/strong>, dar \u0219i de ajutoarele sale, \u00een ansamblul Palas. Pe ritmuri muzicale<strong> Cr\u0103ciuni\u021ba<\/strong>, <strong>Omul de z\u0103pad\u0103<\/strong>, <strong>Renul<\/strong>, <strong>Sold\u0103\u021belul<\/strong>, <strong>Br\u0103du\u021bul<\/strong> \u0219i <strong>Mo\u0219 Cr\u0103ciun<\/strong> vor fi prezen\u021bi <strong>\u00een parcul Palas de la ora 17.00<\/strong> <strong>p\u00e2n\u0103 la ora 18.00<\/strong>. Iar <strong>\u00een intervalul ora 19.00 \u2013 20.00<\/strong>, <strong>personajele sezonului se mut\u0103 \u00een Palas Mall<\/strong>, unde vor colinda \u0219i dansa voio\u0219i.<\/p>\n<p style=\"text-align: justify;\">\n<p style=\"text-align: justify;\">\u00cen acela\u0219i timp, <strong>la bradul din Atrium<\/strong>, <strong>de luni p\u00e2n\u0103 vineri<\/strong>, <strong>\u00eentre orele 17.00 \u2013 20.00<\/strong>, \u0219i <strong>s\u00e2mb\u0103ta \u0219i duminica \u00een intervalul 11.00 \u2013 20.00<\/strong>, Mo\u0219ul va asculta toate dorin\u021bele \u0219i poeziile pe care cei mici le-au preg\u0103tit. Ca s\u0103 ajung\u0103 la to\u021bi copiii cumin\u021bi, simpaticul b\u0103tr\u00e2nel are un <strong>program special \u00een perioada 20 \u2013 23 decembrie: de la ora 14.00 \u2013 20.00<\/strong>. Dac\u0103 nu ai timp s\u0103 ajungi \u00een Palas, po\u021bi s\u0103 intri online pe <a href=\"https:\/\/www.moscraciunexista.ro\/\">https:\/\/www.moscraciunexista.ro\/<\/a> \u0219i s\u0103 \u00ee\u021bi programezi un meeting cu Mo\u0219 Cr\u0103ciun.<\/p>\n<p style=\"text-align: justify;\">\n<p style=\"text-align: justify;\">Dup\u0103 \u0219edin\u021ba foto cu Mo\u0219u`, po\u021bi s\u0103 \u00ee\u021bi exersezi mi\u0219c\u0103rile de patinator pe <strong>arena de ghea\u021b\u0103 Palas Ice<\/strong>. Pentru mai multe detalii, intr\u0103 pe <a href=\"https:\/\/www.palasmall.ro\/patinoar\">site-ul Palas Ia\u0219i<\/a>.<\/p>\n<p style=\"text-align: justify;\">\n","protected":false},"excerpt":{"rendered":"<p>\u00cencep\u00e2nd de ast\u0103zi, 9 decembrie 2021, Palas \u0219i-a modificat programul, astfel te po\u021bi bucura de&#8230; <a class=\"meta-more\" href=\"https:\/\/infois.ro\/?p=59279\">more <span class=\"meta-nav\">&raquo;<\/span><\/a><\/p>\n","protected":false},"author":2,"featured_media":59280,"comment_status":"closed","ping_status":"closed","sticky":false,"template":"","format":"standard","meta":{"footnotes":""},"categories":[41,60],"tags":[74,40,1326,100,1346,3269,3635],"aioseo_notices":[],"_links":{"self":[{"href":"https:\/\/infois.ro\/index.php?rest_route=\/wp\/v2\/posts\/59279"}],"collection":[{"href":"https:\/\/infois.ro\/index.php?rest_route=\/wp\/v2\/posts"}],"about":[{"href":"https:\/\/infois.ro\/index.php?rest_route=\/wp\/v2\/types\/post"}],"author":[{"embeddable":true,"href":"https:\/\/infois.ro\/index.php?rest_route=\/wp\/v2\/users\/2"}],"replies":[{"embeddable":true,"href":"https:\/\/infois.ro\/index.php?rest_route=%2Fwp%2Fv2%2Fcomments&post=59279"}],"version-history":[{"count":1,"href":"https:\/\/infois.ro\/index.php?rest_route=\/wp\/v2\/posts\/59279\/revisions"}],"predecessor-version":[{"id":59281,"href":"https:\/\/infois.ro\/index.php?rest_route=\/wp\/v2\/posts\/59279\/revisions\/59281"}],"wp:featuredmedia":[{"embeddable":true,"href":"https:\/\/infois.ro\/index.php?rest_route=\/wp\/v2\/media\/59280"}],"wp:attachment":[{"href":"https:\/\/infois.ro\/index.php?rest_route=%2Fwp%2Fv2%2Fmedia&parent=59279"}],"wp:term":[{"taxonomy":"category","embeddable":true,"href":"https:\/\/infois.ro\/index.php?rest_route=%2Fwp%2Fv2%2Fcategories&post=59279"},{"taxonomy":"post_tag","embeddable":true,"href":"https:\/\/infois.ro\/index.php?rest_route=%2Fwp%2Fv2%2Ftags&post=59279"}],"curies":[{"name":"wp","href":"https:\/\/api.w.org\/{rel}","templated":true}]}}