{"id":59435,"date":"2021-12-15T16:51:35","date_gmt":"2021-12-15T14:51:35","guid":{"rendered":"http:\/\/infois.ro\/?p=59435"},"modified":"2021-12-15T17:58:05","modified_gmt":"2021-12-15T15:58:05","slug":"burse-pentru-scolile-din-romania-prin-programul-de-dezvoltare-socio-emotionala-sel","status":"publish","type":"post","link":"https:\/\/infois.ro\/?p=59435","title":{"rendered":"Burse pentru \u0219colile din Rom\u00e2nia, prin Programul de Dezvoltare Socio-Emo\u021bional\u0103 &#8211; SEL"},"content":{"rendered":"<p><a href=\"http:\/\/infois.ro\/wp-content\/uploads\/2021\/12\/burse-sel.jpg\"><img loading=\"lazy\" decoding=\"async\" class=\"alignleft  wp-image-59436\" src=\"http:\/\/infois.ro\/wp-content\/uploads\/2021\/12\/burse-sel.jpg\" alt=\"\" width=\"388\" height=\"203\" srcset=\"https:\/\/infois.ro\/wp-content\/uploads\/2021\/12\/burse-sel.jpg 640w, https:\/\/infois.ro\/wp-content\/uploads\/2021\/12\/burse-sel-300x157.jpg 300w\" sizes=\"(max-width: 388px) 100vw, 388px\" \/><\/a><\/p>\n<p style=\"text-align: justify;\">Asocia\u021bia pentru Valori \u00een Educa\u021bie (AVE), \u00een parteneriat cu MindUP, a creat pentru \u0219colile din Rom\u00e2nia <a href=\"https:\/\/ave-romania.ro\/programul-sel\/\">Programulde Dezvoltare Socio-Emo\u021bional\u0103\u2013 SEL<\/a>, prin intermediul c\u0103ruia cadrele didactice vor fi formate s\u0103 sus\u021bin\u0103 elevii \u00een dezvoltarea socio-emo\u021bional\u0103. Programul ofer\u0103 10 burse pentru \u0219coli publice cu clase primare \u0219i\/sau gimnaziale \u0219i se va desf\u0103\u0219ura \u00een perioada 26 februarie 2022 &#8211; 15 iunie 2023.<\/p>\n<p style=\"text-align: justify;\">\u201eDezvoltarea socio-emo\u021bional\u0103 \u00een educa\u021bia din Rom\u00e2nia este unul din subiectele prea pu\u021bin discutate, de\u0219i s\u0103n\u0103tatea mintal\u0103 a elevilor este extrem de important\u0103. Competen\u021bele socio-emo\u021bionale sunt cheia pentru reu\u0219ita fiec\u0103rui t\u00e2n\u0103r, at\u00e2t pe plan academic, c\u00e2t \u0219i la nivel personal. Programul de Dezvoltare Socio-Emo\u021bional\u0103 &#8211; SEL este un catalizator pentru transformarea \u0219colilor \u0219i dezvoltarea acestor competen\u021be ale viitorului, \u00een a\u0219a fel \u00eenc\u00e2t elevii s\u0103 fie echipa\u021bi cu resursele necesare pentru succes pe termen lung. Al\u0103turi de MindUP, ceea ce propunem \u0219colilor din Rom\u00e2nia prin acest proiect este formarea cadrelor didactice cu metode \u0219i exerci\u021bii aplicabile direct la clas\u0103, indiferent de materia predat\u0103. Toate aceste tehnici au la baz\u0103 informa\u021bii validate \u0219tiin\u021bific \u0219i fac parte din domenii precum neuro\u0219tiin\u021b\u0103, psihologie pozitiv\u0103, \u00eenv\u0103\u021bare socio-emo\u021bional\u0103 (SEL) \u0219i mindfulness\u201d, a declarat Anca Alexe, Social EmotionalLearning Program Manager, \u00een cadrul Asocia\u021biei pentru Valori \u00een Educa\u021bie.<\/p>\n<p style=\"text-align: justify;\">\u201eCopiii din \u00eentreaga lume se confrunt\u0103 cu provoc\u0103ri care \u021bin de gestionarea simptomelor stresului toxic \u0219i a anxiet\u0103\u021bii. De aceea, este o onoare s\u0103 \u00eencheiem acest parteneriat cu Asocia\u021bia pentru Valori \u00een Educa\u021bie pentru a aduce MindUP \u00een aten\u021bia profesorilor din Rom\u00e2nia, \u00een a\u0219a fel \u00eenc\u00e2t ei s\u0103 poat\u0103 aborda problemele care \u021bin de s\u0103n\u0103tatea emo\u021bional\u0103 \u0219i dezvoltarea copiilor. Echilibrul mintal al copiilor no\u0219tri este f\u0103r\u0103 \u00eendoial\u0103 una dintre cele mai importante probleme cu care avem de-a face \u00een acest moment \u0219i m\u0103 bucur mult c\u0103 putem \u00eemp\u0103rt\u0103\u0219i programul nostru cu profesorii \u0219i copiii din Rom\u00e2nia, pentru rezultate mai bune la \u0219coal\u0103 \u0219i un parcurs bun \u00een via\u021b\u0103\u201d, a spus Goldie Hawn, Fondator \u0219i CEO al Funda\u021biei GoldieHawn.<\/p>\n<p style=\"text-align: justify;\"><strong>Burse pentru 10 \u0219coli din Rom\u00e2nia, pentru dezvoltarea competen\u021belor socio-emo\u021bionale ale elevilor <\/strong><\/p>\n<p style=\"text-align: justify;\">Programul de Dezvoltare Socio-Emo\u021bional\u0103 &#8211; SEL va fi structurat \u00een dou\u0103 p\u0103r\u021bi. Prima parte va presupune formarea profesorilor sau \u00eenv\u0103\u021b\u0103torilor din \u0219colile selectate \u0219i implementarea la clas\u0103 a instrumentelor \u0219i tehnicilor de dezvoltare a competen\u021belor socio-emo\u021bionale. Aceast\u0103 etap\u0103 se va desf\u0103\u0219ura\u00een perioada 26 februarie 2022 &#8211; 20 decembrie 2022. Partea a doua va consta \u00een monitorizarea rezultatelor, extinderea programului la alte clase din \u0219coal\u0103 \u0219i evaluare a proiectului \u0219i se va derula \u00eentre 15 ianuarie 2023 \u2013 15 iunie 2023.<\/p>\n<p style=\"text-align: justify;\">Pentru a fi parte din program, directorii de \u0219coli, \u00eempreun\u0103 cu cinci profesori din cancelaria lor, pot s\u0103 aplice p\u00e2n\u0103 pe data de 15 ianuarie 2022, prin accesarea acestui <a href=\"https:\/\/form.jotform.com\/213465022370042\">link<\/a> \u0219i completarea formularului de \u00eenscriere. \u0218colile vor fi selectate,\u00een principal, \u00een func\u021bie de motiva\u021bia lor de a dezvolta un astfel de program \u00een \u0219coal\u0103 \u0219i de angajamentul de a r\u0103m\u00e2ne \u00een program pe toat\u0103 durata lui. Costul programului va fi sus\u021binut \u00een totalitate de AVE.<\/p>\n<p style=\"text-align: justify;\">Formator pentru \u00eentregul program va fi Dido Balla, Directorul pentru inovare educa\u021bional\u0103 \u0219i parteneriate la MindUP. Acesta va lucra cot la cot cu echipa AVE pentru a instrui profesorii s\u0103 ajute elevii \u00een ceea ce prive\u0219te con\u0219tientizarea de sine \u0219i gestionarea propriilor emo\u021bii, \u00een\u021belegerea rela\u021biilor cu ceilal\u021bi \u0219i luarea responsabil\u0103 a deciziilor, pe care vor putea s\u0103 le aplice \u00een comunitate, familie, \u00een \u0219coal\u0103 sau \u00een rela\u021bia cu colegii de clas\u0103.<\/p>\n<p style=\"text-align: justify;\">Oricine poate recomanda unui director de \u0219coal\u0103 s\u0103 se \u00eenscrie \u00een program, folosind acest <a href=\"https:\/\/form.jotform.com\/213465625681359\">link<\/a>. Mai mult, persoanele care vor s\u0103 se implice \u0219i s\u0103 ofere sprijin, se pot \u00eenscrie complet\u00e2nd acest <a href=\"https:\/\/form.jotform.com\/213465263333351\">formular<\/a>. Detalii complete pot fi consultate \u0219i pe site-ul Asocia\u021biei pentru Valori \u00een Educa\u021bie,<a href=\"https:\/\/ave-romania.ro\/programul-sel\/\">https:\/\/ave-romania.ro\/programul-sel\/#<\/a>.<\/p>\n<p style=\"text-align: justify;\">\u00cen contextul \u00een care presiunea emo\u021bional\u0103 asupra copiilor este \u00een cre\u0219tere, scopul acestui demers este de a pune la dispozi\u021bia profesorilor din Rom\u00e2nia o resurs\u0103 de \u00eenv\u0103\u021bare, care s\u0103 \u00eei ajute s\u0103 gestioneze eficient provoc\u0103rile pe care le \u00eent\u00e2mpin\u0103 copiii. Rezultatele cercet\u0103rilor arat\u0103 c\u0103 aproximativ 27% mai mul\u021bi elevi \u0219i-au \u00eembun\u0103t\u0103\u021bi performan\u021ba academic\u0103 la sf\u00e2r\u0219itul programului, iar 24% \u0219i-au \u00eembun\u0103t\u0103\u021bit comportamentele sociale \u0219i s-au sim\u021bit mai pu\u021bin stresa\u021bi (sursa: <a href=\"https:\/\/casel.org\/\">casel.org<\/a>).<\/p>\n<p style=\"text-align: justify;\">Asocia\u021bia pentru Valori \u00een Educa\u021bie (AVE) este o organiza\u021bie non-profit, al c\u0103rei principal obiectiv este acela de a aduce sistemul educa\u021bional din Rom\u00e2nia \u00een top 10 din Europa, p\u00e2n\u0103 \u00een 2035. AVE desf\u0103\u0219oar\u0103 mai multe programe prin intermediul c\u0103rora sus\u021bine \u0219colile din Rom\u00e2nia pentru \u00eembun\u0103t\u0103\u021birea competen\u021belor de leadership \u0219colar, \u00eembun\u0103t\u0103\u021birea capacit\u0103\u021bii de evaluare \u0219i reducere a decalajelor de litera\u021bie, dezvoltare digital\u0103 etc. Programele coordonate de AVE sunt EduNetworks, Academia de Leadership \u0219i Managemant \u0218colar, ALFABETAR. Acestea se adreseaz\u0103 exclusiv cadrelor diactice, iar beneficiari sunt copiii. Detalii complete pot fi g\u0103site pe site-ul <a href=\"https:\/\/ave-romania.ro\/\">https:\/\/ave-romania.ro\/<\/a>.<\/p>\n<p style=\"text-align: justify;\">MindUP\u2122 | The GoldieHawn Foundation este o organiza\u021bie non-profit, \u00eenfiin\u021bat\u0103 cu scopul de a ajuta copiii s\u0103 dezvolte cuno\u0219tin\u021bele \u0219i instrumentele necesare pentru a gestiona eficient stresul, pentru a-\u0219i \u00een\u021belege emo\u021biile, \u00een a\u0219a fel \u00eenc\u00e2t s\u0103 fac\u0103 fa\u021b\u0103 provoc\u0103rilor societ\u0103\u021bii \u00een care tr\u0103im cu optimism, echilibru emo\u021bional \u0219i compasiune. Organiza\u021bia a fost fondat\u0103 \u00een 2003 de actri\u021ba Goldie Hawn \u0219i desf\u0103\u0219oar\u0103 programe la nivel interna\u021bional. Detalii complete pot fi accesate pe site-ul <a href=\"https:\/\/mindup.org\/\">https:\/\/mindup.org\/<\/a>.<\/p>\n<p style=\"text-align: justify;\">\n","protected":false},"excerpt":{"rendered":"<p>Asocia\u021bia pentru Valori \u00een Educa\u021bie (AVE), \u00een parteneriat cu MindUP, a creat pentru \u0219colile din&#8230; <a class=\"meta-more\" href=\"https:\/\/infois.ro\/?p=59435\">more <span class=\"meta-nav\">&raquo;<\/span><\/a><\/p>\n","protected":false},"author":2,"featured_media":59436,"comment_status":"closed","ping_status":"closed","sticky":false,"template":"","format":"standard","meta":{"footnotes":""},"categories":[12,41],"tags":[74,4600,271,40,928,3112,14944],"aioseo_notices":[],"_links":{"self":[{"href":"https:\/\/infois.ro\/index.php?rest_route=\/wp\/v2\/posts\/59435"}],"collection":[{"href":"https:\/\/infois.ro\/index.php?rest_route=\/wp\/v2\/posts"}],"about":[{"href":"https:\/\/infois.ro\/index.php?rest_route=\/wp\/v2\/types\/post"}],"author":[{"embeddable":true,"href":"https:\/\/infois.ro\/index.php?rest_route=\/wp\/v2\/users\/2"}],"replies":[{"embeddable":true,"href":"https:\/\/infois.ro\/index.php?rest_route=%2Fwp%2Fv2%2Fcomments&post=59435"}],"version-history":[{"count":1,"href":"https:\/\/infois.ro\/index.php?rest_route=\/wp\/v2\/posts\/59435\/revisions"}],"predecessor-version":[{"id":59437,"href":"https:\/\/infois.ro\/index.php?rest_route=\/wp\/v2\/posts\/59435\/revisions\/59437"}],"wp:featuredmedia":[{"embeddable":true,"href":"https:\/\/infois.ro\/index.php?rest_route=\/wp\/v2\/media\/59436"}],"wp:attachment":[{"href":"https:\/\/infois.ro\/index.php?rest_route=%2Fwp%2Fv2%2Fmedia&parent=59435"}],"wp:term":[{"taxonomy":"category","embeddable":true,"href":"https:\/\/infois.ro\/index.php?rest_route=%2Fwp%2Fv2%2Fcategories&post=59435"},{"taxonomy":"post_tag","embeddable":true,"href":"https:\/\/infois.ro\/index.php?rest_route=%2Fwp%2Fv2%2Ftags&post=59435"}],"curies":[{"name":"wp","href":"https:\/\/api.w.org\/{rel}","templated":true}]}}