{"id":61025,"date":"2022-03-14T15:36:03","date_gmt":"2022-03-14T13:36:03","guid":{"rendered":"http:\/\/infois.ro\/?p=61025"},"modified":"2022-03-15T09:38:23","modified_gmt":"2022-03-15T07:38:23","slug":"o-noua-sesiune-de-inscriere-a-studentilor-uaic-in-cadrul-proiectului-de-formare-juridica-si-antreprenoriala-ius-smart","status":"publish","type":"post","link":"https:\/\/infois.ro\/?p=61025","title":{"rendered":"O nou\u0103 sesiune de \u00eenscriere a studen\u021bilor UAIC \u00een cadrul proiectului de formare juridic\u0103 \u0219i antreprenorial\u0103 IUS SMART"},"content":{"rendered":"<p><a href=\"http:\/\/infois.ro\/wp-content\/uploads\/2022\/03\/ius.jpg\"><img loading=\"lazy\" decoding=\"async\" class=\"alignleft  wp-image-61026\" src=\"http:\/\/infois.ro\/wp-content\/uploads\/2022\/03\/ius.jpg\" alt=\"\" width=\"385\" height=\"543\" srcset=\"https:\/\/infois.ro\/wp-content\/uploads\/2022\/03\/ius.jpg 640w, https:\/\/infois.ro\/wp-content\/uploads\/2022\/03\/ius-213x300.jpg 213w\" sizes=\"(max-width: 385px) 100vw, 385px\" \/><\/a><\/p>\n<p style=\"text-align: justify;\">Universitatea \u00a0\u201eAlexandru Ioan Cuza\u201d din Ia\u0219i (UAIC) Organizeaz\u0103 \u00een perioada 14 -18 martie o nou\u0103 sesiune de \u00eenscriere a studen\u021bilor \u00een cadrul proiectului \u201eEduca\u021bia juridic\u0103 \u0219i antreprenorial\u0103 \u2013 cheia succesului \u00een afaceri! (IUS SMART)\u201d, POCU\/829\/6\/13\/140103. Proiectul IUS SMART, cofinan\u0163at din Fondul Social European prin Programul Opera\u021bional Capital Uman 2014-2020, urm\u0103re\u0219te dezvoltarea competen\u021belor juridice \u0219i antreprenoriale pentru 350 de studen\u021bi \u00een vederea \u00eenfiin\u021b\u0103rii de afaceri, prin furnizarea unui program de formare \u0219i organizarea unui concurs de planuri de afaceri.<\/p>\n<p style=\"text-align: justify;\">\n<p style=\"text-align: justify;\">Potrivit reprezentan\u021bilor UAIC, \u00een cadrul acestui proiect se pot \u00eenscrie studen\u021bii \u00eenmatricula\u021bi \u00een cadrul Universit\u0103\u021bii \u201eAlexandru Ioan Cuza\u201d din Ia\u0219i la studii de licen\u021b\u0103 (cel pu\u021bin \u00een anul 2 de studii pentru specializ\u0103rile la care durata studiilor este de 3 ani, respectiv cel pu\u021bin \u00een anul 3 pentru specializ\u0103rile la care durata studiilor este de 4 ani), la master sau doctorat, indiferent de facultate \u0219i forma de \u00eenv\u0103\u021b\u0103m\u00e2nt (cu frecven\u021b\u0103, frecven\u021b\u0103 redus\u0103 sau \u00eenv\u0103\u021b\u0103m\u00e2nt la distan\u021b\u0103), care au domiciliul\/re\u0219edin\u021ba \u00een regiunea Nord-Est a Rom\u00e2niei (Bac\u0103u, Boto\u0219ani, Ia\u0219i, Neam\u021b, Suceava sau Vaslui). Dup\u0103 finalizarea procesului de \u00eenscriere \u0219i selec\u021bie, studen\u021bii vor parcurge un program de formare \u00een domeniul competen\u021belor antreprenoriale \u0219i juridice, autorizat la Autoritatea Na\u021bional\u0103 pentru Calific\u0103ri (ANC), ceea ce le ofer\u0103 posibilitatea de a ob\u021bine\u00a0 un certificat de absolvire recunoscut de Ministerul Educa\u021biei \u0219i de Ministerul Muncii \u0219i Solidarit\u0103\u021bii Sociale. Acest program are drept scop dezvoltarea abilit\u0103\u021bii studen\u021bilor beneficiari de a materializa idei de afaceri \u0219i de a asigura oportunit\u0103\u021bi sporite pentru participarea activ\u0103 \u0219i cre\u0219terea adaptabilit\u0103\u021bii pe o pia\u021b\u0103 a muncii flexibil\u0103 \u0219i inclusiv\u0103.<\/p>\n<p style=\"text-align: justify;\">\n<p style=\"text-align: justify;\">Cu o durat\u0103 de minimum 40 de ore (8 module a c\u00e2te 5 ore fiecare), programul de formare va con\u021bine o parte teoretic\u0103, \u00een care vor fi furnizate cuno\u0219tin\u021be cu privire la demararea unei afaceri, dar \u0219i o parte practic\u0103, compus\u0103 din diverse aplica\u021bii, care va avea drept finalitate crearea unui plan de afaceri. Cursurile se vor desf\u0103\u0219ura dup\u0103 finalizarea procesului de \u00eenscriere \u0219i selec\u021bie, \u00een regim online.<\/p>\n<p style=\"text-align: justify;\">Temele abordate \u00een cadrul programului de formare sunt: Bazele teoretice ale antreprenoriatului, Strategii de afaceri, Planificarea afacerii, Dreptul noilor tehnologii, Reguli generale privind \u00eencheierea actelor juridice \u00een activitatea de antreprenoriat, Constituirea \u0219i func\u021bionarea profesionistului persoan\u0103 juridic\u0103, Gestiunea economico-financiar\u0103 a \u00eentreprinderii, Contracte \u00een activitatea antreprenorilor.<\/p>\n<p style=\"text-align: justify;\">\n<p style=\"text-align: justify;\">Dup\u0103 parcurgerea programului de formare, absolven\u021bii vor avea oportunitatea de a participa la un concurs de planuri de afaceri, \u00een urma c\u0103ruia cele mai bune 21 de planuri de afaceri vor primi finan\u021bare nerambursabil\u0103 cuprins\u0103 \u00eentre 40.000 \u0219i 100.000 de euro, \u00een func\u021bie de num\u0103rul de locuri de munc\u0103 create de firmele nou \u00eenfiin\u021bate. Planurile de afaceri vor putea fi elaborate \u0219i depuse individual sau \u00een echip\u0103 de mai mul\u021bi membri ai grupului \u021bint\u0103, absolven\u021bi ai cursurilor de formare.<\/p>\n<p style=\"text-align: justify;\">\u00censcrierile \u00een proiectul IUS SMART se fac prin depunerea dosarului de candidatur\u0103 \u00een format electronic, prin intermediul platformei on-line a proiectului, disponibil\u0103 la adresa <a href=\"http:\/\/www.ius-smart.uaic.ro\/\">www.ius-smart.uaic.ro<\/a>, pe e-mail la adresa inscrieri-ius-smart@uaic.ro sau \u00een format fizic, la sediul Biroului Proiecte de Dezvoltare al Universit\u0103\u021bii \u201eAlexandru Ioan Cuza\u201d din Ia\u0219i (strada Lasc\u0103r Catargi nr. 54, parter), de luni p\u00e2n\u0103 vineri, \u00een intervalul orar 8.00-16.00.\u00cen cazul \u00eenscrierilor \u00een format electronic, documentele \u00eenc\u0103rcate pe platform\u0103 vor fi semnate de c\u0103tre candidat, urm\u00e2nd ca p\u00e2n\u0103 la data particip\u0103rii la prima activitate de formare din cadrul proiectului s\u0103 fie depuse \u0219i \u00een format fizic (semnate olograf), la sediul Biroului Proiecte de Dezvoltare. Informa\u021bii complete despre condi\u021biile de eligibilitate, con\u021binutul dosarului de candidatur\u0103, modalit\u0103\u021bile de \u00eenscriere \u0219i criteriile de selec\u021bie a grupului \u021bint\u0103 sunt disponibile pe site-ul <a href=\"http:\/\/www.ius-smart.uaic.ro\/\">www.ius-smart.uaic.ro<\/a>.<\/p>\n","protected":false},"excerpt":{"rendered":"<p>Universitatea \u00a0\u201eAlexandru Ioan Cuza\u201d din Ia\u0219i (UAIC) Organizeaz\u0103 \u00een perioada 14 -18 martie o nou\u0103&#8230; <a class=\"meta-more\" href=\"https:\/\/infois.ro\/?p=61025\">more <span class=\"meta-nav\">&raquo;<\/span><\/a><\/p>\n","protected":false},"author":2,"featured_media":61026,"comment_status":"closed","ping_status":"closed","sticky":false,"template":"","format":"standard","meta":{"footnotes":""},"categories":[12,41],"tags":[74,2195,40,3112,5344,6648],"aioseo_notices":[],"_links":{"self":[{"href":"https:\/\/infois.ro\/index.php?rest_route=\/wp\/v2\/posts\/61025"}],"collection":[{"href":"https:\/\/infois.ro\/index.php?rest_route=\/wp\/v2\/posts"}],"about":[{"href":"https:\/\/infois.ro\/index.php?rest_route=\/wp\/v2\/types\/post"}],"author":[{"embeddable":true,"href":"https:\/\/infois.ro\/index.php?rest_route=\/wp\/v2\/users\/2"}],"replies":[{"embeddable":true,"href":"https:\/\/infois.ro\/index.php?rest_route=%2Fwp%2Fv2%2Fcomments&post=61025"}],"version-history":[{"count":1,"href":"https:\/\/infois.ro\/index.php?rest_route=\/wp\/v2\/posts\/61025\/revisions"}],"predecessor-version":[{"id":61027,"href":"https:\/\/infois.ro\/index.php?rest_route=\/wp\/v2\/posts\/61025\/revisions\/61027"}],"wp:featuredmedia":[{"embeddable":true,"href":"https:\/\/infois.ro\/index.php?rest_route=\/wp\/v2\/media\/61026"}],"wp:attachment":[{"href":"https:\/\/infois.ro\/index.php?rest_route=%2Fwp%2Fv2%2Fmedia&parent=61025"}],"wp:term":[{"taxonomy":"category","embeddable":true,"href":"https:\/\/infois.ro\/index.php?rest_route=%2Fwp%2Fv2%2Fcategories&post=61025"},{"taxonomy":"post_tag","embeddable":true,"href":"https:\/\/infois.ro\/index.php?rest_route=%2Fwp%2Fv2%2Ftags&post=61025"}],"curies":[{"name":"wp","href":"https:\/\/api.w.org\/{rel}","templated":true}]}}