{"id":61711,"date":"2022-04-13T15:54:04","date_gmt":"2022-04-13T12:54:04","guid":{"rendered":"http:\/\/infois.ro\/?p=61711"},"modified":"2022-04-13T15:54:40","modified_gmt":"2022-04-13T12:54:40","slug":"blue-air-anunta-deschiderea-unei-baze-la-iasi-si-introducerea-de-noi-zboruri-incepand-din-vara","status":"publish","type":"post","link":"https:\/\/infois.ro\/?p=61711","title":{"rendered":"Blue Air anun\u021b\u0103 deschiderea unei baze la Ia\u0219i \u0219i introducerea de noi zboruri \u00eencep\u00e2nd din var\u0103"},"content":{"rendered":"<p><a href=\"http:\/\/infois.ro\/wp-content\/uploads\/2022\/04\/blue-air2.jpg\"><img loading=\"lazy\" decoding=\"async\" class=\"alignleft wp-image-61712\" src=\"http:\/\/infois.ro\/wp-content\/uploads\/2022\/04\/blue-air2.jpg\" alt=\"\" width=\"391\" height=\"234\" srcset=\"https:\/\/infois.ro\/wp-content\/uploads\/2022\/04\/blue-air2.jpg 640w, https:\/\/infois.ro\/wp-content\/uploads\/2022\/04\/blue-air2-300x180.jpg 300w\" sizes=\"(max-width: 391px) 100vw, 391px\" \/><\/a><\/p>\n<p style=\"text-align: justify;\">Blue Air, cea mai mare companie aerian\u0103 ultra low-cost din Rom\u00e2nia, a anun\u021bat miercuri, 13 aprilie, deschiderea celei de-a patra baze din Rom\u00e2nia, la Ia\u0219i, cu dou\u0103 aeronave noi \u0219i introducerea a 11 noi rute ce leag\u0103 Rom\u00e2nia de Europa. Noua baz\u0103 Blue Air de la Ia\u0219i reprezint\u0103 angajamentul companiei fa\u021b\u0103 de regiunea Moldova \u0219i fat\u0103 de Ia\u0219i, \u00een special, \u0219i demonstreaz\u0103 \u00een continuare capacitatea Blue Air de a reconstrui rapid industria c\u0103l\u0103toriilor din Rom\u00e2nia. Blue Air va opera p\u00e2n\u0103 la 46 de zboruri s\u0103pt\u0103m\u00e2nale c\u0103tre 13 destina\u021bii. Tarife accesibile, aeronave noi, aeroporturi centrale convenabile, cea mai bun\u0103 experien\u021b\u0103 de c\u0103l\u0103torie din segmentul ULCC \u0219i performan\u021bele de retailing digital \u0219i mobil se num\u0103r\u0103 printre atributele cheie care pozi\u021bioneaz\u0103 Blue Air \u00een topul preferin\u021belor c\u0103l\u0103torilor.<\/p>\n<p style=\"text-align: justify;\"><a href=\"http:\/\/infois.ro\/wp-content\/uploads\/2022\/04\/blue-air1.jpg\"><img loading=\"lazy\" decoding=\"async\" class=\"wp-image-61713 alignright\" src=\"http:\/\/infois.ro\/wp-content\/uploads\/2022\/04\/blue-air1.jpg\" alt=\"\" width=\"391\" height=\"260\" srcset=\"https:\/\/infois.ro\/wp-content\/uploads\/2022\/04\/blue-air1.jpg 640w, https:\/\/infois.ro\/wp-content\/uploads\/2022\/04\/blue-air1-300x200.jpg 300w\" sizes=\"(max-width: 391px) 100vw, 391px\" \/><\/a><\/p>\n<p style=\"text-align: justify;\">Pentru a s\u0103rb\u0103tori deschiderea noii baze din Ia\u0219i, Blue Air lanseaz\u0103 campania Cumperi 1 bilet, Primesti 1 GRATUIT, valabil\u0103 doar ast\u0103zi pentru toate rezerv\u0103rile de minimum 2 pasageri, pentru c\u0103l\u0103torii \u00een perioada 3 mai &#8211; 10 iulie 2022. Oferta este disponibil\u0103 pe aplica\u021bia mobil\u0103 Blue Air \u0219i pe website.<\/p>\n<p style=\"text-align: justify;\">NOI RUTE DIN IA\u0218I \u00ceN VARA \u201822<\/p>\n<p style=\"text-align: justify;\">Bruxelles (Zaventem)<\/p>\n<p style=\"text-align: justify;\">Barcelona<\/p>\n<p style=\"text-align: justify;\">Paris (Charles de Gaulle)<\/p>\n<p style=\"text-align: justify;\">Dublin<\/p>\n<p style=\"text-align: justify;\">Londra (Luton)<\/p>\n<p style=\"text-align: justify;\">Dusseldorf<\/p>\n<p style=\"text-align: justify;\">Munchen<\/p>\n<p style=\"text-align: justify;\">Roma<\/p>\n<p style=\"text-align: justify;\">Heraklion<\/p>\n<p style=\"text-align: justify;\">Mykonos<\/p>\n<p style=\"text-align: justify;\">Zakynthos<\/p>\n<p><a href=\"http:\/\/infois.ro\/wp-content\/uploads\/2022\/04\/blue-air4.jpg\"><img loading=\"lazy\" decoding=\"async\" class=\"alignleft  wp-image-61714\" src=\"http:\/\/infois.ro\/wp-content\/uploads\/2022\/04\/blue-air4.jpg\" alt=\"\" width=\"391\" height=\"226\" srcset=\"https:\/\/infois.ro\/wp-content\/uploads\/2022\/04\/blue-air4.jpg 640w, https:\/\/infois.ro\/wp-content\/uploads\/2022\/04\/blue-air4-300x173.jpg 300w, https:\/\/infois.ro\/wp-content\/uploads\/2022\/04\/blue-air4-139x80.jpg 139w, https:\/\/infois.ro\/wp-content\/uploads\/2022\/04\/blue-air4-140x80.jpg 140w\" sizes=\"(max-width: 391px) 100vw, 391px\" \/><\/a><\/p>\n<p style=\"text-align: justify;\">Krassimir Tanev, Director Comercial Blue Air: \u201eSuntem \u00eenc\u00e2nta\u021bi s\u0103 anun\u021b\u0103m deschiderea noii noastre baze din Ia\u0219i, care va oferi o conectivitate sporit\u0103 prin cele dou\u0103 aeronave pozi\u021bionate la Ia\u0219i, 46 de zboruri s\u0103pt\u0103m\u00e2nale \u0219i 11 rute noi, leg\u00e2nd IA\u0218Iul cu destina\u021bii cheie, precum Londra, Paris, Dublin, Barcelona, Dusseldorf, Bruxelles pe tot parcursul anului. Blue Air se angajeaz\u0103 s\u0103-\u0219i consolideze \u00een continuare pozi\u021bia \u00een Ia\u0219i prin extinderea re\u021belei sale la 25 de destina\u021bii \u0219i prin pozitionarea a patru aeronave Boeing 737-MAX-8 \u00een Vara 2023. Pentru a s\u0103rb\u0103tori, desf\u0103\u0219ur\u0103m ast\u0103zi campania Cumperi un bilet \u0219i prime\u0219ti unul gratuit, valabil\u0103 pentru minimum dou\u0103 persoane care c\u0103l\u0103toresc spre\/din Ia\u0219i\u201d.<\/p>\n<p style=\"text-align: justify;\"><a href=\"http:\/\/infois.ro\/wp-content\/uploads\/2022\/04\/blue-air3.jpg\"><img loading=\"lazy\" decoding=\"async\" class=\"wp-image-61715 alignright\" src=\"http:\/\/infois.ro\/wp-content\/uploads\/2022\/04\/blue-air3.jpg\" alt=\"\" width=\"391\" height=\"260\" srcset=\"https:\/\/infois.ro\/wp-content\/uploads\/2022\/04\/blue-air3.jpg 640w, https:\/\/infois.ro\/wp-content\/uploads\/2022\/04\/blue-air3-300x200.jpg 300w\" sizes=\"(max-width: 391px) 100vw, 391px\" \/><\/a><\/p>\n<p style=\"text-align: justify;\">Romeo Vatr\u0103, Director General R.A. Aeroportul Ia\u0219i: \u201eSuntem extrem de \u00eenc\u00e2nta\u021bi de planurile Blue Air pentru Ia\u0219i. Vom inaugura baza aerian\u0103 \u00een aceast\u0103 var\u0103, vom c\u0103l\u0103tori spre noi destina\u021bii, iar de anul viitor vom reg\u0103si \u00een re\u021beaua de rute \u0219i mai multe zboruri operate de Blue Air. Suntem siguri c\u0103 noile rute vor fi bine primite de pasagerii no\u0219tri, multe dintre ele fiind foarte solicitate. Aeroportul Ia\u0219i este al doilea aeroport regional din \u021bar\u0103, ca num\u0103r anual de pasageri, \u0219i fiecare companie partener\u0103 care investe\u0219te la Ia\u0219i contribuie direct la cre\u0219terea traficului. Odat\u0103 cu lansarea noilor destina\u021bii Blue Air \u0219i conectarea regiunii cu hub-uri aeriene \u0219i centre importante \u00een toat\u0103 Europa \u0219i nu numai, avem certitudinea c\u0103 ne vom men\u021bine pe un trend ascendent \u00een ceea ce prive\u0219te mobilitatea pe Aeroportul Ia\u0219i. Am \u00eencheiat luna martie cu un num\u0103r de 120.000 de c\u0103l\u0103tori, o cifr\u0103 mai mare chiar dec\u00e2t cea \u00eenregistrat\u0103 \u00eenainte de pandemie, \u00een primul trimestru al acestui an am \u00eenregistrat 220.000 de c\u0103l\u0103tori, iar cu aportul Blue Air vom putea dep\u0103\u0219i 1 milion de pasageri p\u00e2n\u0103 la finalul anului 2022. Cre\u0219terea bazei Blue Air \u00een 2023 se va realiza concomitent cu extinderea infrastructurii aeroportuare, c\u00e2nd vom beneficia de capacitate dubl\u0103 de operare prin noul Terminal T4 \u0219i vom deveni mai atractivi pentru companii \u0219i c\u0103l\u0103tori. Blue Air este partenerul nostru tradi\u021bional, iar colaborarea noastr\u0103 se bazeaz\u0103 pe \u00eencredere. Mul\u021bumesc \u00eenc\u0103 o dat\u0103 conducerii Blue Air pentru sus\u021binerea dezvolt\u0103rii Aeroportului Ia\u0219i, din partea noastr\u0103 exist\u00e2nd toat\u0103 deschiderea pentru o colaborare c\u00e2t mai bun\u0103 \u0219i de lung\u0103 durat\u0103.\u201d<\/p>\n<p style=\"text-align: justify;\">Costel Alexe, Pre\u0219edinte Consiliul Jude\u021bean Ia\u0219i: \u201eDup\u0103 ob\u021binerea finan\u0163\u0103rii europene pentru dezvoltarea Aeroportului Interna\u0163ional Ia\u015fi, care va asigura implementarea proiectului de extindere a aeroportului \u0219i construirea terminalului T4, cea mai bun\u0103 veste este cre\u0219terea \u0219i diversificarea num\u0103rului de curse pe aeroportul Ia\u0219i. Pe l\u00e2ng\u0103 investi\u021biile \u00een dezvoltarea infrastructurii aeroportuare este foarte important\u0103 \u00eens\u0103 \u0219i rela\u021bia cu partenerii, cu operatorii aerieni. M\u0103 bucur c\u0103 Blue Air a revenit la Ia\u0219i, c\u0103 putem avea o colaborare foarte bun\u0103 pentru ca ie\u0219enii \u0219i moldovenii s\u0103 fie conecta\u021bi cu importante capitale \u0219i metropole europene. Aeroportul este un pilon principal pentru a ne asigura c\u0103 avem conexiune cu Europa \u0219i c\u0103 putem sus\u021bine mobilitatea poten\u021bialilor investitori, a oamenilor de afaceri care vor s\u0103 investeasc\u0103 \u00een Ia\u0219i \u0219i a turi\u0219tilor\u201d.<\/p>\n<p style=\"text-align: justify;\">\n","protected":false},"excerpt":{"rendered":"<p>Blue Air, cea mai mare companie aerian\u0103 ultra low-cost din Rom\u00e2nia, a anun\u021bat miercuri, 13&#8230; <a class=\"meta-more\" href=\"https:\/\/infois.ro\/?p=61711\">more <span class=\"meta-nav\">&raquo;<\/span><\/a><\/p>\n","protected":false},"author":2,"featured_media":61712,"comment_status":"closed","ping_status":"closed","sticky":false,"template":"","format":"standard","meta":{"footnotes":""},"categories":[6,41],"tags":[74,465,2918,3515,40],"aioseo_notices":[],"_links":{"self":[{"href":"https:\/\/infois.ro\/index.php?rest_route=\/wp\/v2\/posts\/61711"}],"collection":[{"href":"https:\/\/infois.ro\/index.php?rest_route=\/wp\/v2\/posts"}],"about":[{"href":"https:\/\/infois.ro\/index.php?rest_route=\/wp\/v2\/types\/post"}],"author":[{"embeddable":true,"href":"https:\/\/infois.ro\/index.php?rest_route=\/wp\/v2\/users\/2"}],"replies":[{"embeddable":true,"href":"https:\/\/infois.ro\/index.php?rest_route=%2Fwp%2Fv2%2Fcomments&post=61711"}],"version-history":[{"count":2,"href":"https:\/\/infois.ro\/index.php?rest_route=\/wp\/v2\/posts\/61711\/revisions"}],"predecessor-version":[{"id":61717,"href":"https:\/\/infois.ro\/index.php?rest_route=\/wp\/v2\/posts\/61711\/revisions\/61717"}],"wp:featuredmedia":[{"embeddable":true,"href":"https:\/\/infois.ro\/index.php?rest_route=\/wp\/v2\/media\/61712"}],"wp:attachment":[{"href":"https:\/\/infois.ro\/index.php?rest_route=%2Fwp%2Fv2%2Fmedia&parent=61711"}],"wp:term":[{"taxonomy":"category","embeddable":true,"href":"https:\/\/infois.ro\/index.php?rest_route=%2Fwp%2Fv2%2Fcategories&post=61711"},{"taxonomy":"post_tag","embeddable":true,"href":"https:\/\/infois.ro\/index.php?rest_route=%2Fwp%2Fv2%2Ftags&post=61711"}],"curies":[{"name":"wp","href":"https:\/\/api.w.org\/{rel}","templated":true}]}}