{"id":6271,"date":"2013-06-28T10:14:19","date_gmt":"2013-06-28T07:14:19","guid":{"rendered":"http:\/\/infois.ro\/?p=6271"},"modified":"2013-06-28T10:14:19","modified_gmt":"2013-06-28T07:14:19","slug":"o-noua-comisie-in-cadrul-consiliului-de-dezvoltare-economica-si-sociala-a-judetului-iasi","status":"publish","type":"post","link":"https:\/\/infois.ro\/?p=6271","title":{"rendered":"O nou\u0103 comisie \u00een cadrul Consiliului de Dezvoltare Economic\u0103 \u0219i Social\u0103 a jude\u021bului Ia\u0219i"},"content":{"rendered":"<p style=\"text-align: justify;\"><a class=\"highslide\" onclick=\"return vz.expand(this)\" href=\"http:\/\/infois.ro\/wp-content\/uploads\/2013\/06\/comisia-de-constructii.jpg\"><img loading=\"lazy\" decoding=\"async\" class=\"alignleft size-large wp-image-6272\" title=\"comisia de constructii\" src=\"http:\/\/infois.ro\/wp-content\/uploads\/cache\/2013\/06\/comisia-de-constructii\/642266755.jpg\" alt=\"\" width=\"600\" height=\"450\" \/><\/a><\/p>\n<p style=\"text-align: justify;\">Ca urmare a solicit\u0103rilor venite din partea oamenilor de afaceri ce activeaz\u0103 \u00een domeniul construc\u0163iilor, \u00een cadrul Consiliului de Dezvoltare Economic\u0103 \u015fi Social\u0103 a jude\u0163ului Ia\u015fi (CDES) va fi \u00eenfiin\u0163at\u0103\u00a0o &#8220;Comisie pentru construc\u0163ii&#8221;. Scopul acesteia este dezvoltarea unui parteneriat eficient \u00eentre firmele, institutele de cercetare, institu\u0163iile de \u00eenv\u0103\u0163\u0103m\u00e2nt care activeaz\u0103 \u00een domeniul construc\u0163iilor, \u00een vederea asigur\u0103rii transferului de know-how, crearea \u015fi dezvoltarea de clustere. \u015eedin\u0163a de constituire a &#8220;Comisiei pentru construc\u0163ii&#8221; va avea loc vineri, 28 iunie, ora 10, \u00een Sala de Consiliu a Institutului Na\u0163ional de Cercetare-Dezvoltare \u00een Construc\u0163ii, Urbanism \u015fi Dezvoltare Teriotorial\u0103 Durabil\u0103 &#8220;URBAN-INCERC&#8221; &#8211; filiala Ia\u015fi, situate \u00een strada prof. Anton \u015eesan nr. 37. La \u00eent\u00e2lnire sunt invita\u0163i s\u0103 participe oameni de afaceri, parlamentari ie\u015feni, reprezentan\u0163i ai Camerei de Comer\u0163 \u015fi Industrie Ia\u015fi, ai Facult\u0103\u0163ii de Construc\u0163ii, ai institutelor de cercetare, ai Prim\u0103riei Municipiului Ia\u015fi \u015fi ai Consiliului Jude\u0163ean Ia\u015fi. Pe ordinea de zi a \u00eent\u00e2lnirii au fost incluse urm\u0103toarele subiecte: prezentarea cercet\u0103rii ie\u015fene desf\u0103\u015furat\u0103 de aproape \u015fase decenii de INCERC \u00een domenii prioritate: siguran\u0163a la seism \u015fi ac\u0163iuni climatice, fizica \u015fi energetica \u00een domeniul construc\u0163iilor, constituirea &#8220;Comisiei pentru construc\u0163ii&#8221; din cadrul CDES, c\u0103i \u015fi solu\u0163ii de dezvoltare a rela\u0163iei \u00eenv\u0103\u0163\u0103m\u00e2nt superior &#8211; cercetare &#8211; companii &#8211; autorit\u0103\u0163i locale \u015fi valorificarea optim\u0103 a competen\u0163elor \u015ftiin\u0163ifice \u00een dezvoltarea ie\u015fean\u0103 \u015fi cea regional\u0103. Promovarea cercet\u0103rii \u015fi valorificarea infrastructurii de cercetare, asocierea componentelor esen\u0163iale domeniului construc\u0163iilor, \u00eenv\u0103\u0163\u0103m\u00e2nt, cercetare, proiectare, produc\u0163ie-execu\u0163ie \u00een beneficiul societ\u0103\u0163ii ie\u015fene \u015fi a regiunii de Nord Est \u015fi \u00een scopul atragerii de fonduri europene. \u201dConsiliul de Dezvoltare Economic\u0103 \u015fi Social\u0103 a jude\u0163ului Ia\u015fi este un parteneriat interinstitu\u0163ional care ofer\u0103 un cadru consultativ stabil cu scopul sus\u0163inerii colabor\u0103rii \u00eentre mediul institu\u0163ional \u015fi cel de afaceri, cu sprijinul mediului universitar \u015fi al societ\u0103\u0163ii civile, \u00een vederea transform\u0103rii jude\u0163ului \u00eentr-un pol de dezvoltare atractiv. \u00cen acest sens, \u00een cadrul CDES func\u0163ioneaz\u0103 mai multe comisii de specialitate prin intermediul c\u0103rora se realizeaz\u0103 transferul eficient al problemelor, solu\u0163iilor, propunerilor, etc. at\u00e2t dinspre administra\u0163ie c\u0103tre mediul privat, c\u00e2t mai ales dinspre mediul privat \u00eenspre administra\u0163ie\u201d, a declarat Felix Guzg\u0103, purt\u0103torul de cuv\u00e2nt al Institu\u021biei Prefectului Jude\u021bului Ia\u0219i.<\/p>\n<p style=\"text-align: justify;\">\n","protected":false},"excerpt":{"rendered":"<p>Ca urmare a solicit\u0103rilor venite din partea oamenilor de afaceri ce activeaz\u0103 \u00een domeniul construc\u0163iilor,&#8230; <a class=\"meta-more\" href=\"https:\/\/infois.ro\/?p=6271\">more <span class=\"meta-nav\">&raquo;<\/span><\/a><\/p>\n","protected":false},"author":2,"featured_media":6272,"comment_status":"open","ping_status":"closed","sticky":false,"template":"","format":"standard","meta":{"footnotes":""},"categories":[1],"tags":[2646,138,40,446],"aioseo_notices":[],"_links":{"self":[{"href":"https:\/\/infois.ro\/index.php?rest_route=\/wp\/v2\/posts\/6271"}],"collection":[{"href":"https:\/\/infois.ro\/index.php?rest_route=\/wp\/v2\/posts"}],"about":[{"href":"https:\/\/infois.ro\/index.php?rest_route=\/wp\/v2\/types\/post"}],"author":[{"embeddable":true,"href":"https:\/\/infois.ro\/index.php?rest_route=\/wp\/v2\/users\/2"}],"replies":[{"embeddable":true,"href":"https:\/\/infois.ro\/index.php?rest_route=%2Fwp%2Fv2%2Fcomments&post=6271"}],"version-history":[{"count":1,"href":"https:\/\/infois.ro\/index.php?rest_route=\/wp\/v2\/posts\/6271\/revisions"}],"predecessor-version":[{"id":6273,"href":"https:\/\/infois.ro\/index.php?rest_route=\/wp\/v2\/posts\/6271\/revisions\/6273"}],"wp:featuredmedia":[{"embeddable":true,"href":"https:\/\/infois.ro\/index.php?rest_route=\/wp\/v2\/media\/6272"}],"wp:attachment":[{"href":"https:\/\/infois.ro\/index.php?rest_route=%2Fwp%2Fv2%2Fmedia&parent=6271"}],"wp:term":[{"taxonomy":"category","embeddable":true,"href":"https:\/\/infois.ro\/index.php?rest_route=%2Fwp%2Fv2%2Fcategories&post=6271"},{"taxonomy":"post_tag","embeddable":true,"href":"https:\/\/infois.ro\/index.php?rest_route=%2Fwp%2Fv2%2Ftags&post=6271"}],"curies":[{"name":"wp","href":"https:\/\/api.w.org\/{rel}","templated":true}]}}