{"id":63576,"date":"2022-06-27T17:39:41","date_gmt":"2022-06-27T14:39:41","guid":{"rendered":"http:\/\/infois.ro\/?p=63576"},"modified":"2022-06-28T09:41:29","modified_gmt":"2022-06-28T06:41:29","slug":"activitati-in-cadrul-scolii-de-vara-pentru-dezvoltare-personala-la-colegiul-pedagogic-vasile-lupu","status":"publish","type":"post","link":"https:\/\/infois.ro\/?p=63576","title":{"rendered":"Activit\u0103\u021bi \u00een cadrul \u0218colii de var\u0103 pentru dezvoltare personal\u0103, la Colegiul Pedagogic \u201eVasile Lupu\u201d"},"content":{"rendered":"<p><a href=\"http:\/\/infois.ro\/wp-content\/uploads\/2022\/06\/summer-team.jpg\"><img loading=\"lazy\" decoding=\"async\" class=\"alignleft  wp-image-63577\" src=\"http:\/\/infois.ro\/wp-content\/uploads\/2022\/06\/summer-team.jpg\" alt=\"\" width=\"371\" height=\"525\" srcset=\"https:\/\/infois.ro\/wp-content\/uploads\/2022\/06\/summer-team.jpg 640w, https:\/\/infois.ro\/wp-content\/uploads\/2022\/06\/summer-team-212x300.jpg 212w\" sizes=\"(max-width: 371px) 100vw, 371px\" \/><\/a><\/p>\n<p style=\"text-align: justify;\">Colegiul Pedagogic \u201eVasile Lupu\u201d din Ia\u0219i ofer\u0103 liceenilor \u0219colii posibilitatea s\u0103 participe GRATUIT, pentru o s\u0103pt\u0103m\u00e2n\u0103 (27 iunie-2 iulie 2022), la diverse activit\u0103\u021bile \u00een cadrul \u0218colii de Var\u0103 pentru Dezvoltare Personal\u0103, <strong>Summer Team<\/strong>.<\/p>\n<p style=\"text-align: justify;\">\u201eConducerea \u0219colii, \u00eempreun\u0103 cu profesorii din echipa de proiect, au organizat aceast\u0103\u00a0 \u0218coal\u0103 de Var\u0103 pentru Dezvoltare Personal\u0103 cu scopul de a\u00a0 oferi unui grup de aproximativ 30 de elevi liceeni de la Colegiul Pedagogic \u201eV. Lupu\u201d din Ia\u0219i alternative de petrecere a timpului liber \u0219i oportunit\u0103\u021bi, prin workshop-urile \u0219i dezbaterile propuse, de \u00eembun\u0103t\u0103\u021bire a abilit\u0103\u021bile de comunicare, de interrela\u021bionare, de gestionare a emo\u021biilor \u0219i nu \u00een ultimul r\u00e2nd de cunoa\u0219tere a comunit\u0103\u021bii ie\u0219ene, prin vizitele la muzeele \u0219i obiectivele culturale din Ia\u0219i\u201d, precizeaz\u0103 reprezentan\u021bii institu\u021biei \u00eentr-un comunicat. .<\/p>\n<p style=\"text-align: justify;\"><strong>Summer Team<\/strong> este un proiect inovator, cu program complex, \u00een care participan\u021bii vor fi implica\u0163i \u00een activit\u0103\u0163i de petrecere a timpului liber, menite s\u0103 le stimuleze creativitatea \u0219i s\u0103 le dezvolte universul cunoa\u0219terii cognitive \u0219i emo\u021bionale.<\/p>\n<p style=\"text-align: justify;\"><strong>\u00a0\u00a0\u00a0\u00a0\u00a0\u00a0\u00a0\u00a0\u00a0\u00a0\u00a0 <\/strong><\/p>\n","protected":false},"excerpt":{"rendered":"<p>Colegiul Pedagogic \u201eVasile Lupu\u201d din Ia\u0219i ofer\u0103 liceenilor \u0219colii posibilitatea s\u0103 participe GRATUIT, pentru o&#8230; <a class=\"meta-more\" href=\"https:\/\/infois.ro\/?p=63576\">more <span class=\"meta-nav\">&raquo;<\/span><\/a><\/p>\n","protected":false},"author":2,"featured_media":63577,"comment_status":"closed","ping_status":"closed","sticky":false,"template":"","format":"standard","meta":{"footnotes":""},"categories":[12,41],"tags":[74,8890,40,3112,15499],"aioseo_notices":[],"_links":{"self":[{"href":"https:\/\/infois.ro\/index.php?rest_route=\/wp\/v2\/posts\/63576"}],"collection":[{"href":"https:\/\/infois.ro\/index.php?rest_route=\/wp\/v2\/posts"}],"about":[{"href":"https:\/\/infois.ro\/index.php?rest_route=\/wp\/v2\/types\/post"}],"author":[{"embeddable":true,"href":"https:\/\/infois.ro\/index.php?rest_route=\/wp\/v2\/users\/2"}],"replies":[{"embeddable":true,"href":"https:\/\/infois.ro\/index.php?rest_route=%2Fwp%2Fv2%2Fcomments&post=63576"}],"version-history":[{"count":1,"href":"https:\/\/infois.ro\/index.php?rest_route=\/wp\/v2\/posts\/63576\/revisions"}],"predecessor-version":[{"id":63578,"href":"https:\/\/infois.ro\/index.php?rest_route=\/wp\/v2\/posts\/63576\/revisions\/63578"}],"wp:featuredmedia":[{"embeddable":true,"href":"https:\/\/infois.ro\/index.php?rest_route=\/wp\/v2\/media\/63577"}],"wp:attachment":[{"href":"https:\/\/infois.ro\/index.php?rest_route=%2Fwp%2Fv2%2Fmedia&parent=63576"}],"wp:term":[{"taxonomy":"category","embeddable":true,"href":"https:\/\/infois.ro\/index.php?rest_route=%2Fwp%2Fv2%2Fcategories&post=63576"},{"taxonomy":"post_tag","embeddable":true,"href":"https:\/\/infois.ro\/index.php?rest_route=%2Fwp%2Fv2%2Ftags&post=63576"}],"curies":[{"name":"wp","href":"https:\/\/api.w.org\/{rel}","templated":true}]}}