{"id":63768,"date":"2022-07-06T18:22:29","date_gmt":"2022-07-06T15:22:29","guid":{"rendered":"http:\/\/infois.ro\/?p=63768"},"modified":"2022-07-06T18:22:29","modified_gmt":"2022-07-06T15:22:29","slug":"viata-de-student-experimentata-la-universitatea-tehnica-de-elevii-de-liceu-in-cadrul-scolilor-de-vara","status":"publish","type":"post","link":"https:\/\/infois.ro\/?p=63768","title":{"rendered":"Via\u021ba de student, experimentat\u0103 la Universitatea Tehnic\u0103 de elevii de liceu \u00een cadrul \u0219colilor de var\u0103"},"content":{"rendered":"<p><a href=\"http:\/\/infois.ro\/wp-content\/uploads\/2022\/07\/viata-de-student-1.jpg\"><img loading=\"lazy\" decoding=\"async\" class=\"alignleft  wp-image-63770\" src=\"http:\/\/infois.ro\/wp-content\/uploads\/2022\/07\/viata-de-student-1.jpg\" alt=\"\" width=\"391\" height=\"293\" srcset=\"https:\/\/infois.ro\/wp-content\/uploads\/2022\/07\/viata-de-student-1.jpg 640w, https:\/\/infois.ro\/wp-content\/uploads\/2022\/07\/viata-de-student-1-300x225.jpg 300w\" sizes=\"(max-width: 391px) 100vw, 391px\" \/><\/a><\/p>\n<p style=\"text-align: justify;\">600 de elevi de la licee din toat\u0103 Moldova particip\u0103 \u00een aceast\u0103 var\u0103, p\u00e2n\u0103 pe 31 iulie, la diferite \u0219coli de var\u0103 la facult\u0103\u021bile Universit\u0103\u021bii Tehnice \u201eGheorghe Asachi\u201d din Ia\u0219i (TUIASI). Angrena\u021bi de c\u0103tre profesori \u00een experimente inedite, lucr\u00e2nd pe teren, \u00een deplas\u0103ri la diferite companii, al\u0103turi de studen\u021bii deja \u00eenmatricula\u021bi la Politehnica ie\u0219ean\u0103, tinerii descoper\u0103 timp de dou\u0103 s\u0103pt\u0103m\u00e2ni cum arat\u0103 via\u021ba de student \u0219i ce \u00eenseamn\u0103 s\u0103 fii inginer sau arhitect la TUIASI.<\/p>\n<p style=\"text-align: justify;\">\n<p style=\"text-align: justify;\">Sunt 14 \u0219coli de var\u0103 desf\u0103\u0219urate de c\u0103tre facult\u0103\u021bile Politehnicii ie\u0219ene, care au \u00eenceput de la finalul lunii iunie \u0219i care se vor finaliza pe 31 iulie. Acestea au loc etapizat, iar \u00eencep\u00e2nd cu 3 iulie, \u00een Ia\u0219i sunt prezen\u021bi concomitent cei mai mul\u021bi elevi: circa 350 de tineri care particip\u0103 la 7 \u0219coli de var\u0103 desf\u0103\u0219urate de facult\u0103\u021bile TUIASI. Ei sunt caza\u021bi \u00een Campusul \u201eTudor Vladimirescu\u201d din Ia\u0219i, m\u0103n\u00e2nc\u0103 de trei ori pe zi la cantin\u0103, stau \u00een acelea\u0219i c\u0103mine cu studen\u021bii universit\u0103\u021bii, \u00een acelea\u0219i condi\u021bii.<a href=\"http:\/\/infois.ro\/wp-content\/uploads\/2022\/07\/viata-de-student-2.jpg\"><img loading=\"lazy\" decoding=\"async\" class=\"wp-image-63771 alignright\" src=\"http:\/\/infois.ro\/wp-content\/uploads\/2022\/07\/viata-de-student-2.jpg\" alt=\"\" width=\"391\" height=\"293\" srcset=\"https:\/\/infois.ro\/wp-content\/uploads\/2022\/07\/viata-de-student-2.jpg 640w, https:\/\/infois.ro\/wp-content\/uploads\/2022\/07\/viata-de-student-2-300x225.jpg 300w\" sizes=\"(max-width: 391px) 100vw, 391px\" \/><\/a><\/p>\n<p style=\"text-align: justify;\">\n<p style=\"text-align: justify;\">Pe l\u00e2ng\u0103 activit\u0103\u021bile didactice pe care le desf\u0103\u0219oar\u0103 \u00een laboratoarele universit\u0103\u021bii, tinerii au programate activit\u0103\u021bi recreative \u0219i sportive \u00een campus, \u00een baza de sport a Politehnicii ie\u0219ene, dar \u0219i vizite de lucru la diferite companii din Ia\u0219i sau chiar din \u021bar\u0103. Un grup va merge, spre exemplu, la Bra\u0219ov, pentru a vizita singura firm\u0103 din Rom\u00e2nia care produce rulmen\u021bi de dimensiuni mari pentru centrale eoliene, \u00een timp ce elevii de la o alt\u0103 \u0219coal\u0103 de var\u0103 merg la Bicaz, unde vor vizita barajul \u00een interior pentru a \u00een\u021belege cum func\u021bioneaz\u0103 producerea de energie electric\u0103.<\/p>\n<p style=\"text-align: justify;\">\n<p style=\"text-align: justify;\">\u201eAu dou\u0103 tipuri de activit\u0103\u021bi: profesionale \u0219i recreative. Cele profesionale sunt desf\u0103\u0219urate \u00een laboratoarele universit\u0103\u021bii, unde asist\u0103 \u0219i sunt implica\u021bi \u00een diverse experimente. Spre exemplu, la Construc\u021bii \u0219i Instala\u021bii vor merge \u00een laboratorul unde se creeaz\u0103 poduri pentru a face machete din lemn, s\u0103 \u00een\u021beleag\u0103 cum rezist\u0103 o structur\u0103 foarte fragil\u0103 la greut\u0103\u021bi mari. La Design Industrial \u0219i Managementul Afacerilor vor \u00eenv\u0103\u021ba cum se proiecteaz\u0103 un tricot pe care apoi \u00eel ob\u021bin pe ma\u0219ina de tricotaj. Sunt fel de fel de experimente \u0219i lucr\u0103ri de laborator \u00een diferite spa\u021bii ale universit\u0103\u021bii\u201d, a explicat prof. univ. dr. ing. Neculai Eugen Seghedin, prorector responsabil cu activitatea didactic\u0103 la TUIASI.<\/p>\n<p style=\"text-align: justify;\"><a href=\"http:\/\/infois.ro\/wp-content\/uploads\/2022\/07\/viata-de-student-3.jpg\"><img loading=\"lazy\" decoding=\"async\" class=\"alignleft  wp-image-63772\" src=\"http:\/\/infois.ro\/wp-content\/uploads\/2022\/07\/viata-de-student-3.jpg\" alt=\"\" width=\"391\" height=\"293\" srcset=\"https:\/\/infois.ro\/wp-content\/uploads\/2022\/07\/viata-de-student-3.jpg 640w, https:\/\/infois.ro\/wp-content\/uploads\/2022\/07\/viata-de-student-3-300x225.jpg 300w\" sizes=\"(max-width: 391px) 100vw, 391px\" \/><\/a><\/p>\n<p style=\"text-align: justify;\">Activitatea este finan\u021bat\u0103 printr-un proiect Romanian Secundary Education \u2013 ROSE, finan\u021bat de Banca Mondial\u0103, cu valoarea de peste 1 milion de euro \u0219i care se va derula, pe perioada verii, timp de trei ani. Proiectul acoper\u0103 at\u00e2t domeniul preuniversitar, c\u00e2t \u0219i cel universitar, \u00een special studen\u021bii de anul I, av\u00e2nd ca scop sc\u0103derea abandonului \u0219colar \u0219i cre\u0219terea accesului tinerilor la \u00eenv\u0103\u021b\u0103m\u00e2ntul superior.<\/p>\n<p style=\"text-align: justify;\">\n<p style=\"text-align: justify;\">\u201eProiectele sunt realizate cu foarte mult entuziasm din partea colegilor, fiindc\u0103 sunt greu de f\u0103cut, inclusiv din punctul de vedere al achizi\u021biilor. Dar vreau s\u0103 v\u0103 spun c\u0103 emo\u021bia care se na\u0219te atunci c\u00e2nd vin copiii ace\u0219tia este foarte mare, sunt foarte atra\u0219i, foarte prin\u0219i de ceea ce fac aici. De regul\u0103 sunt profesori tineri care se implic\u0103 \u00een proiect \u0219i cred \u00een asta\u201d, a completat prof. univ. dr. ing. Neculai Eugen Seghedin.<\/p>\n<p style=\"text-align: justify;\">\n<p style=\"text-align: justify;\">Deja primele rezultate ale implement\u0103rii proiectelor de tip \u0218coal\u0103 de Var\u0103 se v\u0103d la TUIASI: la admiterea de anul trecut au venit tineri cu rucsacii primi\u021bi ca pachet de bun-venit c\u00e2nd erau elevi \u0219i p\u0103\u0219eau pentru prima dat\u0103 \u00een Universitatea Tehnic\u0103 \u201eGheorghe Asachi\u201d din Ia\u0219i.<a href=\"http:\/\/infois.ro\/wp-content\/uploads\/2022\/07\/viata-de-student-4.jpg\"><img loading=\"lazy\" decoding=\"async\" class=\"wp-image-63773 alignright\" src=\"http:\/\/infois.ro\/wp-content\/uploads\/2022\/07\/viata-de-student-4.jpg\" alt=\"\" width=\"391\" height=\"261\" srcset=\"https:\/\/infois.ro\/wp-content\/uploads\/2022\/07\/viata-de-student-4.jpg 640w, https:\/\/infois.ro\/wp-content\/uploads\/2022\/07\/viata-de-student-4-300x200.jpg 300w\" sizes=\"(max-width: 391px) 100vw, 391px\" \/><\/a><\/p>\n<p style=\"text-align: justify;\">\n<p style=\"text-align: justify;\">Zece \u0219coli de var\u0103 sunt compuse din c\u00e2te 50 de elevi, 4 dintre ele au 25 de tineri, iar fiecare grup are m\u0103car 5 profesori care vin \u0219i \u00eei supravegheaz\u0103 pe perioada \u0219ederii la Ia\u0219i \u0219i care particip\u0103 activ, al\u0103turi de ei, la toate evenimentele desf\u0103\u0219urate \u00een calendarul stabilit de universitate.<\/p>\n<p style=\"text-align: justify;\">\n","protected":false},"excerpt":{"rendered":"<p>600 de elevi de la licee din toat\u0103 Moldova particip\u0103 \u00een aceast\u0103 var\u0103, p\u00e2n\u0103 pe&#8230; <a class=\"meta-more\" href=\"https:\/\/infois.ro\/?p=63768\">more <span class=\"meta-nav\">&raquo;<\/span><\/a><\/p>\n","protected":false},"author":2,"featured_media":63773,"comment_status":"closed","ping_status":"closed","sticky":false,"template":"","format":"standard","meta":{"footnotes":""},"categories":[12,41],"tags":[74,40,3112,2810,5618,15531],"aioseo_notices":[],"_links":{"self":[{"href":"https:\/\/infois.ro\/index.php?rest_route=\/wp\/v2\/posts\/63768"}],"collection":[{"href":"https:\/\/infois.ro\/index.php?rest_route=\/wp\/v2\/posts"}],"about":[{"href":"https:\/\/infois.ro\/index.php?rest_route=\/wp\/v2\/types\/post"}],"author":[{"embeddable":true,"href":"https:\/\/infois.ro\/index.php?rest_route=\/wp\/v2\/users\/2"}],"replies":[{"embeddable":true,"href":"https:\/\/infois.ro\/index.php?rest_route=%2Fwp%2Fv2%2Fcomments&post=63768"}],"version-history":[{"count":1,"href":"https:\/\/infois.ro\/index.php?rest_route=\/wp\/v2\/posts\/63768\/revisions"}],"predecessor-version":[{"id":63774,"href":"https:\/\/infois.ro\/index.php?rest_route=\/wp\/v2\/posts\/63768\/revisions\/63774"}],"wp:featuredmedia":[{"embeddable":true,"href":"https:\/\/infois.ro\/index.php?rest_route=\/wp\/v2\/media\/63773"}],"wp:attachment":[{"href":"https:\/\/infois.ro\/index.php?rest_route=%2Fwp%2Fv2%2Fmedia&parent=63768"}],"wp:term":[{"taxonomy":"category","embeddable":true,"href":"https:\/\/infois.ro\/index.php?rest_route=%2Fwp%2Fv2%2Fcategories&post=63768"},{"taxonomy":"post_tag","embeddable":true,"href":"https:\/\/infois.ro\/index.php?rest_route=%2Fwp%2Fv2%2Ftags&post=63768"}],"curies":[{"name":"wp","href":"https:\/\/api.w.org\/{rel}","templated":true}]}}