{"id":6384,"date":"2013-07-13T19:59:37","date_gmt":"2013-07-13T16:59:37","guid":{"rendered":"http:\/\/infois.ro\/?p=6384"},"modified":"2013-07-15T20:00:04","modified_gmt":"2013-07-15T17:00:04","slug":"elevii-ieseni-care-au-obtinut-nota-maxima-la-bacalaureat-premiati-de-conducerea-primariei","status":"publish","type":"post","link":"https:\/\/infois.ro\/?p=6384","title":{"rendered":"Elevii ie\u0219eni care au ob\u021binut nota maxim\u0103 la Bacalaureat, premia\u021bi de conducerea Prim\u0103riei"},"content":{"rendered":"<p style=\"text-align: justify;\"><a class=\"highslide\" onclick=\"return vz.expand(this)\" href=\"http:\/\/infois.ro\/wp-content\/uploads\/2013\/07\/elevi-de-nota-10.jpg\"><img loading=\"lazy\" decoding=\"async\" class=\"alignleft size-large wp-image-6385\" title=\"elevi de nota 10\" src=\"http:\/\/infois.ro\/wp-content\/uploads\/cache\/2013\/07\/elevi-de-nota-10\/3419827693.jpg\" alt=\"\" width=\"640\" height=\"480\" \/><\/a><\/p>\n<p style=\"text-align: justify;\">\u00cen prezen\u021ba primarului Gheorghe Nichita, la sediul municipalit\u0103\u021bii a avut loc vineri, 12 iulie, premierea elevilor ie\u0219eni care au ob\u021binut nota maxim\u0103 la examenul de Bacalaureat din acest an. Prin cele 13 note de zece ob\u021binute la sesiunea din luna iulie a examenului de Bacalaureat, Ia\u0219iul s-a situat din nou, \u00een acest an, pe primul loc pe \u021bar\u0103 la acest capitol. Festivitatea de premiere a celor 13 elevi ie\u0219eni de nota zece s-a desf\u0103\u0219urat \u00een Sala Mare a Prim\u0103riei municipiului Ia\u0219i, \u00een prezen\u021ba conducerii Inspectoratului \u0218colar Jude\u021bean, a directorilor unit\u0103\u021bilor de \u00eenv\u0103\u021b\u0103m\u00e2nt la care \u00eenva\u021b\u0103 elevii, precum \u0219i a p\u0103rin\u021bilor acestora. \u201e\u0218i \u00een acest an, Ia\u0219iul s-a situat pe primul loc \u00een \u0163ar\u0103 \u00een ceea ce prive\u015fte num\u0103rul de elevi care au ob\u0163inut nota maxim\u0103 la Bacalaureat. Acest lucru nu poate dec\u00e2t s\u0103 ne bucure. \u00cenc\u0103 o dat\u0103 am ar\u0103tat capacitatea \u00eenv\u0103\u0163\u0103m\u00e2ntului ie\u015fean. Dragi elevi, v\u0103 mul\u0163umesc pentru onoarea pe care o face\u0163i Ia\u015fului \u015fi v\u0103 doresc o lung\u0103 \u015fi fantastic\u0103 c\u0103l\u0103torie spre apogeul cunoa\u015fterii \u015fi \u00een\u0163elepciunii\u201d, a declarat, \u00een cuv\u00e2ntul s\u0103u, primarul Gheorghe Nichita. Cei 13 elevi ie\u0219eni care la examenul de Bacalaureat din acest an au ob\u021binut nota maxim\u0103 sunt: Maria Luchian (matematic\u0103-informatic\u0103), Eliza Maria Froicu (filologie), Anca Z\u0103inescu (filologie) &#8211; Colegiul \u201eCostache Negruzzi\u201c,Martha-Elena Munteanu (uman), Diana-Paula Gherasim (filologie), Ioana-Maria Ciom\u00eertan (\u015ftiin\u0163e ale naturii) &#8211; Colegiul Na\u0163ional \u201eMihai Eminescu\u201c, Maria-Alexandra Chiriac (\u015etiin\u0163e ale Naturii), Lorena-Evelyn Vonica (Filologie) &#8211; Colegiul Na\u0163ional \u201cEmil Racovi\u0163\u0103\u201d, Alexandra Brenda Istrate (Matematic\u0103-Informatic\u0103) &#8211; Colegiul Na\u0163ional Ia\u015fi, Sorina Marinescu (Filologie) &#8211; Liceul Teoretic \u201eVasile Alecsandri\u201c, Mariana Nastasia (\u00eenv\u0103\u0163\u0103tor \u2013 educatoare) &#8211; Liceul Pedagogic \u201eVasile Lupu\u201c, Cezara-Ionela Dulce &#8211; Liceul Tehnologic Economic de Turism. Ace\u0219tia au primit din partea Prim\u0103riei municipiului Ia\u0219i \u0219i a Inspectoratului \u0218colar Jude\u021bean coroni\u021be de flori, plachete omagiale \u0219i c\u00e2te un pachet cu c\u0103r\u021bi. Sesiunea de Bacalaureat din acest an a \u00eenregistrat \u00een jude\u0163ul Ia\u015fi rezultate mai bune dec\u00e2t anul trecut. Astfel, dac\u0103 \u00een 2012, \u00een jude\u021bul Ia\u0219i s-a \u00eenregistrat un procent de promovabilitate de 56,80%, \u00een acest an, rata de promovabilitate a crescut cu 11%. \u00cen ceea ce prive\u015fte topul unit\u0103\u021bilor de \u00eenv\u0103\u021b\u0103m\u00e2nt, \u00een func\u0163ie de procentul de promovare la Bacalaureat, primul loc a fost ocupat de Colegiul \u201dCostache Negruzzi\u201d, cu o reu\u015fit\u0103 de 100%, \u00een timp ce pe locul al doilea se afl\u0103 Colegiul \u201dMihai Eminescu\u201d, cu un procent de promovare de 99,38%, iar pe locul trei s-a situate Colegiul Na\u0163ional Ia\u015fi, cu un procentaj de promovare de 99,26%.<\/p>\n","protected":false},"excerpt":{"rendered":"<p>\u00cen prezen\u021ba primarului Gheorghe Nichita, la sediul municipalit\u0103\u021bii a avut loc vineri, 12 iulie, premierea&#8230; <a class=\"meta-more\" href=\"https:\/\/infois.ro\/?p=6384\">more <span class=\"meta-nav\">&raquo;<\/span><\/a><\/p>\n","protected":false},"author":2,"featured_media":6385,"comment_status":"open","ping_status":"closed","sticky":false,"template":"","format":"standard","meta":{"footnotes":""},"categories":[1,41],"tags":[74,90,692,40,296],"aioseo_notices":[],"_links":{"self":[{"href":"https:\/\/infois.ro\/index.php?rest_route=\/wp\/v2\/posts\/6384"}],"collection":[{"href":"https:\/\/infois.ro\/index.php?rest_route=\/wp\/v2\/posts"}],"about":[{"href":"https:\/\/infois.ro\/index.php?rest_route=\/wp\/v2\/types\/post"}],"author":[{"embeddable":true,"href":"https:\/\/infois.ro\/index.php?rest_route=\/wp\/v2\/users\/2"}],"replies":[{"embeddable":true,"href":"https:\/\/infois.ro\/index.php?rest_route=%2Fwp%2Fv2%2Fcomments&post=6384"}],"version-history":[{"count":2,"href":"https:\/\/infois.ro\/index.php?rest_route=\/wp\/v2\/posts\/6384\/revisions"}],"predecessor-version":[{"id":6387,"href":"https:\/\/infois.ro\/index.php?rest_route=\/wp\/v2\/posts\/6384\/revisions\/6387"}],"wp:featuredmedia":[{"embeddable":true,"href":"https:\/\/infois.ro\/index.php?rest_route=\/wp\/v2\/media\/6385"}],"wp:attachment":[{"href":"https:\/\/infois.ro\/index.php?rest_route=%2Fwp%2Fv2%2Fmedia&parent=6384"}],"wp:term":[{"taxonomy":"category","embeddable":true,"href":"https:\/\/infois.ro\/index.php?rest_route=%2Fwp%2Fv2%2Fcategories&post=6384"},{"taxonomy":"post_tag","embeddable":true,"href":"https:\/\/infois.ro\/index.php?rest_route=%2Fwp%2Fv2%2Ftags&post=6384"}],"curies":[{"name":"wp","href":"https:\/\/api.w.org\/{rel}","templated":true}]}}