{"id":63859,"date":"2022-07-08T16:05:59","date_gmt":"2022-07-08T13:05:59","guid":{"rendered":"http:\/\/infois.ro\/?p=63859"},"modified":"2022-07-10T06:09:13","modified_gmt":"2022-07-10T03:09:13","slug":"proiectele-din-domeniul-social-propuse-de-ong-uri-care-au-obtinut-finantare-de-la-bugetul-judetului","status":"publish","type":"post","link":"https:\/\/infois.ro\/?p=63859","title":{"rendered":"Proiectele din domeniul social propuse de ONG-uri care au ob\u021binut finan\u021bare de la bugetul jude\u021bului"},"content":{"rendered":"<p><a href=\"http:\/\/infois.ro\/wp-content\/uploads\/2022\/07\/proiecte-sociale-legea-350.jpg\"><img loading=\"lazy\" decoding=\"async\" class=\"alignleft  wp-image-63860\" src=\"http:\/\/infois.ro\/wp-content\/uploads\/2022\/07\/proiecte-sociale-legea-350.jpg\" alt=\"\" width=\"345\" height=\"345\" srcset=\"https:\/\/infois.ro\/wp-content\/uploads\/2022\/07\/proiecte-sociale-legea-350.jpg 640w, https:\/\/infois.ro\/wp-content\/uploads\/2022\/07\/proiecte-sociale-legea-350-150x150.jpg 150w, https:\/\/infois.ro\/wp-content\/uploads\/2022\/07\/proiecte-sociale-legea-350-300x300.jpg 300w, https:\/\/infois.ro\/wp-content\/uploads\/2022\/07\/proiecte-sociale-legea-350-80x80.jpg 80w, https:\/\/infois.ro\/wp-content\/uploads\/2022\/07\/proiecte-sociale-legea-350-100x100.jpg 100w\" sizes=\"(max-width: 345px) 100vw, 345px\" \/><\/a><\/p>\n<p style=\"text-align: justify;\">Pre\u0219edintele Consiliului Jude\u021bean (CJ) Ia\u0219i, Costel Alexe, a anun\u021bat ast\u0103zi proiectele din domeniul social, care \u00een urma evalu\u0103rii de c\u0103tre membrii comisiei de specialitate, au ob\u021binut finan\u021bare potrivit Legii nr. 350\/2005 privind regimul finan\u021b\u0103rilor nerambursabile din fondurile publice pentru activit\u0103\u021bi non-profit de interes general. \u00cen acest an, pentru proiectele din domeniul social, CJ Ia\u0219i a pus la dispozi\u021bie suma de 250.000 de lei de la bugetul jude\u021bului. De altfel, domeniul social este singurul \u00een care a fost accesat\u0103 toat\u0103 suma pus\u0103 la dispozi\u021bie \u00een acest an. Astfel, \u00een urma evalu\u0103rii, au fost declarate eligibile urm\u0103toarele organiza\u021bii non-guvernamentale:<\/p>\n<p style=\"text-align: justify;\">\n<ul style=\"text-align: justify;\">\n<li>Asocia\u021bia ASNATURA pentru proiectul \u201eActivit\u0103\u021bi recreative pentru copiii proveni\u021bi din familii defavorizate social\u201d<\/li>\n<li>Asocia\u021bia HUMAN HELP pentru proiectul \u201eFondurile europene Motorul Dezvolt\u0103rii\u201d<\/li>\n<li>Asocia\u021bia Through Young (Prin Tineri) pentru proiectul \u201cConsumul de droguri na\u0219te mon\u0219tri\u201d<\/li>\n<li>Asocia\u021bia Real Sports pentru proiectul \u201eReal sports social\u201d<\/li>\n<li>Asocia\u021bia ADIR pentru proiectul \u201eImpact social \u00een comunitate prin interven\u021bie terapeutic\u0103 timpurie\u201d<\/li>\n<\/ul>\n<p style=\"text-align: justify;\">\n<p style=\"text-align: justify;\">\u201cDomeniul social este unul dintre sectoarele \u00een care implicarea ONG-urilor este necesar\u0103 \u0219i sus\u021binerea autorit\u0103\u021bilor trebuie s\u0103 fie puternic\u0103. Anul acesta, putem spune c\u0103 ne-am atins obiectivul aloc\u00e2nd \u00eentreaga sum\u0103 disponibil\u0103 pentru implementarea proiectelor de interes public, cu impact \u00een domeniul social\u201d, a declarat pre\u0219edintele Consiliului Jude\u021bean, Costel Alexe.<\/p>\n","protected":false},"excerpt":{"rendered":"<p>Pre\u0219edintele Consiliului Jude\u021bean (CJ) Ia\u0219i, Costel Alexe, a anun\u021bat ast\u0103zi proiectele din domeniul social, care&#8230; <a class=\"meta-more\" href=\"https:\/\/infois.ro\/?p=63859\">more <span class=\"meta-nav\">&raquo;<\/span><\/a><\/p>\n","protected":false},"author":2,"featured_media":63860,"comment_status":"closed","ping_status":"closed","sticky":false,"template":"","format":"standard","meta":{"footnotes":""},"categories":[41,32],"tags":[74,374,2523,40,15551,3112],"aioseo_notices":[],"_links":{"self":[{"href":"https:\/\/infois.ro\/index.php?rest_route=\/wp\/v2\/posts\/63859"}],"collection":[{"href":"https:\/\/infois.ro\/index.php?rest_route=\/wp\/v2\/posts"}],"about":[{"href":"https:\/\/infois.ro\/index.php?rest_route=\/wp\/v2\/types\/post"}],"author":[{"embeddable":true,"href":"https:\/\/infois.ro\/index.php?rest_route=\/wp\/v2\/users\/2"}],"replies":[{"embeddable":true,"href":"https:\/\/infois.ro\/index.php?rest_route=%2Fwp%2Fv2%2Fcomments&post=63859"}],"version-history":[{"count":1,"href":"https:\/\/infois.ro\/index.php?rest_route=\/wp\/v2\/posts\/63859\/revisions"}],"predecessor-version":[{"id":63861,"href":"https:\/\/infois.ro\/index.php?rest_route=\/wp\/v2\/posts\/63859\/revisions\/63861"}],"wp:featuredmedia":[{"embeddable":true,"href":"https:\/\/infois.ro\/index.php?rest_route=\/wp\/v2\/media\/63860"}],"wp:attachment":[{"href":"https:\/\/infois.ro\/index.php?rest_route=%2Fwp%2Fv2%2Fmedia&parent=63859"}],"wp:term":[{"taxonomy":"category","embeddable":true,"href":"https:\/\/infois.ro\/index.php?rest_route=%2Fwp%2Fv2%2Fcategories&post=63859"},{"taxonomy":"post_tag","embeddable":true,"href":"https:\/\/infois.ro\/index.php?rest_route=%2Fwp%2Fv2%2Ftags&post=63859"}],"curies":[{"name":"wp","href":"https:\/\/api.w.org\/{rel}","templated":true}]}}