{"id":64339,"date":"2022-07-27T14:08:08","date_gmt":"2022-07-27T11:08:08","guid":{"rendered":"http:\/\/infois.ro\/?p=64339"},"modified":"2022-07-28T06:13:00","modified_gmt":"2022-07-28T03:13:00","slug":"asociatia-zi-de-bine-moldova-continua-proiectul-pilot-verde-stop-in-piatra-neamt","status":"publish","type":"post","link":"https:\/\/infois.ro\/?p=64339","title":{"rendered":"Asocia\u021bia Zi de Bine Moldova continu\u0103 proiectul pilot VERDE STOP \u00een Piatra Neam\u021b"},"content":{"rendered":"<p><a href=\"http:\/\/infois.ro\/wp-content\/uploads\/2022\/07\/verde-stop.jpg\"><img loading=\"lazy\" decoding=\"async\" class=\"alignleft wp-image-64340\" src=\"http:\/\/infois.ro\/wp-content\/uploads\/2022\/07\/verde-stop.jpg\" alt=\"\" width=\"421\" height=\"281\" srcset=\"https:\/\/infois.ro\/wp-content\/uploads\/2022\/07\/verde-stop.jpg 640w, https:\/\/infois.ro\/wp-content\/uploads\/2022\/07\/verde-stop-300x200.jpg 300w\" sizes=\"(max-width: 421px) 100vw, 421px\" \/><\/a><\/p>\n<p style=\"text-align: justify;\">Proiectul <em>Verde STOP<\/em> face parte din seria de proiecte desf\u0103\u0219urate de asocia\u021bia Zi de Bine \u00een zona Moldovei. Prin intermediul acestui proiect, ZDB Moldova urm\u0103re\u0219te educarea copiilor cu privire la importan\u021ba ocrotirii naturii \u0219i men\u021binerii unui mediu ecologizat.<\/p>\n<p style=\"text-align: justify;\">\n<p style=\"text-align: justify;\">Ia\u0219i, 27 iulie 2022: Zi de Bine Moldova, \u00eempreun\u0103 cu primul magazin Zero Waste din Piatra Neam\u021b, AER, continu\u0103 proiectul Verde STOP \u00een Piatra Neam\u021b. Ini\u021bial, acesta a urm\u0103rit realizarea unui col\u021b verde amenajat \u00een curtea a 3 \u0219coli, unde copiii nu doar s\u0103 g\u0103seasc\u0103 informa\u021bii prietenoase pe panoul informativ, dar \u0219i s\u0103 recicleze selectiv. Alte ac\u021biuni din cadrul proiectului au constat \u00een realizarea unei cutii de compost, amenajarea unui spa\u021biu pentru colectarea uleiului utilizat, proiec\u021bii de film \u00een curtea \u0219colii \u0219i discu\u021bii libere cu copiii despre activit\u0103\u021bi de economisire a resurselor naturii. Ini\u021biativa va continua \u0219i \u00een lunile august \u0219i septembrie, proiectul activ\u00e2nd \u0219i \u00een cadrul Kult Fest.<\/p>\n<p style=\"text-align: justify;\">\n<p style=\"text-align: justify;\"><em>\u201dProiectul a crescut mult fa\u021b\u0103 de ideea ini\u021bial\u0103, fiindc\u0103 ne-am dat seama c\u0103 panourile cu informa\u021bii pentru copii ar fi extrem de utile \u0219i \u00een parcurile de joac\u0103 din ora\u0219. De asemenea, proiec\u021biile de film reprezint\u0103 o idee foarte interesant\u0103 pentru mul\u021bi, care ne-au chemat s\u0103 facem asta \u0219i la \u0219coala lor sau, mai mult, \u00een cadrul festivalului Kult Fest, unde vor fi foarte mul\u021bi tineri.\u201d<\/em>, men\u021bioneaz\u0103 Melania Medeleanu, co-fondator Asocia\u021bia Zi de BINE.<\/p>\n<p style=\"text-align: justify;\">\n<p style=\"text-align: justify;\">Astfel, acest proiect pilot va continua \u0219i \u00een urm\u0103toarea perioad\u0103, educ\u00e2nd copiii cu privire la importan\u021ba naturii \u0219i modul \u00een care ace\u0219tia o pot proteja, prin ac\u021biuni mici, dar \u00eensemnate. Col\u021bul verde, ce ofer\u0103 informa\u021bii u\u0219or de \u00een\u021beles \u0219i posibilitatea de colectare selectiv\u0103, a fost deja amenajat \u00een \u0218coala Dobreni, \u0218coala Nr. 4, \u0218coala Nr. 11 \u0219i \u0218coala Daniela Cuciuc din Piatra Neam\u021b. Panouri informative sunt montate \u00een locuri de joac\u0103 din ora\u0219: Parc Aurora, Parc Ozana, locul de joac\u0103 din \u0218trandul Tineretului, locul de agrement La Caiace.<\/p>\n<p style=\"text-align: justify;\">Proiec\u021biile de film \u0219i dezbaterile au loc dup\u0103 urm\u0103torul calendar:<\/p>\n<p style=\"text-align: justify;\">\n<ul style=\"text-align: justify;\">\n<li>Proiec\u021bie \u0218coala Dobreni &#8211; 20 iulie, Filmul Wall-e<\/li>\n<li>Proiec\u021bie Strada Calistrat Hoga\u0219 &#8211; 22 iulie, Filmul Povestea Plasticului<\/li>\n<li>Proiec\u021bie \u0218coala Daniela Cuciuc &#8211; 27 iulie, Filmul Wall-e<\/li>\n<li>Proiec\u021bie Kult Fest &#8211; 29 iulie, Filmul Povestea Plasticului<\/li>\n<\/ul>\n<p style=\"text-align: justify;\">\n<p style=\"text-align: justify;\">Bugetul necesar pentru implementarea proiectului Verde STOP &#8211; a fost asigurat de Isopan, partener strategic al Asocia\u021biei Zi de BINE, al\u0103turi de Cardinal, Cashtriba Consulting, Maresi Foodbroker SRL\u00a0 \u0219i Cadra Tech.<\/p>\n<p style=\"text-align: justify;\">\n<p style=\"text-align: justify;\">Verde STOP este un proiect curajos, care ofer\u0103 o \u0219ans\u0103 naturii de a fi ocrotit\u0103 de viitoarele genera\u021bii. Al\u0103turi de AER (Autentic, Etic \u0219i Reutilizabil), magazinul Zero Waste din Piatra Neam\u021b,\u00a0 Zi de Bine Moldova a reu\u0219it nu doar s\u0103 finalizeze obiectivele propuse \u00een aceast\u0103 lun\u0103, ci \u0219i s\u0103 asigure continuitatea unor astfel de ac\u021biuni care s\u0103 protejeze mediul. Acest proiect va continua \u0219i lunile urm\u0103toare, prima ini\u021biativ\u0103 fiind extrem de apreciat\u0103 \u00een comunitate.<\/p>\n<p style=\"text-align: justify;\">\n<p style=\"text-align: justify;\"><em>\u201dPrima \u0219coal\u0103 la care am amenajat un col\u021b verde este \u0219coala din Dobreni, din Neam\u021b. De\u0219i \u00een plin\u0103 vacan\u021b\u0103 de var\u0103, aproape 50 de copii s-au str\u00e2ns \u00een curtea \u0219colii \u0219i am povestit cu ei despre cum putem s\u0103 economisim resursele P\u0103m\u00e2ntului \u0219i de ce e nevoie s\u0103 facem asta. Tr\u0103ind la \u021bar\u0103, copiii \u0219tiau deja c\u0103 ne afl\u0103m \u00eentr-o criz\u0103 de ap\u0103, c\u0103 trebuie s\u0103 o consume cump\u0103tat, dar \u0219i c\u0103 lumina se stinge atunci c\u00e2nd pleac\u0103 din \u00eenc\u0103pere. A fost cu noi \u0219i dl. Negoi\u021b\u0103, permacultorul care le-a povestit copiilor rostul l\u0103zii de compost \u0219i cum compostul face bine \u00een agricultur\u0103. Ne-a impresionat ce le-a spus dl Negoi\u021b\u0103 la final copiilor: &lt;&lt; Noi, adul\u021bii, venim acum s\u0103 v\u0103 rug\u0103m pe voi s\u0103 repara\u021bi ce noi am stricat. S\u0103 economisi\u021bi ce, ani la r\u00e2nd, noi am risipit. &gt;&gt; Dup\u0103 discu\u021bie, copiii au \u00eenv\u0103\u021bat cum pot s\u0103 fac\u0103 obiecte din materiale reciclabile, iar, dup\u0103 ce s-a l\u0103sat seara, ne-am luat cu to\u021bii locurile \u00een cinema. Nu nu, nu am plecat \u00een ora\u0219, fiindc\u0103 cei de la Cinema Nomade au adus cinema-ul \u00een curtea \u0219colii. Filmul, Wall-e, e povestea robo\u021belului care redescoper\u0103 via\u021ba, natura. Acesta a completat perfect lec\u021bia de ecologie de mai devreme.\u201d<\/em>, men\u021bioneaz\u0103 Ioana Cerescu, fondatoarea AER.<\/p>\n<p style=\"text-align: justify;\">\n<p style=\"text-align: justify;\">Cei care doresc s\u0103 sus\u021bin\u0103\u00a0 suplimentar proiectele realizate de Asocia\u021bia Zi de Bine, o pot face fie printr-un SMS cu textul SUS la 8845. Mai multe metode de implicare pot fi g\u0103site aici:<a href=\"https:\/\/www.zidebine.ro\/doneaza\"> https:\/\/www.zidebine.ro\/doneaza<\/a>.<\/p>\n<p style=\"text-align: justify;\">\n<p style=\"text-align: justify;\">***<\/p>\n<p style=\"text-align: justify;\">Despre Asocia\u021bia Zi de BINE<\/p>\n<p style=\"text-align: justify;\">\n<p style=\"text-align: justify;\">Scopul Asocia\u021biei Zi de Bine este acela de a crea comunit\u0103\u021bi, de a sprijini mii de oameni afla\u021bi \u00een situa\u021bii vulnerabile \u0219i de a crea notorietate \u00een jurul unor cauze ignorate. Asocia\u021bia va sus\u021bine c\u00e2te un ONG \u00een fiecare lun\u0103 a anului. Fiecare cauz\u0103 selectat\u0103 de Asocia\u021bia Zi de Bine se adreseaz\u0103 unei comunit\u0103\u021bi \u0219i se implementeaz\u0103 cu ajutorul unui ONG local.<\/p>\n<p style=\"text-align: justify;\">Mecanismul de func\u021bionare este unul simplu: la fiecare \u00eenceput de lun\u0103 se va anun\u021ba cauza sus\u021binut\u0103 \u0219i se vor descrie nevoia \u0219i beneficiarii. La finalul lunii, donatorii vor afla ce s-a \u00eent\u00e2mplat cu banii \u0219i vor fi invita\u021bi s\u0103 vad\u0103 rezultatul implic\u0103rii lor.<\/p>\n<p style=\"text-align: justify;\">\u00cen cei doi ani de existen\u021b\u0103, Asocia\u021bia a implementat deja peste 30 de proiecte \u00een domenii ca educa\u021bie, s\u0103n\u0103tate,incluziune social\u0103, \u00een valoare de peste 2.000.000 de euro.<\/p>\n<p style=\"text-align: justify;\">Dac\u0103 ave\u021bi un proiect \u00een care crede\u021bi, dar pentru care nu a\u021bi g\u0103sit \u00eenc\u0103 finan\u021bare, \u00eel pute\u021bi \u00eenscrie pe<a href=\"http:\/\/www.zidebine.ro\/\"> www.zidebine.ro<\/a>.<\/p>\n<p style=\"text-align: justify;\">\n<p style=\"text-align: justify;\">\n","protected":false},"excerpt":{"rendered":"<p>Proiectul Verde STOP face parte din seria de proiecte desf\u0103\u0219urate de asocia\u021bia Zi de Bine&#8230; <a class=\"meta-more\" href=\"https:\/\/infois.ro\/?p=64339\">more <span class=\"meta-nav\">&raquo;<\/span><\/a><\/p>\n","protected":false},"author":2,"featured_media":64340,"comment_status":"closed","ping_status":"closed","sticky":false,"template":"","format":"standard","meta":{"footnotes":""},"categories":[41,32],"tags":[74,15216,40,15605,3112],"aioseo_notices":[],"_links":{"self":[{"href":"https:\/\/infois.ro\/index.php?rest_route=\/wp\/v2\/posts\/64339"}],"collection":[{"href":"https:\/\/infois.ro\/index.php?rest_route=\/wp\/v2\/posts"}],"about":[{"href":"https:\/\/infois.ro\/index.php?rest_route=\/wp\/v2\/types\/post"}],"author":[{"embeddable":true,"href":"https:\/\/infois.ro\/index.php?rest_route=\/wp\/v2\/users\/2"}],"replies":[{"embeddable":true,"href":"https:\/\/infois.ro\/index.php?rest_route=%2Fwp%2Fv2%2Fcomments&post=64339"}],"version-history":[{"count":2,"href":"https:\/\/infois.ro\/index.php?rest_route=\/wp\/v2\/posts\/64339\/revisions"}],"predecessor-version":[{"id":64343,"href":"https:\/\/infois.ro\/index.php?rest_route=\/wp\/v2\/posts\/64339\/revisions\/64343"}],"wp:featuredmedia":[{"embeddable":true,"href":"https:\/\/infois.ro\/index.php?rest_route=\/wp\/v2\/media\/64340"}],"wp:attachment":[{"href":"https:\/\/infois.ro\/index.php?rest_route=%2Fwp%2Fv2%2Fmedia&parent=64339"}],"wp:term":[{"taxonomy":"category","embeddable":true,"href":"https:\/\/infois.ro\/index.php?rest_route=%2Fwp%2Fv2%2Fcategories&post=64339"},{"taxonomy":"post_tag","embeddable":true,"href":"https:\/\/infois.ro\/index.php?rest_route=%2Fwp%2Fv2%2Ftags&post=64339"}],"curies":[{"name":"wp","href":"https:\/\/api.w.org\/{rel}","templated":true}]}}