{"id":65008,"date":"2022-09-02T17:03:58","date_gmt":"2022-09-02T14:03:58","guid":{"rendered":"http:\/\/infois.ro\/?p=65008"},"modified":"2022-09-03T07:08:13","modified_gmt":"2022-09-03T04:08:13","slug":"petrece-primul-weekend-de-toamna-si-ultimul-de-vacanta-la-palas-mira-jo-si-bibi-printre-invitati-senzoria-family-fest-si-concerte-ale-filarmonicii","status":"publish","type":"post","link":"https:\/\/infois.ro\/?p=65008","title":{"rendered":"Petrece primul weekend de toamn\u0103 \u0219i ultimul de vacan\u021b\u0103, la Palas: Mira, JO \u0219i BIBI printre invita\u021bi, Senzoria Family Fest \u0219i concerte ale Filarmonicii!"},"content":{"rendered":"<p><a href=\"http:\/\/infois.ro\/wp-content\/uploads\/2022\/09\/palas1.jpg\"><img loading=\"lazy\" decoding=\"async\" class=\"alignleft  wp-image-65009\" src=\"http:\/\/infois.ro\/wp-content\/uploads\/2022\/09\/palas1.jpg\" alt=\"\" width=\"391\" height=\"391\" srcset=\"https:\/\/infois.ro\/wp-content\/uploads\/2022\/09\/palas1.jpg 640w, https:\/\/infois.ro\/wp-content\/uploads\/2022\/09\/palas1-150x150.jpg 150w, https:\/\/infois.ro\/wp-content\/uploads\/2022\/09\/palas1-300x300.jpg 300w, https:\/\/infois.ro\/wp-content\/uploads\/2022\/09\/palas1-80x80.jpg 80w, https:\/\/infois.ro\/wp-content\/uploads\/2022\/09\/palas1-100x100.jpg 100w\" sizes=\"(max-width: 391px) 100vw, 391px\" \/><\/a><\/p>\n<p class=\"yiv0244208753MsoNormal\" style=\"text-align: justify;\"><b><i>Muzica ne aduce mai aproape, iar primul weekend de toamn\u0103 calendaristic\u0103 st\u0103 sub semnul notelor muzicale, la Palas. Festivalul Senzoria revine \u00een ultimele zile de vacan\u021b\u0103 cu activit\u0103\u021bi pentru \u00eentreaga familie, dar \u0219i cu spectacole sus\u021binute de arti\u0219ti na\u021bionali, iar Filarmonica de Stat \u201eMoldova\u201d Ia\u0219i aduce \u00een Amfiteatru dou\u0103 concerte de excep\u021bie.<\/i><\/b><b><i><\/i><\/b><\/p>\n<p class=\"yiv0244208753MsoNormal\" style=\"text-align: justify;\">\n<p class=\"yiv0244208753MsoNormal\" style=\"text-align: justify;\">Luna septembrie \u00eencepe cu\u00a0<b>dou\u0103 concerte ale Filarmonicii de Stat \u201eMoldova\u201d Ia\u0219i<\/b>, \u00een\u00a0<b>Amfiteatrul Palas<\/b>.\u00a0<b>Vineri<\/b>,\u00a0<b>2 septembrie 2022<\/b>,\u00a0<b>de la ora 19.00<\/b>,\u00a0<b>Orchestra Simfonic\u0103<\/b>\u00a0a Filarmonicii,\u00a0<b>sub bagheta dirijorului Cristian Lupe\u0219<\/b>, ne va \u00eenc\u00e2nta cu un program special \u2013\u00a0<b>muzic\u0103 de film<\/b>.\u00a0<b>S\u00e2mb\u0103t\u0103<\/b>,\u00a0<b>de la aceea\u0219i or\u0103<\/b>,\u00a0<b>Corul Academic \u201eGavriil Musicescu\u201d\u00a0<\/b>va urca pe scena Amfiteatrului \u0219i\u00a0<b>va interpreta o serie de Varia\u021biuni Estivale<\/b>.\u00a0<b>Intrarea la ambele spectacole este liber\u0103.<a href=\"http:\/\/infois.ro\/wp-content\/uploads\/2022\/09\/palas2.jpg\"><img loading=\"lazy\" decoding=\"async\" class=\"wp-image-65010 alignright\" src=\"http:\/\/infois.ro\/wp-content\/uploads\/2022\/09\/palas2.jpg\" alt=\"\" width=\"390\" height=\"260\" srcset=\"https:\/\/infois.ro\/wp-content\/uploads\/2022\/09\/palas2.jpg 640w, https:\/\/infois.ro\/wp-content\/uploads\/2022\/09\/palas2-300x200.jpg 300w\" sizes=\"(max-width: 390px) 100vw, 390px\" \/><\/a><\/b><\/p>\n<p class=\"yiv0244208753MsoNormal\" style=\"text-align: justify;\"><b>\u00a0<\/b><\/p>\n<p class=\"yiv0244208753MsoNormal\" style=\"text-align: justify;\"><b>Tot s\u00e2mb\u0103t\u0103<\/b>,\u00a0<b>\u00een parcul Palas<\/b>\u00a0va avea loc\u00a0<b>o nou\u0103 edi\u021bie Senzoria Family Fest<\/b>, unde sunt a\u0219tepta\u021bi copiii, p\u0103rin\u021bii \u015fi bunicii.\u00a0<b>\u00cen prima zi<\/b>,\u00a0<b>veselia \u00eencepe de la ora 10.00<\/b>, cu muzic\u0103, zumba, fashion show, teatru \u0219i multe ateliere interactive pentru copii, iar\u00a0<b>de la ora 21.00<\/b>,\u00a0<b>artista Mira<\/b>\u00a0va urca pe scen\u0103 \u0219i va c\u00e2nta cele mai cunoscute piese ale sale.\u00a0<b>Duminic\u0103\u00a0<\/b>distrac\u021bia continu\u0103, cu momente muzicale, scrim\u0103, zumba \u0219i surprize pentru p\u0103rin\u021bi \u0219i copii.<\/p>\n<p class=\"yiv0244208753MsoNormal\" style=\"text-align: justify;\"><b>De la ora 20.30, BIBI<\/b>\u00a0va anima atmosfera din parcul Palas cu melodiile sale,\u00a0<b>iar<\/b>\u00a0<b>de la ora 21.00<\/b>,\u00a0<b>JO va urca pe scena Senzoria Family Fest<\/b>.\u00a0<b>\u00cen ambele zile de festival, personaje fantastice, z\u00e2ne \u0219i prin\u021bese din pove\u0219ti vor veni \u00een parcul Palas s\u0103 se joace cu cei mici. Intrarea este liber\u0103.<\/b><\/p>\n<p class=\"yiv0244208753MsoNormal\" style=\"text-align: justify;\"><a href=\"http:\/\/infois.ro\/wp-content\/uploads\/2022\/09\/palas3.jpg\"><img loading=\"lazy\" decoding=\"async\" class=\"alignleft  wp-image-65011\" src=\"http:\/\/infois.ro\/wp-content\/uploads\/2022\/09\/palas3.jpg\" alt=\"\" width=\"390\" height=\"260\" srcset=\"https:\/\/infois.ro\/wp-content\/uploads\/2022\/09\/palas3.jpg 640w, https:\/\/infois.ro\/wp-content\/uploads\/2022\/09\/palas3-300x200.jpg 300w\" sizes=\"(max-width: 390px) 100vw, 390px\" \/><\/a><\/p>\n<p class=\"yiv0244208753MsoNormal\" style=\"text-align: justify;\">Dup\u0103 ce petrece\u021bi ultimele zile din vacan\u021ba de var\u0103 la Senzoria Family Fest din\u00a0<b>Palas<\/b>, v\u0103 a\u0219tept\u0103m \u0219i\u00a0<b>\u00een Atrium<\/b>, unde are loc\u00a0<b>Excelsior<\/b>,\u00a0<b>cel mai mare t\u00e2rg de rechizite din Ia\u0219i<\/b>. Tot ce e mai bun pentru un \u00eenceput de an \u0219colar fantastic.<\/p>\n<p class=\"yiv0244208753MsoNormal\" style=\"text-align: justify;\">\n<p class=\"yiv0244208753MsoNormal\" style=\"text-align: justify;\">Nu uita nici c\u0103 p\u00e2n\u0103\u00a0<b>pe 11 septembrie 2022<\/b>, la Palas este activ\u0103 campania \u201e<b>Don`t waste your future<\/b>\u201d, \u00een cadrul c\u0103reia po\u021bi recicla materiale din h\u00e2rtie, care \u00ee\u021bi aduc premii pe loc.\u00a0<b>Centrul de Sustenabilitate este situat la intrarea dinspre Palatul Culturii<\/b>. \u00cen acela\u0219i timp, po\u021bi s\u0103 \u00ee\u021bi \u00eencerci norocul \u0219i la punctul de \u00eent\u00e2lnire \u201e<b>Slam dunk the paper junk<\/b>\u201d,\u00a0<b>de l\u00e2ng\u0103 restaurantul McDonald`s<\/b>. Dac\u0103 \u00eenscrii cel pu\u021bin o aruncare la co\u0219 din trei \u00eencerc\u0103ri, cu h\u00e2rtie folosit\u0103, po\u021bi primi c\u00e2te o Coca- Cola.<\/p>\n<p class=\"yiv0244208753MsoNormal\" style=\"text-align: justify;\"><b>\u00a0<\/b><\/p>\n<p class=\"yiv0244208753MsoNormal\" style=\"text-align: justify;\"><b>Afl\u0103 mai multe pe Facebook Palas Ia\u0219i &#8211;\u00a0<a href=\"https:\/\/www.facebook.com\/palasiasi\" target=\"_blank\" rel=\"nofollow noopener noreferrer\">https:\/\/www.facebook.com\/palasiasi<\/a>!<\/b><\/p>\n<p class=\"yiv0244208753Contact\" style=\"text-align: justify;\"><span lang=\"RO\">\u00a0<\/span><\/p>\n","protected":false},"excerpt":{"rendered":"<p>Muzica ne aduce mai aproape, iar primul weekend de toamn\u0103 calendaristic\u0103 st\u0103 sub semnul notelor&#8230; <a class=\"meta-more\" href=\"https:\/\/infois.ro\/?p=65008\">more <span class=\"meta-nav\">&raquo;<\/span><\/a><\/p>\n","protected":false},"author":2,"featured_media":65009,"comment_status":"closed","ping_status":"closed","sticky":false,"template":"","format":"standard","meta":{"footnotes":""},"categories":[41,60],"tags":[74,3515,1764,40,100],"aioseo_notices":[],"_links":{"self":[{"href":"https:\/\/infois.ro\/index.php?rest_route=\/wp\/v2\/posts\/65008"}],"collection":[{"href":"https:\/\/infois.ro\/index.php?rest_route=\/wp\/v2\/posts"}],"about":[{"href":"https:\/\/infois.ro\/index.php?rest_route=\/wp\/v2\/types\/post"}],"author":[{"embeddable":true,"href":"https:\/\/infois.ro\/index.php?rest_route=\/wp\/v2\/users\/2"}],"replies":[{"embeddable":true,"href":"https:\/\/infois.ro\/index.php?rest_route=%2Fwp%2Fv2%2Fcomments&post=65008"}],"version-history":[{"count":1,"href":"https:\/\/infois.ro\/index.php?rest_route=\/wp\/v2\/posts\/65008\/revisions"}],"predecessor-version":[{"id":65012,"href":"https:\/\/infois.ro\/index.php?rest_route=\/wp\/v2\/posts\/65008\/revisions\/65012"}],"wp:featuredmedia":[{"embeddable":true,"href":"https:\/\/infois.ro\/index.php?rest_route=\/wp\/v2\/media\/65009"}],"wp:attachment":[{"href":"https:\/\/infois.ro\/index.php?rest_route=%2Fwp%2Fv2%2Fmedia&parent=65008"}],"wp:term":[{"taxonomy":"category","embeddable":true,"href":"https:\/\/infois.ro\/index.php?rest_route=%2Fwp%2Fv2%2Fcategories&post=65008"},{"taxonomy":"post_tag","embeddable":true,"href":"https:\/\/infois.ro\/index.php?rest_route=%2Fwp%2Fv2%2Ftags&post=65008"}],"curies":[{"name":"wp","href":"https:\/\/api.w.org\/{rel}","templated":true}]}}