{"id":6531,"date":"2013-07-27T11:21:53","date_gmt":"2013-07-27T08:21:53","guid":{"rendered":"http:\/\/infois.ro\/?p=6531"},"modified":"2013-07-27T11:21:53","modified_gmt":"2013-07-27T08:21:53","slug":"vizita-primarului-gheorghe-nichita-pe-santierele-din-oras","status":"publish","type":"post","link":"https:\/\/infois.ro\/?p=6531","title":{"rendered":"Vizita primarului Gheorghe Nichita pe \u0219antierele din ora\u0219"},"content":{"rendered":"<p style=\"text-align: justify;\"><a class=\"highslide\" onclick=\"return vz.expand(this)\" href=\"http:\/\/infois.ro\/wp-content\/uploads\/2013\/07\/nichita.jpg\"><img loading=\"lazy\" decoding=\"async\" class=\"alignleft size-large wp-image-6532\" title=\"nichita\" src=\"http:\/\/infois.ro\/wp-content\/uploads\/cache\/2013\/07\/nichita\/2742697208.jpg\" alt=\"\" width=\"640\" height=\"480\" \/><\/a><\/p>\n<p style=\"text-align: justify;\">Primarul Gheorghe Nichita, \u00eenso\u021bit de viceprimarul Mihai Chirica, a efectuat vineri, 26 iulie, o vizit\u0103 la c\u00e2teva dintre \u0219antierele deschise \u00een ora\u0219, ocazie cu care a dorit s\u0103 vad\u0103 la fa\u021ba locului stadiul execut\u0103rii lucr\u0103rilor \u0219i ritmul \u00een cadrul constructorii respect\u0103 graficul prev\u0103zut \u00een contractul \u00eencheiat cu municipalitatea.\u00a0 \u00cen cadrul vizitei pe \u0219antierul privind dezvoltarea axei de transport sud a municipiului Ia\u015fi, care prevede, printre altele, reabilitarea pasajului rutier de la Nicolina, montarea noii linii de tramvai de la Podu Ro\u015f \u015fi p\u00e2n\u0103 la CUG, precum \u0219i reabilitatea \u00eentregii trame stradale, inclusiv a trotuarelor \u015fi construc\u021bia de piste de bicicli\u015fti, pe o lungime de circa patru kilometri, primarul a cerut constructorului s\u0103-\u0219i intensifice ritmul de lucru, pentru a profita de vremea bun\u0103, \u00een vederea reabilit\u0103rii hidroizola\u021biei pasajului, consolid\u0103rii pilonilor de sus\u021bine de a construc\u021biei, precum \u0219i pentru repararea \u0219i asfaltarea trotuarelor \u0219i a p\u0103r\u021bii carosabile. De remarcat c\u0103, de la \u00eenceputul s\u0103pt\u0103m\u00e2nii viitoare, circula\u021bia autovehiculelor grele pe pasajul de la Nicolina, inclusiv a autobuzelor, va fi suspendat\u0103, pentru executarea lucr\u0103rilor de reabilitare a carosabilului, traseele mijloacelor de transport \u00een comun urm\u00e2nd s\u0103 fie deviate. Proiectul privind dezvoltarea axei de transport sud a municipiului este \u00een valoare de 20 de milioane de euro (aproximativ 91 de milioane de lei), c\u00e2\u0219tig\u0103toare a licita\u021biei fiind desemnat\u0103 asocierea de firme Viarom Construct SA, Mari Vila Com, Conest SA \u015fi Vectra Service SRL, durata de execu\u021bie a lucr\u0103rilor fiind de 30 de luni de la semnarea contractului cu firma c\u00e2\u0219tig\u0103toare a licita\u021biei. Un alt \u0219antier vizitat ieri de primarul Gheorghe Nichita a fost cel de la Funda\u021bie. \u0218eful municipalit\u0103\u021bii ie\u0219ene a cerut constructorului intensificarea lucr\u0103rilor, astfel \u00eenc\u00e2t acestea s\u0103 poat\u0103 fi finalizate la termen. De remarcat c\u0103, \u00een aceast\u0103 s\u0103pt\u0103m\u00e2n\u0103 a \u00eenceput montarea liniei de tramvai deasupra pasajului subteran de la Funda\u021bie, acest lucru \u00eensemn\u00e2nd c\u0103, \u00een cel mai scurt timp, tramvaiele vor putea urca din nou Copoul. Pasajul subteran de la Funda\u021bie va avea o lungime total\u0103 de 286 de metri, fiind prev\u0103zut cu dou\u0103 benzi de circula\u0163ie pe fiecare sens \u015fi rampe de acces dinspre str. P\u0103curari \u015fi bulevardul Independen\u0163ei. Pasajul va avea o l\u0103\u0163ime de zece metri \u015fi cinci metri \u00een\u0103l\u0163ime. Benzile de circula\u0163ie, cu o l\u0103\u021bime de 3.5 metri, vor fi prev\u0103zute cu trotuare late de 1,5 metri, de o parte \u015fi de alta a p\u0103r\u0163ii carosabile, pentru vizitarea c\u0103minelor de utilit\u0103\u0163i. Lucr\u0103rile de la pasajul \u201dMihai Eminescu\u201d fac parte dintr-un proiect mai amplu, care vizeaz\u0103 reabilitarea \u015fi refacerea re\u0163elei stradale pe bulevardul Independen\u0163ei, precum \u015fi pe alte patru str\u0103zi din zona adiacent\u0103, respectiv \u0219os. P\u0103curari, str. P\u0103curari, Pia\u0163a \u201dMihai Eminescu\u201d \u015fi str. Elena Doamna Proiectul prevede totodat\u0103 reabilitarea trotuarelor aferente str\u0103zilor reabilitate, crearea de piste de bicicli\u015fti pe str. P\u0103curari \u015fi \u0219os. P\u0103curari, \u00eembun\u0103t\u0103\u0163irea sistemului de marcaj rutier, amenajarea a aproximativ 10.700 mp de spa\u0163ii verzi \u015fi reabilitarea\u00a0 liniei de tramvai de pe str. Elena Doamna. Valoarea total\u0103 a investitiei este de 20,2 milioane de euro, cea mai mare parte din suma reprezentand\u00a0fonduri nerambursabile. Conform proiectului, lucrarile ar trebui sa fie realizate in aproximativ doi ani de la semnarea contractului, respectiv \u00een toamna anului 2014.<\/p>\n","protected":false},"excerpt":{"rendered":"<p>Primarul Gheorghe Nichita, \u00eenso\u021bit de viceprimarul Mihai Chirica, a efectuat vineri, 26 iulie, o vizit\u0103&#8230; <a class=\"meta-more\" href=\"https:\/\/infois.ro\/?p=6531\">more <span class=\"meta-nav\">&raquo;<\/span><\/a><\/p>\n","protected":false},"author":2,"featured_media":6532,"comment_status":"open","ping_status":"closed","sticky":false,"template":"","format":"standard","meta":{"footnotes":""},"categories":[1,41],"tags":[74,2763,370,721,296],"aioseo_notices":[],"_links":{"self":[{"href":"https:\/\/infois.ro\/index.php?rest_route=\/wp\/v2\/posts\/6531"}],"collection":[{"href":"https:\/\/infois.ro\/index.php?rest_route=\/wp\/v2\/posts"}],"about":[{"href":"https:\/\/infois.ro\/index.php?rest_route=\/wp\/v2\/types\/post"}],"author":[{"embeddable":true,"href":"https:\/\/infois.ro\/index.php?rest_route=\/wp\/v2\/users\/2"}],"replies":[{"embeddable":true,"href":"https:\/\/infois.ro\/index.php?rest_route=%2Fwp%2Fv2%2Fcomments&post=6531"}],"version-history":[{"count":1,"href":"https:\/\/infois.ro\/index.php?rest_route=\/wp\/v2\/posts\/6531\/revisions"}],"predecessor-version":[{"id":6533,"href":"https:\/\/infois.ro\/index.php?rest_route=\/wp\/v2\/posts\/6531\/revisions\/6533"}],"wp:featuredmedia":[{"embeddable":true,"href":"https:\/\/infois.ro\/index.php?rest_route=\/wp\/v2\/media\/6532"}],"wp:attachment":[{"href":"https:\/\/infois.ro\/index.php?rest_route=%2Fwp%2Fv2%2Fmedia&parent=6531"}],"wp:term":[{"taxonomy":"category","embeddable":true,"href":"https:\/\/infois.ro\/index.php?rest_route=%2Fwp%2Fv2%2Fcategories&post=6531"},{"taxonomy":"post_tag","embeddable":true,"href":"https:\/\/infois.ro\/index.php?rest_route=%2Fwp%2Fv2%2Ftags&post=6531"}],"curies":[{"name":"wp","href":"https:\/\/api.w.org\/{rel}","templated":true}]}}