{"id":6550,"date":"2013-07-29T14:08:05","date_gmt":"2013-07-29T11:08:05","guid":{"rendered":"http:\/\/infois.ro\/?p=6550"},"modified":"2013-07-29T14:08:05","modified_gmt":"2013-07-29T11:08:05","slug":"busturile-din-parcul-copou-furate-in-primavara-vor-fi-refacute-pana-la-sfarsitul-acestui-an","status":"publish","type":"post","link":"https:\/\/infois.ro\/?p=6550","title":{"rendered":"Busturile din Parcul Copou, furate \u00een prim\u0103var\u0103, vor fi ref\u0103cute p\u00e2n\u0103 la sf\u00e2r\u0219itul acestui an"},"content":{"rendered":"<p style=\"text-align: justify;\"><a class=\"highslide\" onclick=\"return vz.expand(this)\" href=\"http:\/\/infois.ro\/wp-content\/uploads\/2013\/07\/busturi.jpg\"><img loading=\"lazy\" decoding=\"async\" class=\"alignleft size-large wp-image-6551\" title=\"busturi\" src=\"http:\/\/infois.ro\/wp-content\/uploads\/cache\/2013\/07\/busturi\/2460682845.jpg\" alt=\"\" width=\"600\" height=\"337\" \/><\/a><\/p>\n<p style=\"text-align: justify;\">Busturile lui Barbu Delavrancea, Ciprian Porumbescu \u015fi Nicolae Gane, furate \u00een luna mai din Parcul Copou, vor reveni pe soclurile de pe Aleea Scriitorilor p\u00e2n\u0103 la sf\u00e2r\u015fitul acestui an, au anun\u021bat reprezentan\u021bii Prim\u0103riei. Dup\u0103 cum a precizat viceprimarul Mihai Chirica, municipalitatea ie\u0219ean\u0103 va demara \u00een perioada urm\u0103toare un concurs pentru selectarea unui sculptor care s\u0103 refac\u0103 monumentele furate \u00een prim\u0103var\u0103 din Parcul Copou. Concursul pentru alegerea artistului plastic care va avea sarcina de a reface busturile va consta \u00een realizarea \u015fi prezentarea de machete ce vor fi jurizate de o comisie format\u0103 din speciali\u0219ti. P\u00e2n\u0103 la sf\u00e2r\u015fitul lunii septembrie, municipalitatea sper\u0103 s\u0103 fie definitivat\u0103 viitoarea \u00eenf\u0103\u0163i\u015fare a busturilor. \u201eSper\u0103m ca p\u00e2n\u0103 la sf\u00e2r\u015fitul lunii septembrie s\u0103 avem machetele \u015fi s\u0103 trecem la turnarea lor pentru a fi repuse \u00een Parcul Copou. Deocamdat\u0103 nu avem arti\u015fti plastici care s-au \u00eenscris, exist\u0103 doar dou\u0103 scrisori de inten\u0163ie. A\u015ftept\u0103m s\u0103 vedem mai multe variante artistice\u201d, a precizat viceprimarul Mihai Chirica. Busturile au fost furate de doi tineri la \u00eenceputul lunii mai din Parcul Copou \u015fi mai apoi distruse pentru a fi valorificat bronzul din care erau confec\u0163ionate. Buc\u0103\u0163i ale operelor de art\u0103 au fost recuperate de poli\u0163ie \u00een urma prinderii infractorilor, \u00eens\u0103 busturile nu mai puteau fi restaurate. Pentru refacerea busturilor, municipalitatea ie\u015fean\u0103 a rezervat \u00een bugetul acestui an 75.000 lei.<\/p>\n","protected":false},"excerpt":{"rendered":"<p>Busturile lui Barbu Delavrancea, Ciprian Porumbescu \u015fi Nicolae Gane, furate \u00een luna mai din Parcul&#8230; <a class=\"meta-more\" href=\"https:\/\/infois.ro\/?p=6550\">more <span class=\"meta-nav\">&raquo;<\/span><\/a><\/p>\n","protected":false},"author":2,"featured_media":6551,"comment_status":"open","ping_status":"closed","sticky":false,"template":"","format":"standard","meta":{"footnotes":""},"categories":[1,41],"tags":[74,2774,387,296],"aioseo_notices":[],"_links":{"self":[{"href":"https:\/\/infois.ro\/index.php?rest_route=\/wp\/v2\/posts\/6550"}],"collection":[{"href":"https:\/\/infois.ro\/index.php?rest_route=\/wp\/v2\/posts"}],"about":[{"href":"https:\/\/infois.ro\/index.php?rest_route=\/wp\/v2\/types\/post"}],"author":[{"embeddable":true,"href":"https:\/\/infois.ro\/index.php?rest_route=\/wp\/v2\/users\/2"}],"replies":[{"embeddable":true,"href":"https:\/\/infois.ro\/index.php?rest_route=%2Fwp%2Fv2%2Fcomments&post=6550"}],"version-history":[{"count":1,"href":"https:\/\/infois.ro\/index.php?rest_route=\/wp\/v2\/posts\/6550\/revisions"}],"predecessor-version":[{"id":6552,"href":"https:\/\/infois.ro\/index.php?rest_route=\/wp\/v2\/posts\/6550\/revisions\/6552"}],"wp:featuredmedia":[{"embeddable":true,"href":"https:\/\/infois.ro\/index.php?rest_route=\/wp\/v2\/media\/6551"}],"wp:attachment":[{"href":"https:\/\/infois.ro\/index.php?rest_route=%2Fwp%2Fv2%2Fmedia&parent=6550"}],"wp:term":[{"taxonomy":"category","embeddable":true,"href":"https:\/\/infois.ro\/index.php?rest_route=%2Fwp%2Fv2%2Fcategories&post=6550"},{"taxonomy":"post_tag","embeddable":true,"href":"https:\/\/infois.ro\/index.php?rest_route=%2Fwp%2Fv2%2Ftags&post=6550"}],"curies":[{"name":"wp","href":"https:\/\/api.w.org\/{rel}","templated":true}]}}