{"id":66606,"date":"2022-11-03T15:06:22","date_gmt":"2022-11-03T13:06:22","guid":{"rendered":"http:\/\/infois.ro\/?p=66606"},"modified":"2022-11-03T15:06:23","modified_gmt":"2022-11-03T13:06:23","slug":"palas-campus-cea-mai-mare-cladire-de-birouri-ca-suprafata-din-romania-inchiriat-100-inainte-de-finalizarea-lucrarilor","status":"publish","type":"post","link":"https:\/\/infois.ro\/?p=66606","title":{"rendered":"<strong>Palas Campus, cea mai mare cl\u0103dire de birouri ca suprafa\u021b\u0103 din Rom\u00e2nia, \u00eenchiriat 100% \u00eenainte de finalizarea lucr\u0103rilor<\/strong>"},"content":{"rendered":"\n<p><a href=\"http:\/\/infois.ro\/wp-content\/uploads\/2022\/11\/Palas-Campus-01.jpg\"><img loading=\"lazy\" decoding=\"async\" class=\"alignleft  wp-image-66607\" src=\"http:\/\/infois.ro\/wp-content\/uploads\/2022\/11\/Palas-Campus-01.jpg\" alt=\"\" width=\"391\" height=\"220\" srcset=\"https:\/\/infois.ro\/wp-content\/uploads\/2022\/11\/Palas-Campus-01.jpg 640w, https:\/\/infois.ro\/wp-content\/uploads\/2022\/11\/Palas-Campus-01-300x169.jpg 300w, https:\/\/infois.ro\/wp-content\/uploads\/2022\/11\/Palas-Campus-01-140x80.jpg 140w\" sizes=\"(max-width: 391px) 100vw, 391px\" \/><\/a><\/p>\n<p class=\"yiv4746552161MsoNormal\" style=\"text-align: justify;\"><b><i>Compania IULIUS se apropie de finalizarea lucr\u0103rilor de construc\u021bie pentru Palas Campus, cea mai mare cl\u0103dire de birouri ca suprafa\u021b\u0103 din \u021bar\u0103, de 60.000 mp. Proiectul dezvoltat \u00een Ia\u0219i a atins un grad de ocupare de 100%, \u00eenainte de darea \u00een folosin\u021b\u0103, care va avea loc \u00een primul trimestru din 2023. Printre chiria\u0219ii noului hub de birouri se num\u0103r\u0103 nume ce activeaz\u0103 \u00een domeniul tehnologiei, IT, automotive, dar \u0219i compania Microsoft. Amenajarea complexului este sustenabil\u0103, vine ca o extensie a ansamblului mixed-use Palas \u0219i va sus\u021bine dezvoltarea zonei centrale a Ia\u0219ului la un nivel comparabil cu cel al marilor ora\u0219e din lume, ca atractivitate urbanistic\u0103 \u0219i de business.<\/i><\/b><\/p>\n<p class=\"yiv4746552161MsoNormal\" style=\"text-align: justify;\">\u00a0<\/p>\n<p class=\"yiv4746552161MsoNormal\" style=\"text-align: justify;\">Cea mai nou\u0103 cl\u0103dire de birouri din Ia\u0219i, ce are o suprafa\u021b\u0103 de\u00a0<b>60.000 mp\u00a0<\/b>&#8211;\u00a0<b>Palas Campus &#8211;<\/b>\u00a0este\u00a0<b>\u00eenchiriat\u0103 100%<\/b>\u00a0\u0219i va fi inaugurat\u0103 \u00een primul trimestru din 2023.\u00a0<a rel=\"nofollow noopener noreferrer\" name=\"_Hlk117507128\"><\/a>Printre companiile care vor ocupa spa\u021bii \u00een\u00a0<b>Palas Campus<\/b>\u00a0se num\u0103r\u0103 \u0219i\u00a0<b>Microsoft<\/b>, care, \u00een prezent, \u00ee\u0219i desf\u0103\u0219oar\u0103 activitatea \u00eentr-un spa\u021biu din cl\u0103direa\u00a0<b>United Business Center\u00a03,\u00a0<\/b>parte a\u00a0<b>ansamblului multifunc\u021bional Palas Ia\u0219i<\/b>.<\/p>\n<p class=\"yiv4746552161MsoNormal\" style=\"text-align: justify;\"><a href=\"http:\/\/infois.ro\/wp-content\/uploads\/2022\/11\/Palas-Campus-02.jpg\"><img loading=\"lazy\" decoding=\"async\" class=\"wp-image-66608 alignright\" src=\"http:\/\/infois.ro\/wp-content\/uploads\/2022\/11\/Palas-Campus-02.jpg\" alt=\"\" width=\"389\" height=\"259\" srcset=\"https:\/\/infois.ro\/wp-content\/uploads\/2022\/11\/Palas-Campus-02.jpg 640w, https:\/\/infois.ro\/wp-content\/uploads\/2022\/11\/Palas-Campus-02-300x200.jpg 300w\" sizes=\"(max-width: 389px) 100vw, 389px\" \/><\/a><\/p>\n<p class=\"yiv4746552161MsoNormal\" style=\"text-align: justify;\">Birourile\u00a0<b>Microsoft\u00a0<\/b>vor ocupa o suprafa\u021b\u0103 de aproximativ\u00a0<b>3.300 de mp<\/b>, iar angaja\u021bii vor beneficia, de asemenea, de o gr\u0103din\u0103 privat\u0103 de 800 mp. Amenajat\u0103 la etajul 4,\u00a0 gr\u0103dina ofer\u0103 vedere panoramic\u0103 spre Palatul Culturii \u0219i zona central\u0103 a ora\u0219ului.\u00a0<a rel=\"nofollow noopener noreferrer\" name=\"_Hlk117507553\"><\/a><b><i>\u201eDup\u0103 o perioad\u0103 \u00een care am lucrat cu to\u021bii de la distan\u021b\u0103, tot mai multe companii au implementat modelul de lucru hibrid. La Microsoft, consider\u0103m c\u0103, \u00een acest mediu, rolul biroului s-a schimbat, spa\u021biile fizice trebuie s\u0103 fie acum adaptabile \u0219i s\u0103 satisfac\u0103 nevoi diferite \u2013 de la zone confortabile, mai pu\u021bin formale, unde colegii se pot \u00eent\u00e2lni \u0219i discuta, p\u00e2n\u0103 la spa\u021bii care pot g\u0103zdui \u00eent\u00e2lniri de lucru sau unde angaja\u021bii pot lucra individual. Ne dorim ca angaja\u021bii no\u0219tri s\u0103 se bucure de flexibilitate at\u00e2t \u00een ceea ce prive\u0219te programul de lucru, c\u00e2t \u0219i prin asigurarea unui cadru propice dezvolt\u0103rii profesionale \u0219i personale. A\u0219adar, pentru noi este important s\u0103 cre\u0103m un mediu de lucru \u00een care oamenii s\u0103 se simt\u0103 inspira\u021bi, \u00eencuraja\u021bi s\u0103 inoveze \u0219i s\u0103 colaboreze \u00eentre ei, urm\u0103rindu-\u0219i \u00een acela\u0219i timp pasiunile \u0219i \u00eemplinindu-\u0219i obiectivele individuale. Facilit\u0103\u021bile disponibile \u00een Palas Campus ne ofer\u0103 posibilitatea de a oferi un astfel de cadru \u00een care angaja\u021bii pot lucra \u0219i se pot relaxa deopotriv\u0103, f\u0103r\u0103 s\u0103 le fie afectat\u0103 productivitatea \u0219i capacitatea de inovare. Sper\u0103m c\u0103 aceast\u0103 schimbare va aduce, astfel, un plus \u00een activitatea \u00eentregii noastre echipe de la Ia\u0219i<\/i><\/b>\u201d, declar\u0103\u00a0<b>Adina Vidroiu, director HR &#8211; Microsoft Rom\u00e2nia, Grecia, Cipru \u0219i Malta.<\/b><\/p>\n<p class=\"yiv4746552161MsoNormal\" style=\"text-align: justify;\"><b>\u00a0<\/b><\/p>\n<p class=\"yiv4746552161MsoNormal\" style=\"text-align: justify;\"><b>Suprafa\u021ba de birouri din centrul Ia\u0219ului ajunge la peste 130.000 mp<\/b><\/p>\n<p class=\"yiv4746552161MsoNormal\" style=\"text-align: justify;\"><a href=\"http:\/\/infois.ro\/wp-content\/uploads\/2022\/11\/Palas-Campus-03.jpg\"><img loading=\"lazy\" decoding=\"async\" class=\"alignleft  wp-image-66609\" src=\"http:\/\/infois.ro\/wp-content\/uploads\/2022\/11\/Palas-Campus-03.jpg\" alt=\"\" width=\"389\" height=\"249\" srcset=\"https:\/\/infois.ro\/wp-content\/uploads\/2022\/11\/Palas-Campus-03.jpg 640w, https:\/\/infois.ro\/wp-content\/uploads\/2022\/11\/Palas-Campus-03-300x192.jpg 300w, https:\/\/infois.ro\/wp-content\/uploads\/2022\/11\/Palas-Campus-03-470x300.jpg 470w\" sizes=\"(max-width: 389px) 100vw, 389px\" \/><\/a><\/p>\n<p class=\"yiv4746552161MsoNormal\" style=\"text-align: justify;\"><a rel=\"nofollow noopener noreferrer\" name=\"_Hlk117506968\"><\/a>Palas Campus este o investi\u021bie ce dep\u0103\u0219e\u0219te 120 de milioane de euro. Imobilul desf\u0103\u0219urat pe orizontal\u0103 are \u0219ase corpuri, conectate at\u00e2t la parter, c\u00e2t \u0219i la primele trei etaje, iar dou\u0103 niveluri subterane sunt alocate unei parc\u0103ri cu o capacitate de aproximativ 625 de locuri. Pe l\u00e2ng\u0103 birourile clasa A, Palas Campus va include spa\u021bii de tip coworking \u00een aer liber, un concept nou de food market, cu restaurante, cafenele \u0219i terase, un hub medical, o zon\u0103 de servicii care s\u0103 faciliteze promovarea produc\u0103torilor locali, dar \u0219i spa\u021bii pentru du\u0219uri \u0219i vestiare, precum \u0219i locuri de parcare a bicicletelor.<\/p>\n<p class=\"yiv4746552161MsoNormal\" style=\"text-align: justify;\">\u00a0<\/p>\n<p class=\"yiv4746552161MsoNormal\" style=\"text-align: justify;\">Un alt avantaj al amplasamentului este reprezentat de vecin\u0103tatea cu ansamblul mixed-use Palas, ce ofer\u0103 nenum\u0103rate facilit\u0103\u021bi de shopping, food, petrecere a timpului liber \u0219i unde, \u00een ultimii 10 ani, s-a format \u0219i un puternic centru de business. Astfel,\u00a0<b>re\u021beaua office \u00een Ia\u0219i a grupului IULIUS ajunge la<\/b>\u00a0<b>peste 130.000 mp<\/b>,\u00a0<b>Palas Campus<\/b>\u00a0complet\u00e2nd comunitatea\u00a0<b>United Business Center<\/b>, care cuprinde\u00a0<b>7 cl\u0103diri de birouri premium<\/b>, cu o\u00a0<b>suprafa\u021b\u0103 de<\/b>\u00a0<b>75.600 mp<\/b>, ce g\u0103zduiesc\u00a0<b>50 de companii<\/b>\u00a0\u0219i unde lucreaz\u0103\u00a0<b>10.000 de angaja\u021bi<\/b>.<\/p>\n<p class=\"yiv4746552161MsoNormal\" style=\"text-align: justify;\">\u00a0<\/p>\n<p class=\"yiv4746552161MsoNormal\" style=\"text-align: justify;\">Palas Campus este un proiect sustenabil \u00eenc\u0103 din faza de proiect, singurul care se afl\u0103 \u00een proces de dubl\u0103 certificare green \u2013 EDGE (Excellence in Design for Greater Efficiencies) al\u00a0 International Finance Corporation (IFC) \u0219i LEED (Leadership in Energy and Environmental Design) al US Green Building Council. De altfel, proiectul a atras \u0219i primul credit verde acordat unei companii rom\u00e2ne\u0219ti, de la IFC, parte a B\u0103ncii Mondiale.<\/p>\n","protected":false},"excerpt":{"rendered":"<p>Compania IULIUS se apropie de finalizarea lucr\u0103rilor de construc\u021bie pentru Palas Campus, cea mai mare&#8230; <a class=\"meta-more\" href=\"https:\/\/infois.ro\/?p=66606\">more <span class=\"meta-nav\">&raquo;<\/span><\/a><\/p>\n","protected":false},"author":2,"featured_media":66609,"comment_status":"closed","ping_status":"closed","sticky":false,"template":"","format":"standard","meta":{"footnotes":""},"categories":[6,41],"tags":[74,5595,10282,40,15918],"aioseo_notices":[],"_links":{"self":[{"href":"https:\/\/infois.ro\/index.php?rest_route=\/wp\/v2\/posts\/66606"}],"collection":[{"href":"https:\/\/infois.ro\/index.php?rest_route=\/wp\/v2\/posts"}],"about":[{"href":"https:\/\/infois.ro\/index.php?rest_route=\/wp\/v2\/types\/post"}],"author":[{"embeddable":true,"href":"https:\/\/infois.ro\/index.php?rest_route=\/wp\/v2\/users\/2"}],"replies":[{"embeddable":true,"href":"https:\/\/infois.ro\/index.php?rest_route=%2Fwp%2Fv2%2Fcomments&post=66606"}],"version-history":[{"count":1,"href":"https:\/\/infois.ro\/index.php?rest_route=\/wp\/v2\/posts\/66606\/revisions"}],"predecessor-version":[{"id":66610,"href":"https:\/\/infois.ro\/index.php?rest_route=\/wp\/v2\/posts\/66606\/revisions\/66610"}],"wp:featuredmedia":[{"embeddable":true,"href":"https:\/\/infois.ro\/index.php?rest_route=\/wp\/v2\/media\/66609"}],"wp:attachment":[{"href":"https:\/\/infois.ro\/index.php?rest_route=%2Fwp%2Fv2%2Fmedia&parent=66606"}],"wp:term":[{"taxonomy":"category","embeddable":true,"href":"https:\/\/infois.ro\/index.php?rest_route=%2Fwp%2Fv2%2Fcategories&post=66606"},{"taxonomy":"post_tag","embeddable":true,"href":"https:\/\/infois.ro\/index.php?rest_route=%2Fwp%2Fv2%2Ftags&post=66606"}],"curies":[{"name":"wp","href":"https:\/\/api.w.org\/{rel}","templated":true}]}}