{"id":66981,"date":"2022-11-18T15:06:01","date_gmt":"2022-11-18T13:06:01","guid":{"rendered":"http:\/\/infois.ro\/?p=66981"},"modified":"2022-11-18T15:06:01","modified_gmt":"2022-11-18T13:06:01","slug":"10-tone-de-hartie-s-au-reciclat-la-palas-in-aceasta-toamna-spread-the-cheer-pentru-ca-reincepem-campania-tis-the-season-to-be-eco","status":"publish","type":"post","link":"https:\/\/infois.ro\/?p=66981","title":{"rendered":"10 tone de h\u00e2rtie s-au reciclat la Palas \u00een aceast\u0103 toamn\u0103. \u201eSpread the cheer!\u201d pentru c\u0103 re\u00eencepem campania \u201e\u2018Tis the season to be ECO\u201d"},"content":{"rendered":"<p><img loading=\"lazy\" decoding=\"async\" class=\" wp-image-66982 alignleft\" src=\"http:\/\/infois.ro\/wp-content\/uploads\/2022\/11\/reciclare-390x171.jpg\" alt=\"\" width=\"534\" height=\"234\" srcset=\"https:\/\/infois.ro\/wp-content\/uploads\/2022\/11\/reciclare-390x171.jpg 390w, https:\/\/infois.ro\/wp-content\/uploads\/2022\/11\/reciclare.jpg 640w\" sizes=\"(max-width: 534px) 100vw, 534px\" \/><\/p>\n<p class=\"yiv9840742563MsoNormal\" style=\"text-align: justify;\"><b><i>\u00cen acest an, de s\u0103rb\u0103tori, suntem mai aten\u021bi la cei dragi, mai empatici cu tot ce ne \u00eenconjoar\u0103 \u0219i mai responsabili cu mediul. Dup\u0103 ce \u00een toamn\u0103 am colectat \u00eempreun\u0103 peste 10 tone de h\u00e2rtie, d\u0103m start celei de-a doua etape a campaniei de reciclare de la Palas, iar tu po\u021bi deveni un spiridu\u0219 al s\u0103rb\u0103torilor sustenabile. P\u00e2n\u0103 pe 4 decembrie 2022, po\u021bi s\u0103 aduci cu tine h\u00e2rtie de ambalaj, cutii de cadou, felicit\u0103ri vechi, c\u0103r\u021bi sau caiete uzate, iar \u00een schimb prime\u0219ti premii, pentru c\u0103\u00a0<a rel=\"nofollow noopener noreferrer\" name=\"_Hlk119407893\"><\/a>\u201e\u2018Tis the season to be ECO\u201d.<\/i><\/b><b><i><\/i><\/b><\/p>\n<p class=\"yiv9840742563MsoNormal\" style=\"text-align: justify;\">\n<p class=\"yiv9840742563MsoNormal\" style=\"text-align: justify;\">Pentru a produce 10 kilograme de h\u00e2rtie sunt t\u0103ia\u021bi 24 de copaci, care au o \u00een\u0103l\u021bime de 12 metri, \u00eens\u0103 tu \u00eei po\u021bi salva. Cum?\u00a0<b>Aduc\u00e2nd la Palas 10 kg de h\u00e2rtie<\/b>,\u00a0<b>la centrul de reciclare de<\/b>\u00a0<b>la baza sc\u0103rilor rulante din zona magazinului dm drogerie markt\u00a0<\/b>(galerie Palas Mall, nivel -3). Este acceptat orice tip de h\u00e2rtie, printre care \u0219i\u00a0<b>ambalaje \u0219i cutii de cadouri<\/b>,\u00a0<b>felicit\u0103ri vechi<\/b>,\u00a0<b>c\u0103r\u021bi sau caiete uzate<\/b>. Le introduci pe toate \u00een ma\u0219in\u0103ria de reciclat, iar\u00a0<b><i>Semaforul faptelor bune<\/i><\/b>\u00a0d\u0103 verdictul:\u00a0<b>Naughty (becul ro\u0219u)<\/b>\u00a0or\u00a0<b>Nice (becul verde)<\/b>. \u00cen func\u021bie de ce bec se aprinde, prime\u0219ti un cadou din partea noastr\u0103.<\/p>\n<p class=\"yiv9840742563MsoNormal\" style=\"text-align: justify;\">\n<p class=\"yiv9840742563MsoNormal\" style=\"text-align: justify;\">Tu ai reciclat, noi am creat!\u00a0<b>\u00cen luna septembrie a acestui an<\/b>, ie\u0219enii au fost invita\u021bi s\u0103 recicleze h\u00e2rtia \u00een cadrul\u00a0<b>primei etape a companiei de con\u0219tientizare a ac\u021biunilor ecologice, demarate de Palas<\/b>. Au\u00a0<b>fost adunate 10 tone de h\u00e2rtie<\/b>, iar\u00a0<b>cu o parte au fost create decora\u021biuni pentru Cr\u0103ciun<\/b>,\u00a0<b>prin tehnica Papier m\u00e2ch\u00e9,\u00a0<\/b>care vor fi admirate \u00een Palas,\u00a0<b>\u00een bradul de Cr\u0103ciun amplasat \u00een zona Guess<\/b>. Restul h\u00e2rtiei a fost reciclat\u0103 cu ajutorul\u00a0<b>partenerilor no\u0219tri de la Recycle<\/b>.<\/p>\n<p class=\"yiv9840742563MsoNormal\" style=\"text-align: justify;\">\n<p class=\"yiv9840742563MsoNormal\" style=\"text-align: justify;\">Ne dorim o tradi\u021bie prin care s\u0103 continu\u0103m ini\u021biativa de \u00eenfrumuse\u021bare a h\u00e2rtiei.\u00a0<b>Astfel, cu materialele colectate \u00een cadrul campaniei actuale \u201e\u2018Tis the season to be ECO\u201d se vor realiza decora\u021biuni pentru s\u0103rb\u0103torile pascale din anul 2023, care vor fi expuse \u00een Palas.<\/b><\/p>\n<p class=\"yiv9840742563MsoNormal\" style=\"text-align: justify;\"><b>\u00a0<\/b><\/p>\n<p class=\"yiv9840742563MsoNormal\" style=\"text-align: justify;\">Spread the cheer!<\/p>\n<p class=\"yiv9840742563MsoNormal\" style=\"text-align: justify;\"><b>\u00a0<\/b><\/p>\n","protected":false},"excerpt":{"rendered":"<p>\u00cen acest an, de s\u0103rb\u0103tori, suntem mai aten\u021bi la cei dragi, mai empatici cu tot&#8230; <a class=\"meta-more\" href=\"https:\/\/infois.ro\/?p=66981\">more <span class=\"meta-nav\">&raquo;<\/span><\/a><\/p>\n","protected":false},"author":2,"featured_media":66982,"comment_status":"closed","ping_status":"closed","sticky":false,"template":"","format":"standard","meta":{"footnotes":""},"categories":[6,41],"tags":[74,3515,40,100,577],"aioseo_notices":[],"_links":{"self":[{"href":"https:\/\/infois.ro\/index.php?rest_route=\/wp\/v2\/posts\/66981"}],"collection":[{"href":"https:\/\/infois.ro\/index.php?rest_route=\/wp\/v2\/posts"}],"about":[{"href":"https:\/\/infois.ro\/index.php?rest_route=\/wp\/v2\/types\/post"}],"author":[{"embeddable":true,"href":"https:\/\/infois.ro\/index.php?rest_route=\/wp\/v2\/users\/2"}],"replies":[{"embeddable":true,"href":"https:\/\/infois.ro\/index.php?rest_route=%2Fwp%2Fv2%2Fcomments&post=66981"}],"version-history":[{"count":1,"href":"https:\/\/infois.ro\/index.php?rest_route=\/wp\/v2\/posts\/66981\/revisions"}],"predecessor-version":[{"id":66983,"href":"https:\/\/infois.ro\/index.php?rest_route=\/wp\/v2\/posts\/66981\/revisions\/66983"}],"wp:featuredmedia":[{"embeddable":true,"href":"https:\/\/infois.ro\/index.php?rest_route=\/wp\/v2\/media\/66982"}],"wp:attachment":[{"href":"https:\/\/infois.ro\/index.php?rest_route=%2Fwp%2Fv2%2Fmedia&parent=66981"}],"wp:term":[{"taxonomy":"category","embeddable":true,"href":"https:\/\/infois.ro\/index.php?rest_route=%2Fwp%2Fv2%2Fcategories&post=66981"},{"taxonomy":"post_tag","embeddable":true,"href":"https:\/\/infois.ro\/index.php?rest_route=%2Fwp%2Fv2%2Ftags&post=66981"}],"curies":[{"name":"wp","href":"https:\/\/api.w.org\/{rel}","templated":true}]}}