{"id":6771,"date":"2013-08-18T20:30:06","date_gmt":"2013-08-18T17:30:06","guid":{"rendered":"http:\/\/infois.ro\/?p=6771"},"modified":"2013-08-18T20:30:06","modified_gmt":"2013-08-18T17:30:06","slug":"peste-20-000-de-ieseni-au-participat-la-aeronautic-show-iasi-2013","status":"publish","type":"post","link":"https:\/\/infois.ro\/?p=6771","title":{"rendered":"Peste 20.000 de ie\u0219eni au participat la Aeronautic Show Ia\u0219i 2013"},"content":{"rendered":"<p style=\"text-align: justify;\"><a class=\"highslide\" onclick=\"return vz.expand(this)\" href=\"http:\/\/infois.ro\/wp-content\/uploads\/2013\/08\/Show-aeronautic.jpg\"><img loading=\"lazy\" decoding=\"async\" class=\"alignleft size-large wp-image-6772\" title=\"Show aeronautic\" src=\"http:\/\/infois.ro\/wp-content\/uploads\/cache\/2013\/08\/Show-aeronautic\/1360251880.jpg\" alt=\"\" width=\"640\" height=\"375\" \/><\/a><\/p>\n<p style=\"text-align: justify;\">Cel mai important eveniment aeronautic din istoria Moldovei a avut loc ieri, la Ia\u0219i. Evenimentul, organizat de c\u0103tre Consiliul Jude\u021bean, s-a desf\u0103\u0219urat pe malul lacului Aroneanu \u0219i a atras peste 20.000 de ie\u0219eni. \u201eCelebr\u0103m faptul c\u0103 acum dou\u0103 s\u0103pt\u0103m\u00e2ni am inaugurat lucr\u0103rile de la noua pist\u0103 a Aeroportului din Ia\u0219i. Este un prilej de bucurie. M\u0103 bucur c\u0103 ie\u0219enii au participat \u00eentr-un num\u0103r at\u00e2t de mare. Succesul din acest an al evenimentului demonstreaz\u0103 faptul c\u0103 acest show aeronautic trebuie s\u0103 devin\u0103 o tradi\u021bie. Anul viitor vom organiza un eveniment asem\u0103n\u0103tor, dar mai bine organizat \u0219i mai spectaculos\u201d, a declarat Cristian Adomni\u021bei, pre\u0219edintele Consiliului Jude\u021bean Ia\u0219i. Evenimentul a \u00eenceput la ora 15.00 \u0219i a continuat p\u00e2n\u0103 dup\u0103 apusul soarelui. Punctul culminant al spectacolului a fost o simulare de lupt\u0103 aerian\u0103, cu avioanele Aeroclubului Rom\u00e2niei. Programul complet poate fi g\u0103sit la adresa http:\/\/www.aeronauticshow.ro\/program\/. Pentru acest eveniment Consiliul Jude\u021bean Ia\u0219i a alocat suma de 150.000 de lei.<\/p>\n","protected":false},"excerpt":{"rendered":"<p>Cel mai important eveniment aeronautic din istoria Moldovei a avut loc ieri, la Ia\u0219i. Evenimentul,&#8230; <a class=\"meta-more\" href=\"https:\/\/infois.ro\/?p=6771\">more <span class=\"meta-nav\">&raquo;<\/span><\/a><\/p>\n","protected":false},"author":2,"featured_media":6772,"comment_status":"open","ping_status":"closed","sticky":false,"template":"","format":"standard","meta":{"footnotes":""},"categories":[1,41],"tags":[74,374,40,2879],"aioseo_notices":[],"_links":{"self":[{"href":"https:\/\/infois.ro\/index.php?rest_route=\/wp\/v2\/posts\/6771"}],"collection":[{"href":"https:\/\/infois.ro\/index.php?rest_route=\/wp\/v2\/posts"}],"about":[{"href":"https:\/\/infois.ro\/index.php?rest_route=\/wp\/v2\/types\/post"}],"author":[{"embeddable":true,"href":"https:\/\/infois.ro\/index.php?rest_route=\/wp\/v2\/users\/2"}],"replies":[{"embeddable":true,"href":"https:\/\/infois.ro\/index.php?rest_route=%2Fwp%2Fv2%2Fcomments&post=6771"}],"version-history":[{"count":1,"href":"https:\/\/infois.ro\/index.php?rest_route=\/wp\/v2\/posts\/6771\/revisions"}],"predecessor-version":[{"id":6773,"href":"https:\/\/infois.ro\/index.php?rest_route=\/wp\/v2\/posts\/6771\/revisions\/6773"}],"wp:featuredmedia":[{"embeddable":true,"href":"https:\/\/infois.ro\/index.php?rest_route=\/wp\/v2\/media\/6772"}],"wp:attachment":[{"href":"https:\/\/infois.ro\/index.php?rest_route=%2Fwp%2Fv2%2Fmedia&parent=6771"}],"wp:term":[{"taxonomy":"category","embeddable":true,"href":"https:\/\/infois.ro\/index.php?rest_route=%2Fwp%2Fv2%2Fcategories&post=6771"},{"taxonomy":"post_tag","embeddable":true,"href":"https:\/\/infois.ro\/index.php?rest_route=%2Fwp%2Fv2%2Ftags&post=6771"}],"curies":[{"name":"wp","href":"https:\/\/api.w.org\/{rel}","templated":true}]}}