{"id":6784,"date":"2013-08-18T20:38:59","date_gmt":"2013-08-18T17:38:59","guid":{"rendered":"http:\/\/infois.ro\/?p=6784"},"modified":"2013-08-18T20:38:59","modified_gmt":"2013-08-18T17:38:59","slug":"pasajul-de-la-fundatie-va-fi-placat-cu-granit-si-iluminat-in-interior","status":"publish","type":"post","link":"https:\/\/infois.ro\/?p=6784","title":{"rendered":"Pasajul de la Funda\u021bie va fi placat cu granit \u0219i iluminat \u00een interior"},"content":{"rendered":"<p style=\"text-align: justify;\"><a class=\"highslide\" onclick=\"return vz.expand(this)\" href=\"http:\/\/infois.ro\/wp-content\/uploads\/2013\/08\/pasaj.jpg\"><img loading=\"lazy\" decoding=\"async\" class=\"alignleft size-large wp-image-6785\" title=\"pasaj\" src=\"http:\/\/infois.ro\/wp-content\/uploads\/cache\/2013\/08\/pasaj\/3490700298.jpg\" alt=\"\" width=\"640\" height=\"353\" \/><\/a><\/p>\n<p style=\"text-align: justify;\">Pasajul subteran de la Funda\u0163ie va fi placat cu granit, vor fi montate panouri electronice de informare, iar iluminatul \u00een tunel se va face prin l\u0103mpi amplasate \u00een ni\u015fe. Potrivit reprezentan\u021bilor municipalit\u0103\u021bii, autorit\u0103\u021bile locale doresc schimbarea solu\u0163iei tehnice adoptate pentru finisajele pasajului subteran \u201dMihai Eminescu\u201d. Astfel, \u00eempreun\u0103 cu arhitec\u0163ii \u015fi reprezentan\u0163ii Direc\u0163iei de Cultur\u0103 a fost stabilit\u0103 viitoarea \u00eenf\u0103\u0163i\u015fare a interiorului pasajului. Aceasta presupune modificarea proiectului ini\u0163ial, \u00een vederea \u00eembun\u0103t\u0103\u0163irii designului \u015fi a dot\u0103rilor viitorului tunel rutier. \u201dInteriorul pasajului va fi placat cu granit,\u00a0 pentru a se armoniza cu cl\u0103direa Bibiliotecii Centrale Universitare, vor fi folosite elemente de o\u0163el, parape\u0163i cu amortizori, iar la intr\u0103rile \u00een pasaj vor fi montate panouri electronice de informare. Iluminatul din interiorul tunelui va fi realizat prin l\u0103mpi ascunse \u00een ni\u015fe \u015fi nu prin st\u00e2lpi, a\u015fa cum era proiectat ini\u0163ial. De asemenea, exteriorul pasajului a suferit modific\u0103ri de proiect. Luminatorul central nu va fi construit \u00een form\u0103 de piramid\u0103, ci va fi plan, pentru a nu obtura \u00een niciun fel vizibilitatea spre monumnetele din zon\u0103\u201d, a declarat viceprimarul Mihai Chirica. Reprezentan\u0163ii Prim\u0103riei au trimis deja spre aprobare c\u0103tre Ministerul Dezvolt\u0103rii documenta\u0163ia de modificare a proiectului de la Funda\u0163ie, urm\u00e2nd ca dup\u0103 r\u0103spunsul autorit\u0103\u0163ilor s\u0103 fie demarat\u0103 o licita\u0163ie pentru noile lucr\u0103ri. Conform estim\u0103rilor, pentru modificarea finisajelor este nevoie de o sum\u0103 \u00eentre 500.000 \u2013 600.000 euro. \u201e\u00cen acest caz nu vorbim de sume suplimentare, pentru c\u0103 bani sunt \u00een proiect \u00eenc\u0103 de la \u00eenceput, ci vorbim de o modificare care vrea s\u0103 aduc\u0103 un plus de valoare privind calitatea finisajului. Pasajul Eminescu va fi o poart\u0103 de intrare \u00een zona central\u0103 a Ia\u015fului \u015fi trebuie s\u0103 arate altfel. Ini\u0163ial era preg\u0103tit s\u0103 fie finisat prin torcretare, dar ar fi ar\u0103tat ca o suprafa\u0163\u0103 de beton. Ne-am consultat \u015fi cu arhitec\u0163ii \u015fi cu Direc\u0163ia de Cultur\u0103 \u015fi am g\u0103sit o formul\u0103 mult mai acceptabil\u0103 pentru ceea ce \u00eenseamn\u0103 acest pasaj\u201d, a precizat viceprimarul Mihai Chirica. \u00cen aceast\u0103 perioad\u0103 se desf\u0103\u015foar\u0103 ultimele lucr\u0103ri pentru finalizarea liniei de tramvai dintre strada Musicescu \u015fi statuia lui Mihai Eminescu. Peste c\u00e2teva zile este programat\u0103 asfaltarea zonei liniilor de tramvai \u015fi primele probe de circula\u0163ie a tramvaielor. \u00cen septembrie urmeaz\u0103 s\u0103 fie deschise traseele de tramvai c\u0103tre Copou. \u00cen paralel se lucreaz\u0103 la ambele refugii de la sta\u0163iile de tramvai de pe str. Gavril Musicescu, care sunt aproape finalizate. De asemenea, au fost turnate \u015fi funda\u0163iile la st\u00e2lpii care vor sus\u0163ine re\u0163eaua de fir contact. Pe de alt\u0103 parte, lucr\u0103rile avanseaz\u0103 \u015fi \u00een ceea ce prive\u015fte structura pasajului subteran. Muncitorii au definitivat s\u0103p\u0103turile pentru stratul suport al viitoarei c\u0103i de circula\u0163ie \u015fi se preg\u0103tesc pentru realizarea zonei centrale a pasajului subteran.<\/p>\n","protected":false},"excerpt":{"rendered":"<p>Pasajul subteran de la Funda\u0163ie va fi placat cu granit, vor fi montate panouri electronice&#8230; <a class=\"meta-more\" href=\"https:\/\/infois.ro\/?p=6784\">more <span class=\"meta-nav\">&raquo;<\/span><\/a><\/p>\n","protected":false},"author":2,"featured_media":6785,"comment_status":"open","ping_status":"closed","sticky":false,"template":"","format":"standard","meta":{"footnotes":""},"categories":[1,41],"tags":[74,530,40,2882],"aioseo_notices":[],"_links":{"self":[{"href":"https:\/\/infois.ro\/index.php?rest_route=\/wp\/v2\/posts\/6784"}],"collection":[{"href":"https:\/\/infois.ro\/index.php?rest_route=\/wp\/v2\/posts"}],"about":[{"href":"https:\/\/infois.ro\/index.php?rest_route=\/wp\/v2\/types\/post"}],"author":[{"embeddable":true,"href":"https:\/\/infois.ro\/index.php?rest_route=\/wp\/v2\/users\/2"}],"replies":[{"embeddable":true,"href":"https:\/\/infois.ro\/index.php?rest_route=%2Fwp%2Fv2%2Fcomments&post=6784"}],"version-history":[{"count":1,"href":"https:\/\/infois.ro\/index.php?rest_route=\/wp\/v2\/posts\/6784\/revisions"}],"predecessor-version":[{"id":6786,"href":"https:\/\/infois.ro\/index.php?rest_route=\/wp\/v2\/posts\/6784\/revisions\/6786"}],"wp:featuredmedia":[{"embeddable":true,"href":"https:\/\/infois.ro\/index.php?rest_route=\/wp\/v2\/media\/6785"}],"wp:attachment":[{"href":"https:\/\/infois.ro\/index.php?rest_route=%2Fwp%2Fv2%2Fmedia&parent=6784"}],"wp:term":[{"taxonomy":"category","embeddable":true,"href":"https:\/\/infois.ro\/index.php?rest_route=%2Fwp%2Fv2%2Fcategories&post=6784"},{"taxonomy":"post_tag","embeddable":true,"href":"https:\/\/infois.ro\/index.php?rest_route=%2Fwp%2Fv2%2Ftags&post=6784"}],"curies":[{"name":"wp","href":"https:\/\/api.w.org\/{rel}","templated":true}]}}