{"id":68145,"date":"2023-01-17T19:30:24","date_gmt":"2023-01-17T17:30:24","guid":{"rendered":"http:\/\/infois.ro\/?p=68145"},"modified":"2023-01-18T10:34:23","modified_gmt":"2023-01-18T08:34:23","slug":"proiect-erasmus-privind-obtinerea-de-acuarele-din-deseuri-organice-derulat-de-universitatea-de-stiintele-vietii","status":"publish","type":"post","link":"https:\/\/infois.ro\/?p=68145","title":{"rendered":"Proiect Erasmus+ privind ob\u021binerea de acuarele din de\u0219euri organice, derulat de Universitatea de \u015etiin\u0163ele Vie\u0163ii"},"content":{"rendered":"<p><img loading=\"lazy\" decoding=\"async\" class=\"size-medium wp-image-68146 alignleft\" src=\"http:\/\/infois.ro\/wp-content\/uploads\/2023\/01\/usv-5-390x293.jpg\" alt=\"\" width=\"390\" height=\"293\" srcset=\"https:\/\/infois.ro\/wp-content\/uploads\/2023\/01\/usv-5-390x293.jpg 390w, https:\/\/infois.ro\/wp-content\/uploads\/2023\/01\/usv-5.jpg 640w\" sizes=\"(max-width: 390px) 100vw, 390px\" \/><\/p>\n<p style=\"text-align: justify;\">La Universitatea de \u0218tiin\u021bele Vie\u021bii \u201eIon Ionescu de la Brad\u201d din Ia\u0219i (USV) a avut loc mar\u0163i 17 ianuarie, lansarea oficial\u0103 a proiectului \u00abFrom \u201dWaste\u201d to \u201dArt\u201d for a Sustainable World\u00bb, finan\u021bat prin programul ERASMUS+. Institu\u021bia coordonatoare a proiectului este Ensemble Scolaire La Salle \u201eMaison Blanche\u201d, Saint-Paul R\u00e9union din Fran\u021ba, iar parteneri sunt Agrupamento de Escolas de Resende, Resende din Portugalia, Kauno Taikomosios Dail\u0117s Mokykla din \u00a0Kaunas\u2013 Lituania, \u201eSv.Kliment Ohridski\u201d High School din Ohrid\u2013 Macedonia, \u00a0\u015fi \u00c7a\u011fda\u015f ve Yenilik\u00e7i E\u011fitimciler Derne\u011fi din Trabzon &#8211; Turcia.<\/p>\n<p style=\"text-align: justify;\">\n<p style=\"text-align: justify;\">\u201e\u00cen cadrul proiectului, ca scop principal ne-am propus ob\u021binerea de acuarele din de\u0219euri organice \u0219i promovarea acestora, pentru a inspira dezvoltarea \u0219i folosirea \u00een viitor a unor materiale \u0219i tehnici inovatoare \u0219i ecologice. Proiectul are rolul educativ de con\u0219tientizare asupra importan\u021bei recicl\u0103rii de\u0219eurilor, ca m\u0103sur\u0103 \u00eempotriva polu\u0103rii mediului, prin contaminarea apei \u0219i solului cu substan\u021be chimice d\u0103un\u0103toare \u0219i rol economic, de a reduce costurile pentru procurarea acuarelelor folosite \u00een cadrul orelor de educa\u021bie plastic\u0103 din institu\u021biile partenere\u201d, a declarat \u0219ef lucr.dr. Ilie Bodale, coordonatorul proiectului din partea USV Ia\u0219i.<\/p>\n<p style=\"text-align: justify;\">\n<p style=\"text-align: justify;\">De asemenea, proiectul \u00ee\u0219i propune s\u0103 atrag\u0103 aten\u021bia publicului larg prin prezentarea unor \u201dopere de art\u0103\u201d ce vor fi realizate din de\u0219euri \u00een cadrul atelierelor de lucru. Proiectul se va desf\u0103\u0219ura \u00een toate institu\u021biile partenere, pentru a permite participan\u021bilor s\u0103 descopere cultura \u0219i istoria \u021b\u0103rilor gazd\u0103. Rolul USV Ia\u0219i \u00een acest proiect este de a asigura suport \u0219tiin\u021bific pentru realizarea culorilor organice.<\/p>\n<p style=\"text-align: justify;\">\n","protected":false},"excerpt":{"rendered":"<p>La Universitatea de \u0218tiin\u021bele Vie\u021bii \u201eIon Ionescu de la Brad\u201d din Ia\u0219i (USV) a avut&#8230; <a class=\"meta-more\" href=\"https:\/\/infois.ro\/?p=68145\">more <span class=\"meta-nav\">&raquo;<\/span><\/a><\/p>\n","protected":false},"author":2,"featured_media":68146,"comment_status":"closed","ping_status":"closed","sticky":false,"template":"","format":"standard","meta":{"footnotes":""},"categories":[12,41],"tags":[74,16123,40,6214,14365],"aioseo_notices":[],"_links":{"self":[{"href":"https:\/\/infois.ro\/index.php?rest_route=\/wp\/v2\/posts\/68145"}],"collection":[{"href":"https:\/\/infois.ro\/index.php?rest_route=\/wp\/v2\/posts"}],"about":[{"href":"https:\/\/infois.ro\/index.php?rest_route=\/wp\/v2\/types\/post"}],"author":[{"embeddable":true,"href":"https:\/\/infois.ro\/index.php?rest_route=\/wp\/v2\/users\/2"}],"replies":[{"embeddable":true,"href":"https:\/\/infois.ro\/index.php?rest_route=%2Fwp%2Fv2%2Fcomments&post=68145"}],"version-history":[{"count":1,"href":"https:\/\/infois.ro\/index.php?rest_route=\/wp\/v2\/posts\/68145\/revisions"}],"predecessor-version":[{"id":68147,"href":"https:\/\/infois.ro\/index.php?rest_route=\/wp\/v2\/posts\/68145\/revisions\/68147"}],"wp:featuredmedia":[{"embeddable":true,"href":"https:\/\/infois.ro\/index.php?rest_route=\/wp\/v2\/media\/68146"}],"wp:attachment":[{"href":"https:\/\/infois.ro\/index.php?rest_route=%2Fwp%2Fv2%2Fmedia&parent=68145"}],"wp:term":[{"taxonomy":"category","embeddable":true,"href":"https:\/\/infois.ro\/index.php?rest_route=%2Fwp%2Fv2%2Fcategories&post=68145"},{"taxonomy":"post_tag","embeddable":true,"href":"https:\/\/infois.ro\/index.php?rest_route=%2Fwp%2Fv2%2Ftags&post=68145"}],"curies":[{"name":"wp","href":"https:\/\/api.w.org\/{rel}","templated":true}]}}