{"id":6920,"date":"2013-08-30T14:51:44","date_gmt":"2013-08-30T11:51:44","guid":{"rendered":"http:\/\/infois.ro\/?p=6920"},"modified":"2013-08-30T14:51:44","modified_gmt":"2013-08-30T11:51:44","slug":"lucrarile-la-santierul-deschis-pe-strada-i-c-bratianu-se-apropie-de-final","status":"publish","type":"post","link":"https:\/\/infois.ro\/?p=6920","title":{"rendered":"Lucr\u0103rile la \u0219antierul deschis pe strada I.C. Br\u0103tianu se apropie de final"},"content":{"rendered":"<p style=\"text-align: justify;\"><a class=\"highslide\" onclick=\"return vz.expand(this)\" href=\"http:\/\/infois.ro\/wp-content\/uploads\/2013\/08\/strada.jpg\"><img loading=\"lazy\" decoding=\"async\" class=\"alignleft size-large wp-image-6921\" title=\"strada\" src=\"http:\/\/infois.ro\/wp-content\/uploads\/cache\/2013\/08\/strada\/1084713689.jpg\" alt=\"\" width=\"600\" height=\"399\" \/><\/a><\/p>\n<p style=\"text-align: justify;\">Circula\u021bia autovehiculelor \u00een zona central\u0103 a municipiului Ia\u0219i va fi deblocat\u0103 \u00eencep\u00e2nd de s\u0103pt\u0103m\u00e2n\u0103 viitoare, odat\u0103 cu redeschiderea mai mult str\u0103zi din preajma Palatului Roznovanu. Astfel, p\u00e2n\u0103 pe data de 5 septembrie, \u0219ase str\u0103zi din aceast\u0103 zon\u0103 urmeaz\u0103 s\u0103 fie redate circula\u021biei auto, dup\u0103 cum a anun\u021bat primarul Gheorghe Nichita. \u201dEste vorba de str\u0103zile Dancu, Matei Millo, Agatha B\u00e2rsescu \u2013 por\u0163iunea din fa\u0163a Teatrului Na\u0163ional p\u00e2n\u0103 la parcarea din spatele Prim\u0103riei, Armean\u0103, Vovidenie \u015fi por\u0163iunea dintre Hala Central\u0103 \u015fi Elena Doamna, care vor fi puse \u00een func\u021biune la strat de binder. Cel\u0103lalt segment al str\u0103zii va fi atacat dup\u0103 ce vom finaliza lucr\u0103rile la magistrala II de termoficare\u201d, a precizat edilul. \u0218eful municipalit\u0103\u021bii a ad\u0103ugat c\u0103 termenul limit\u0103 de finalizarea complet\u0103 a lucr\u0103rilor la proiectul ce prevede modernizarea celor 11 str\u0103zi \u015fi trei parc\u0103ri din zona central\u0103 este stabilit pentru luna noiembrie 2013. Proiectul, intitulat \u201eCre\u015fterea accesibilit\u0103\u0163ii spre zona central\u0103, economic\u0103 \u015fi comercial\u0103 a Polului de Cre\u015ftere Ia\u015fi\u201d, are o valoare de peste nou\u0103 milioane de lei, o parte important din aceast\u0103 sum\u0103 reprezent\u00e2nd fonduri europene. Str\u0103zile \u0219i parc\u0103rile care urmeaz\u0103 s\u0103 fie ref\u0103cute sunt urm\u0103toarele: strada Costache Negri (\u00eentre Liceul V. Alecsandri \u015fi str. Armean\u0103), strada B\u0103rboi (traseul se desf\u0103\u015foar\u0103 \u00eentre strada Costache Negri \u015fi strada Elena Doamna), stradela B\u0103rboi, strada Armean\u0103 (traseul se desf\u0103\u015foar\u0103 \u00eentre strada Costache Negri \u015fi strada Cuza Vod\u0103), strada Sf. Sava (traseul se desf\u0103\u015foar\u0103 \u00eentre strada Armean\u0103 \u015fi strada Agatha B\u00e2rsescu), strada Agatha B\u00e2rsescu (traseul se desf\u0103\u015foar\u0103 \u00eentre strada Costache Negri \u015fi strada I. C. Br\u0103tianu), strada Dancu (traseul se desf\u0103\u015foar\u0103 \u00eentre strada Sf. Sava \u015fi strada Cuza Vod\u0103), strada Vovidenie (traseul se desf\u0103\u015foar\u0103 \u00eentre strada Vasile Stroescu \u015fi strada George Enescu), strada Vasile Stroescu (traseul se desf\u0103\u015foar\u0103 \u00eentre strada Cuza Vod\u0103 \u015fi bulevardul Independen\u0163ei), strada Maestrul Ion Baciu (fosta strada B\u0103ncii, traseul porne\u015fte \u015fi se termin\u0103 \u00een strada Agatha B\u00e2rsescu), strada Matei Millo (traseul se desf\u0103\u015foar\u0103 \u00eentre strada Dancu \u015fi strada Agatha B\u00e2rsescu), parcarea din fa\u021ba Teatrului Na\u0163ional (suprafa\u0163a ce se propune a se moderniza este de 1.520 mp), parcarea din spatele Prim\u0103riei (se afl\u0103 la intersec\u0163ia str\u0103zii Dancu cu strada Sf. Sava \u015fi se va moderniza pe o suprafa\u0163\u0103 de 1.200 mp) \u0219i, respectiv, parcarea aferent\u0103 str. Armean\u0103 \u2013 intersec\u0163ia cu str. B\u0103rboi (suprafa\u0163a total\u0103 ce se va moderniza este de 670 mp), la care se adaug\u0103 reabilitarea pavimentului pe suprafa\u0163a treptelor de acces dintre esplanada Costache Negri \u015fi Rond Tg. Cucu, ocazie cu care se va realiza modernizarea unei suprafe\u0163e de 489 mp.<\/p>\n<p style=\"text-align: justify;\">\n","protected":false},"excerpt":{"rendered":"<p>Circula\u021bia autovehiculelor \u00een zona central\u0103 a municipiului Ia\u0219i va fi deblocat\u0103 \u00eencep\u00e2nd de s\u0103pt\u0103m\u00e2n\u0103 viitoare,&#8230; <a class=\"meta-more\" href=\"https:\/\/infois.ro\/?p=6920\">more <span class=\"meta-nav\">&raquo;<\/span><\/a><\/p>\n","protected":false},"author":2,"featured_media":6921,"comment_status":"open","ping_status":"closed","sticky":false,"template":"","format":"standard","meta":{"footnotes":""},"categories":[1,41],"tags":[74,2936,296,68],"aioseo_notices":[],"_links":{"self":[{"href":"https:\/\/infois.ro\/index.php?rest_route=\/wp\/v2\/posts\/6920"}],"collection":[{"href":"https:\/\/infois.ro\/index.php?rest_route=\/wp\/v2\/posts"}],"about":[{"href":"https:\/\/infois.ro\/index.php?rest_route=\/wp\/v2\/types\/post"}],"author":[{"embeddable":true,"href":"https:\/\/infois.ro\/index.php?rest_route=\/wp\/v2\/users\/2"}],"replies":[{"embeddable":true,"href":"https:\/\/infois.ro\/index.php?rest_route=%2Fwp%2Fv2%2Fcomments&post=6920"}],"version-history":[{"count":1,"href":"https:\/\/infois.ro\/index.php?rest_route=\/wp\/v2\/posts\/6920\/revisions"}],"predecessor-version":[{"id":6922,"href":"https:\/\/infois.ro\/index.php?rest_route=\/wp\/v2\/posts\/6920\/revisions\/6922"}],"wp:featuredmedia":[{"embeddable":true,"href":"https:\/\/infois.ro\/index.php?rest_route=\/wp\/v2\/media\/6921"}],"wp:attachment":[{"href":"https:\/\/infois.ro\/index.php?rest_route=%2Fwp%2Fv2%2Fmedia&parent=6920"}],"wp:term":[{"taxonomy":"category","embeddable":true,"href":"https:\/\/infois.ro\/index.php?rest_route=%2Fwp%2Fv2%2Fcategories&post=6920"},{"taxonomy":"post_tag","embeddable":true,"href":"https:\/\/infois.ro\/index.php?rest_route=%2Fwp%2Fv2%2Ftags&post=6920"}],"curies":[{"name":"wp","href":"https:\/\/api.w.org\/{rel}","templated":true}]}}