{"id":69643,"date":"2023-03-21T18:45:04","date_gmt":"2023-03-21T16:45:04","guid":{"rendered":"http:\/\/infois.ro\/?p=69643"},"modified":"2023-03-22T08:48:15","modified_gmt":"2023-03-22T06:48:15","slug":"ziua-internationala-a-pasarilor-sarbatorita-in-rezervatia-dunele-marine-de-la-agigea","status":"publish","type":"post","link":"https:\/\/infois.ro\/?p=69643","title":{"rendered":"Ziua Interna\u021bional\u0103 a P\u0103s\u0103rilor, s\u0103rb\u0103torit\u0103 \u00een Rezerva\u021bia Dunele Marine de la Agigea"},"content":{"rendered":"<p><img loading=\"lazy\" decoding=\"async\" class=\"size-medium wp-image-69644 alignleft\" src=\"http:\/\/infois.ro\/wp-content\/uploads\/2023\/03\/ziua-pasarilor-390x219.jpg\" alt=\"\" width=\"390\" height=\"219\" srcset=\"https:\/\/infois.ro\/wp-content\/uploads\/2023\/03\/ziua-pasarilor-390x219.jpg 390w, https:\/\/infois.ro\/wp-content\/uploads\/2023\/03\/ziua-pasarilor-140x80.jpg 140w, https:\/\/infois.ro\/wp-content\/uploads\/2023\/03\/ziua-pasarilor.jpg 640w\" sizes=\"(max-width: 390px) 100vw, 390px\" \/><\/p>\n<p style=\"text-align: justify;\">Sta\u021biunea Biologic\u0103 Marin\u0103 \u201eProf. Dr. Ioan Borcea\u201d din Agigea a Universit\u0103\u021bii \u201eAlexandru Ioan Cuza\u201d din Ia\u0219i organizeaz\u0103 s\u00e2mb\u0103t\u0103, 1 aprilie 2023, o serie de activit\u0103\u021bi pentru a s\u0103rb\u0103tori Ziua Interna\u021bional\u0103 a P\u0103s\u0103rilor<strong>.<\/strong><\/p>\n<p style=\"text-align: justify;\">\u00cencep\u00e2nd cu ora 9.00, iubitorii de p\u0103s\u0103ri vor putea lua parte la tururile ornitologice organizate \u00een cadrul Sta\u021biunii de Cercetare, al\u0103turi de ghizi ornitologi, precum \u0219i la demonstra\u021bii de inelare a p\u0103s\u0103rilor s\u0103lbatice, organizate de Agigea Bird Observatory, sta\u021bia de inelare din cadrul Sta\u021biunii de Cercetare. Pentru cei mici (\u0219i mari) vor fi organizate ateliere de crea\u021bie, concepute special pentru aceast\u0103 zi.<\/p>\n<p style=\"text-align: justify;\">Toate activit\u0103\u021bile vor avea loc \u00een cadrul Sta\u021biunii Biologice Marine \u201eProf. Dr. Ioan Borcea\u201d, Agigea, din str. Nicolae Titulescu, nr 163, loc. Sta\u021biunea Zoologic\u0103 Marin\u0103, comuna Agigea, iar intrarea este liber\u0103.<\/p>\n<p style=\"text-align: justify;\">Ziua Interna\u021bional\u0103 a P\u0103s\u0103rilor este celebrat\u0103 \u00een fiecare an \u00een 1 aprilie. Aceast\u0103 zi este anual marcat\u0103 \u00een cadrul programului UNESCO Omul \u0219i Biosfera. Ziua de 1 aprilie nu a fost aleas\u0103 \u00eent\u00e2mpl\u0103tor. Aceasta marcheaz\u0103 semnarea Conven\u021biei Interna\u021bionale pentru Protec\u021bia P\u0103s\u0103rilor la 1 aprilie 1906, unul din primele documente interna\u021bionale pentru conservarea naturii.<\/p>\n<p style=\"text-align: justify;\">Sta\u021biunea Biologic\u0103 Marin\u0103 \u201eProf. Dr. Ioan Borcea\u201d din Agigea a Universit\u0103\u021bii \u201eAlexandru Ioan Cuza\u201d din Ia\u0219i a fost \u00eenfiin\u021bat\u0103 \u00een 1926 pentru studierea ecosistemelor marine. \u00cen prezent, Sta\u021biunea de Cercetare abordeaz\u0103 teme de studiu din domeniul Biologiei, at\u00e2t acvatice c\u00e2t \u0219i terestre, dezvolt\u00e2nd proiecte \u00een domeniul ornitologiei, entomologiei, ecotoxicologiei, botanicii, biologiei marine \u0219i conserv\u0103rii ecosistemelor naturale.<\/p>\n<p style=\"text-align: justify;\">Evenimentul va fi organizat \u00een cadrul proiectului \u201eImplementarea de m\u0103suri active de conservare pe teritoriul sitului Natura 2000 ROSCI0073 Dunele marine de la Agigea \u0219i a ariei naturale protejate de interes na\u021bional Dunele Marine de la Agigea\u201d, finan\u021bat prin Programul Opera\u021bional Infrastructur\u0103 Mare 2014 &#8211; 2021. Proiectul \u00ee\u0219i propune implementarea m\u0103surilor de conservare activ\u0103 identificate \u00een cadrul elabor\u0103rii Planului de Management al ariei naturale protejate Dunele Marine de la Agigea. Statutul ariei naturale protejate depinde \u00een foarte mare m\u0103sur\u0103 de punerea imediat\u0103 \u00een aplicare a m\u0103surilor de conservare \u00eentruc\u00e2t acest sit a fost afectat \u00een decursul timpului de mai multe lucr\u0103ri de infrastructur\u0103 (construirea Portului Constan\u021ba, sistemul de ap\u0103rare din al II-lea R\u0103zboi Mondial). De asemenea, av\u00e2nd \u00een vedere loca\u021bia sa central\u0103, \u00een r\u00e2ndul sta\u021biunilor turistice de la Marea Neagr\u0103, proiectul \u00ee\u0219i propune \u0219i elaborarea unei strategii de educare a publicului larg, care s\u0103 se concretizeze \u00eentr-un punct de informare cu privire la structura, func\u021bionarea \u0219i importan\u021ba ecosistemelor litorale de la Marea Neagr\u0103. Acest proiect este derulat de Agen\u021bia Na\u021bional\u0103 pentru Arii Naturale Protejate \u00eempreun\u0103 cu Universitatea \u201eAlexandru Ioan Cuza\u201d din Ia\u0219i.<\/p>\n<p style=\"text-align: justify;\">Proiect cofinan\u021bat din Fondul European de Dezvoltare Regional\u0103 prin Programul Opera\u021bional Infrastructura Mare 2014-2020.<\/p>\n<p style=\"text-align: justify;\">\n","protected":false},"excerpt":{"rendered":"<p>Sta\u021biunea Biologic\u0103 Marin\u0103 \u201eProf. Dr. Ioan Borcea\u201d din Agigea a Universit\u0103\u021bii \u201eAlexandru Ioan Cuza\u201d din&#8230; <a class=\"meta-more\" href=\"https:\/\/infois.ro\/?p=69643\">more <span class=\"meta-nav\">&raquo;<\/span><\/a><\/p>\n","protected":false},"author":2,"featured_media":69644,"comment_status":"closed","ping_status":"closed","sticky":false,"template":"","format":"standard","meta":{"footnotes":""},"categories":[12,41],"tags":[74,16389,40,16388,6648,16387],"aioseo_notices":[],"_links":{"self":[{"href":"https:\/\/infois.ro\/index.php?rest_route=\/wp\/v2\/posts\/69643"}],"collection":[{"href":"https:\/\/infois.ro\/index.php?rest_route=\/wp\/v2\/posts"}],"about":[{"href":"https:\/\/infois.ro\/index.php?rest_route=\/wp\/v2\/types\/post"}],"author":[{"embeddable":true,"href":"https:\/\/infois.ro\/index.php?rest_route=\/wp\/v2\/users\/2"}],"replies":[{"embeddable":true,"href":"https:\/\/infois.ro\/index.php?rest_route=%2Fwp%2Fv2%2Fcomments&post=69643"}],"version-history":[{"count":2,"href":"https:\/\/infois.ro\/index.php?rest_route=\/wp\/v2\/posts\/69643\/revisions"}],"predecessor-version":[{"id":69646,"href":"https:\/\/infois.ro\/index.php?rest_route=\/wp\/v2\/posts\/69643\/revisions\/69646"}],"wp:featuredmedia":[{"embeddable":true,"href":"https:\/\/infois.ro\/index.php?rest_route=\/wp\/v2\/media\/69644"}],"wp:attachment":[{"href":"https:\/\/infois.ro\/index.php?rest_route=%2Fwp%2Fv2%2Fmedia&parent=69643"}],"wp:term":[{"taxonomy":"category","embeddable":true,"href":"https:\/\/infois.ro\/index.php?rest_route=%2Fwp%2Fv2%2Fcategories&post=69643"},{"taxonomy":"post_tag","embeddable":true,"href":"https:\/\/infois.ro\/index.php?rest_route=%2Fwp%2Fv2%2Ftags&post=69643"}],"curies":[{"name":"wp","href":"https:\/\/api.w.org\/{rel}","templated":true}]}}