{"id":69822,"date":"2023-03-27T13:14:48","date_gmt":"2023-03-27T10:14:48","guid":{"rendered":"http:\/\/infois.ro\/?p=69822"},"modified":"2023-03-27T13:18:15","modified_gmt":"2023-03-27T10:18:15","slug":"vama-blanco-gsa-maidan-iulian-nunuca-winael-baldus-lia-paulina-vor-concerta-la-romanian-creative-week-la-iasi-evenimentele-vor-avea-loc-in-amfiteatrul-palas","status":"publish","type":"post","link":"https:\/\/infois.ro\/?p=69822","title":{"rendered":"Vama, Blanco, GSA, Maidan, Iulian Nunuca, Winael Baldus, Lia, Paulina vor concerta la Romanian Creative Week, la Ia\u0219i. Evenimentele vor avea loc \u00een Amfiteatrul Palas"},"content":{"rendered":"<p><img loading=\"lazy\" decoding=\"async\" class=\"size-medium wp-image-69830 alignleft\" src=\"http:\/\/infois.ro\/wp-content\/uploads\/2023\/03\/Mare-Bairam_New-Music-Oasis-275x390.jpg\" alt=\"\" width=\"275\" height=\"390\" srcset=\"https:\/\/infois.ro\/wp-content\/uploads\/2023\/03\/Mare-Bairam_New-Music-Oasis-275x390.jpg 275w, https:\/\/infois.ro\/wp-content\/uploads\/2023\/03\/Mare-Bairam_New-Music-Oasis.jpg 640w\" sizes=\"(max-width: 275px) 100vw, 275px\" \/><\/p>\n<p class=\"yiv8535166788Body\" style=\"text-align: justify;\"><b><i><span lang=\"IT\">*New Music Oasis: o s<\/span><\/i><\/b><b><i><span lang=\"EN-GB\">\u0103pt\u0103m\u00e2n\u0103 de show-uri, zeci de arti\u0219<\/span><\/i><\/b><b><i><span lang=\"IT\">ti, tab<\/span><\/i><\/b><b><i><span lang=\"EN-GB\">\u0103r\u0103\u00a0<\/span><\/i><\/b><b><i><span lang=\"ES-TRAD\">de crea<\/span><\/i><\/b><b><i><span lang=\"EN-GB\">\u021bie muzical\u0103 \u0219i Vocea Rom\u00e2niei Live<\/span><\/i><\/b><b><i><\/i><\/b><\/p>\n<p class=\"yiv8535166788Body\" style=\"text-align: justify;\"><b><span lang=\"EN-GB\">\u00a0<\/span><\/b><\/p>\n<p class=\"yiv8535166788Body\" style=\"text-align: justify;\"><b><i><span lang=\"EN-GB\">Romanian Creative Week, cel mai important eveniment dedicat industriilor creative rom\u00e2ne\u0219ti, care va avea loc la Ia\u0219i \u00een perioada 19 &#8211; 28 mai 2023, anun\u021b\u0103 surpriza muzical\u0103 a edi\u021biei din acest an: New Music Oasis (NeMO). Trupa Vama, al\u0103turi de unii dintre cei mai populari arti\u0219ti ai momentului, \u00eentre care BLANCO, GSA, MAIDAN, Iulian Nunuca,\u00a0<\/span><\/i><\/b><b><i>Winael Baldus, Lia, Paulina,\u00a0<\/i><\/b><b><i><span lang=\"EN-GB\">Dj\u00a0<\/span><\/i><\/b><b><i>CS84,<\/i><\/b><b><i><span lang=\"EN-GB\">\u00a0vor c<\/span><\/i><\/b><b><i><span lang=\"RO\">\u00e2nta<\/span><\/i><\/b><b><i><span lang=\"RO\">\u00a0<\/span><\/i><\/b><b><i><span lang=\"EN-GB\">\u00een capitala Moldovei.<\/span><\/i><\/b><\/p>\n<p class=\"yiv8535166788Body\" style=\"text-align: justify;\"><span lang=\"EN-GB\">\u00a0<\/span><\/p>\n<p class=\"yiv8535166788Body\" style=\"text-align: justify;\"><span lang=\"EN-GB\">S\u0103pt\u0103m\u00e2na\u00a0<\/span><span lang=\"EN-GB\"><a href=\"https:\/\/romaniancreativeweek.ro\/sections\/content-creation\/new-music-oasis\/\" target=\"_blank\" rel=\"nofollow noopener noreferrer\"><span class=\"yiv8535166788Hyperlink0\">NeMO<\/span><\/a><\/span><span lang=\"EN-GB\">, programat\u0103 \u00een perioada\u00a0<b>19 &#8211; 25 mai<\/b>, se va desf\u0103\u0219<\/span><span lang=\"IT\">ura\u00a0<\/span><span lang=\"EN-GB\">\u00een\u00a0<b>Amfiteatrul &amp; Gr\u0103<\/b><\/span><b><span lang=\"IT\">dinile Palas<\/span><\/b><span lang=\"EN-GB\">, precum \u0219i \u00een alte loca\u021bii din ora\u0219. Evenimentul dedicat muzicii va cuprinde \u0219i o sear\u0103\u00a0<b>Vocea Rom\u00e2niei Live<\/b>, precum \u0219i o tab\u0103r\u0103\u00a0<\/span><span lang=\"ES-TRAD\">de crea<\/span><span lang=\"EN-GB\">\u021bie muzical\u0103, organizat\u0103 de\u00a0<\/span><b><span lang=\"IT\">Universal Music Rom<\/span><\/b><b><span lang=\"EN-GB\">\u00e2nia<\/span><\/b><span lang=\"EN-GB\">.<\/span><\/p>\n<p class=\"yiv8535166788Body\" style=\"text-align: justify;\"><b><span lang=\"EN-GB\">\u00a0<\/span><\/b><\/p>\n<p class=\"yiv8535166788Body\" style=\"text-align: justify;\"><b><span lang=\"DE\">PROGRAMUL CONCERTELOR NEW MUSIC OASIS<\/span><\/b><\/p>\n<p class=\"yiv8535166788Body\" style=\"text-align: justify;\"><b>\u00a0<\/b><\/p>\n<p class=\"yiv8535166788Body\" style=\"text-align: justify;\"><b>19 mai &#8211; Urban Takeover<\/b><\/p>\n<p class=\"yiv8535166788Body\" style=\"text-align: justify;\">Vor concerta<b>\u00a0BLANCO, COMANN\u00a0<\/b>\u0219i<b>\u00a0GSA,\u00a0<\/b>t\u00e2n\u0103r talent de pe scena urban\u0103 rom\u00e2neasc\u0103, precum \u0219i<b>\u00a0MAIDAN,\u00a0<\/b>primul producer de trap din Rom\u00e2nia, prezent \u00een hip-hop-ul rom\u00e2nesc de peste 20 de ani.<b>\u00a0Show-ul Def Jam Takeover\u00a0<\/b>va avea loc \u00een<b>\u00a0Amfiteatrul &amp; Gr\u0103dinile Palas, \u00eentre orele 17.00 \u2013 23.00. Biletele pot fi achizi\u021bionate de pe site-ul<\/b>\u00a0<span lang=\"EN-GB\"><a href=\"https:\/\/www.iabilet.ro\/bilete-iasi-nemo-new-music-oasis-urban-takeover-cu-maidan-gsa-comann-si-blanco-84747\/\" target=\"_blank\" rel=\"nofollow noopener noreferrer\"><span class=\"yiv8535166788Hyperlink1\"><span lang=\"EN-US\">IABILET.RO<\/span><\/span><\/a><\/span><b><span lang=\"EN-GB\">.<\/span><\/b><b>\u00a0Pre\u021bul unui bilet Gold Circle este de 90 de lei, iar al unui bilet Standard este de 70 de lei.<\/b><\/p>\n<p class=\"yiv8535166788Body\" style=\"text-align: justify;\"><b> <img loading=\"lazy\" decoding=\"async\" class=\"size-medium wp-image-69826 alignright\" src=\"http:\/\/infois.ro\/wp-content\/uploads\/2023\/03\/Urban-Take-Over-RCW-275x390.jpg\" alt=\"\" width=\"275\" height=\"390\" srcset=\"https:\/\/infois.ro\/wp-content\/uploads\/2023\/03\/Urban-Take-Over-RCW-275x390.jpg 275w, https:\/\/infois.ro\/wp-content\/uploads\/2023\/03\/Urban-Take-Over-RCW.jpg 640w\" sizes=\"(max-width: 275px) 100vw, 275px\" \/><\/b><\/p>\n<p class=\"yiv8535166788Body\" style=\"text-align: justify;\"><b>20 mai \u2013 Concert Vama \u0219i Vocea Rom\u00e2niei Live<\/b><b><\/b><\/p>\n<p class=\"yiv8535166788Body\" style=\"text-align: justify;\">\u00cen deschiderea concertului\u00a0<b>Vama<\/b>, vor c\u00e2nta\u00a0<b>Winael Baldus<\/b>\u00a0\u0219i\u00a0<b>Iulian Nunuca<\/b>, iubi\u021bi de public de pe scena Vocea Rom\u00e2niei. Show-ul, care se va \u00eencheia cu concertul\u00a0<b>Vama<\/b>, va avea loc \u00een\u00a0<b>Amfiteatrul &amp; Gr\u0103dinile Palas<\/b>\u00a0\u0219i va dura \u00eentre orele 16.00 &#8211; 23.00.\u00a0<b>Pre\u021bul unui bilet \u00een zona VIP este 500 de lei, \u00een zona Premium \u2013 300 de lei, iar cel Standard este 120 lei. Biletele pot fi achizi\u021bionate de pe\u00a0<\/b><span lang=\"EN-GB\"><a href=\"https:\/\/www.iabilet.ro\/bilete-iasi-nemo-new-music-oasis-concert-vama-84748\/\" target=\"_blank\" rel=\"nofollow noopener noreferrer\"><span class=\"yiv8535166788Hyperlink1\"><span lang=\"EN-US\">IABILET.RO<\/span><\/span><\/a><\/span><b>.\u00a0<\/b><b><\/b><\/p>\n<p class=\"yiv8535166788Body\" style=\"text-align: justify;\"><b>\u00a0<\/b><\/p>\n<p class=\"yiv8535166788Body\" style=\"text-align: justify;\"><b>21 mai \u2013 Bairam Sunday<\/b><b><\/b><\/p>\n<p class=\"yiv8535166788Body\" style=\"text-align: justify;\">Distrac\u021bia va continua la NeMO cu\u00a0<b>Dj\u00a0<\/b><b>CS84\u00a0<\/b>\u0219i solistele\u00a0<b>Lia<\/b>\u00a0\u0219i\u00a0<b>Paulina<\/b>, cunoscut\u0103 ca \u201efeti\u021ba de milioane a Rom\u00e2niei\u201d. Concertele vor avea loc \u00een\u00a0<b>Amfiteatrul &amp; Gr\u0103dinile Palas,<\/b>\u00a0\u00eencep\u00e2nd cu ora 19.00.\u00a0<b>Pre\u021bul biletelor este 70 de lei, iar acestea pot fi achizi\u021bionate de pe\u00a0<\/b><span lang=\"EN-GB\"><a href=\"https:\/\/www.iabilet.ro\/bilete-iasi-nemo-new-music-oasis-mare-bairam-cu-cs84-lia-si-paulina-84830\/\" target=\"_blank\" rel=\"nofollow noopener noreferrer\"><span class=\"yiv8535166788Hyperlink1\"><span lang=\"EN-US\">IABILET.RO<\/span><\/span><\/a><\/span><b>.<\/b><b><\/b><\/p>\n<p class=\"yiv8535166788Body\" style=\"text-align: justify;\"><b>22 mai. Open Mic Night<\/b><b><\/b><\/p>\n<p style=\"text-align: justify;\"><b><span lang=\"PT\">Dora Gaitanovici<\/span><\/b><span lang=\"PT\">,\u00a0una dintre cele mai talentate artiste din peisajul muzical rom\u00e2nesc, care are \u00een palmares zeci de trofee na\u021bionale, pe l\u00e2ng\u0103 participarea cu succes \u00een cadrul Vocea Rom\u00e2niei 2018, va concerta la\u00a0<b>Beer Zone, \u00eencep\u00e2nd cu ora 19.00. Intrarea este liber\u0103<\/b><\/span><b>.<\/b><b><\/b><\/p>\n<p class=\"yiv8535166788Body\" style=\"text-align: justify;\"><b>23 mai, Live showcases<\/b><b><span lang=\"EN-GB\"><br \/>\n<\/span><\/b><b><span lang=\"EN-GB\">Alessiah<\/span><\/b><span lang=\"EN-GB\">, una dintre cele mai promi\u021b\u0103toare \u0219i talentate artiste pop ale noii genera\u021bii, care \u0219i-a \u00eenceput cariera \u00een 2018, la 11 ani,<\/span><span lang=\"EN-GB\">\u00a0\u0219i\u00a0<b>Krrysopher<\/b>, finalist\u0103 a emisiunii Superstar, vor concerta \u00een\u00a0<b>Cafeneaua Pia\u021ba Unirii, \u00eencep\u00e2nd cu ora 19.00.\u00a0Intrarea este liber\u0103<\/b><\/span><b>.<\/b><b><\/b><\/p>\n<p class=\"yiv8535166788Body\" style=\"text-align: justify;\"><b> <img loading=\"lazy\" decoding=\"async\" class=\"size-medium wp-image-69827 alignleft\" src=\"http:\/\/infois.ro\/wp-content\/uploads\/2023\/03\/Vama-concert-la-Romanian-Creative-Week-275x390.jpg\" alt=\"\" width=\"275\" height=\"390\" srcset=\"https:\/\/infois.ro\/wp-content\/uploads\/2023\/03\/Vama-concert-la-Romanian-Creative-Week-275x390.jpg 275w, https:\/\/infois.ro\/wp-content\/uploads\/2023\/03\/Vama-concert-la-Romanian-Creative-Week.jpg 640w\" sizes=\"(max-width: 275px) 100vw, 275px\" \/><\/b><\/p>\n<p class=\"yiv8535166788Body\" style=\"text-align: justify;\"><b>24 mai. Live Showcases<\/b><b><span lang=\"EN-GB\"><br \/>\n<\/span><\/b><b><span lang=\"EN-GB\">Francis On My Mind<\/span><\/b><span lang=\"EN-GB\">,<b>\u00a0<\/b>care<b>\u00a0<\/b>jongleaz\u0103 cu sound-uri electro-pop \u00eenc\u0103 din 2019, va concerta la\u00a0<b>Acaju, \u00eencep\u00e2nd cu ora 19.00<\/b>.\u00a0<b>Intrarea este liber\u0103<\/b><\/span><b>.<\/b><b><\/b><\/p>\n<p class=\"yiv8535166788Body\" style=\"text-align: justify;\"><b>\u00a0<\/b><\/p>\n<p class=\"yiv8535166788Body\" style=\"text-align: justify;\"><b>25 mai. Astralwerks Night<\/b><b><\/b><\/p>\n<p style=\"text-align: justify;\"><b>DJ Christian Eberhard\u00a0<\/b>\u0219i\u00a0<b>DJ Just Eddie<\/b>\u00a0vor mixa \u00een club\u00a0<b>Miraval<\/b>, din incinta\u00a0<b>ansamblului mixed-use Palas,<\/b>\u00a0\u00eencep\u00e2nd cu orele 19.00.\u00a0<b><span lang=\"PT\">Intrarea este liber\u0103<\/span><\/b><b>.<\/b><b><\/b><\/p>\n<p style=\"text-align: justify;\"><b>Accesul la concertele din zilele de 22, 23, 24 \u0219i 25 mai este gratuit.\u00a0<\/b><b><span lang=\"PT\">Intrarea se face pe baz\u0103 de rezerv\u0103ri, care se pot face trimi\u021b\u00e2nd un e-mail\u00a0<\/span><\/b><b><span lang=\"PT\">la adresa\u00a0<\/span><\/b><span lang=\"PT\"><a href=\"mailto:contact@romaniancreativeweek.ro\" target=\"_blank\" rel=\"nofollow noopener noreferrer\"><span class=\"yiv8535166788Hyperlink2\">contact@romaniancreativeweek.ro<\/span><\/a><\/span><span lang=\"PT\">,\u00a0<b>cu nume, num\u0103r de telefon \u0219i num\u0103r de persoane, p\u00e2n\u0103 la ora 14:00, \u00een ziua evenimentului.\u00a0<\/b><\/span><\/p>\n<p style=\"text-align: justify;\"><b><span lang=\"PT\">De asemenea, lista arti\u0219tilor care vor participa la New Music Oasis va fi completat\u0103, \u00een perioada urm\u0103toare, cu alte nume importante de pe scena muzical\u0103 rom\u00e2neasc\u0103. Update-urile privind evenimentul pot fi urm\u0103rite\u00a0<\/span><\/b><span lang=\"PT\"><a href=\"https:\/\/romaniancreativeweek.ro\/sections\/content-creation\/new-music-oasis\/\" target=\"_blank\" rel=\"nofollow noopener noreferrer\"><b>AICI<\/b><\/a><\/span><b><span lang=\"PT\">.<\/span><\/b><\/p>\n<p class=\"yiv8535166788Body\" style=\"text-align: justify;\"><b><i><span lang=\"EN-GB\">\u201e<\/span><\/i><\/b><b><i>New Music Oasis\u00a0<\/i><\/b><b><i><span lang=\"EN-GB\">\u00eenseamn\u0103 o s\u0103pt\u0103m\u00e2n\u0103 de muzic\u0103 live, pentru gusturi c\u00e2t mai variate, astfel \u00eenc\u00e2<\/span><\/i><\/b><b><i><span lang=\"NL\">t ie<\/span><\/i><\/b><b><i><span lang=\"EN-GB\">\u0219enii s\u0103\u00a0<\/span><\/i><\/b><b><i><span lang=\"FR\">aib<\/span><\/i><\/b><b><i><span lang=\"EN-GB\">\u0103 de unde alege \u0219i s\u0103 se distreze al\u0103turi de noi. Tab\u0103<\/span><\/i><\/b><b><i><span lang=\"ES-TRAD\">ra de crea<\/span><\/i><\/b><b><i><span lang=\"EN-GB\">\u021bie muzical\u0103 NeMO, organizat\u0103\u00a0<\/span><\/i><\/b><b><i><span lang=\"IT\">de Universal Music Rom<\/span><\/i><\/b><b><i><span lang=\"EN-GB\">\u00e2nia, va aduce \u00eempreun\u0103 muzicieni \u0219i arti\u0219ti locali, care vor avea \u0219ansa s\u0103\u00a0<\/span><\/i><\/b><b><i><span lang=\"IT\">compun<\/span><\/i><\/b><b><i><span lang=\"EN-GB\">\u0103 \u0219i s\u0103 c\u00e2<\/span><\/i><\/b><b><i><span lang=\"IT\">nte al<\/span><\/i><\/b><b><i><span lang=\"EN-GB\">\u0103turi de nume mari din peisajul muzical rom\u00e2nesc<\/span><\/i><\/b><i><span lang=\"EN-GB\">\u201d<\/span><\/i><span lang=\"EN-GB\">, a explicat\u00a0<b>C\u0103t\u0103lin Alionte, curatorul NeMO<\/b>, eveniment organizat \u00een cadrul sec\u021biunii\u00a0<\/span><span lang=\"EN-GB\"><a href=\"https:\/\/romaniancreativeweek.ro\/sections\/content-creation\/\" target=\"_blank\" rel=\"nofollow noopener noreferrer\"><span class=\"yiv8535166788Hyperlink0\"><span lang=\"EN-US\">Content Creation<\/span><\/span><\/a><\/span><span lang=\"EN-GB\">\u00a0<\/span><span lang=\"IT\">a Romanian Creative Week.<\/span><\/p>\n<p class=\"yiv8535166788Body\" style=\"text-align: justify;\"><b><span lang=\"EN-GB\"> <img loading=\"lazy\" decoding=\"async\" class=\"size-medium wp-image-69825 alignright\" src=\"http:\/\/infois.ro\/wp-content\/uploads\/2023\/03\/New-Music-Oasis_RCW-2023_1-390x219.jpg\" alt=\"\" width=\"390\" height=\"219\" srcset=\"https:\/\/infois.ro\/wp-content\/uploads\/2023\/03\/New-Music-Oasis_RCW-2023_1-390x219.jpg 390w, https:\/\/infois.ro\/wp-content\/uploads\/2023\/03\/New-Music-Oasis_RCW-2023_1-140x80.jpg 140w, https:\/\/infois.ro\/wp-content\/uploads\/2023\/03\/New-Music-Oasis_RCW-2023_1.jpg 640w\" sizes=\"(max-width: 390px) 100vw, 390px\" \/><\/span><\/b><\/p>\n<p class=\"yiv8535166788Body\" style=\"text-align: justify;\"><b><span lang=\"DE\">DESPRE ROMANIAN CREATIVE WEEK<\/span><\/b><b><\/b><\/p>\n<p class=\"yiv8535166788Body\" style=\"text-align: justify;\"><b><span lang=\"EN-GB\">\u00a0<\/span><\/b><\/p>\n<p class=\"yiv8535166788Body\" style=\"text-align: justify;\"><span lang=\"EN-GB\">Aflat la cea de-a treia edi\u0163ie, Romanian Creative Week este organizat de Federa\u0163ia Patronatelor din Industriile Creative (FEPIC), singura federa\u0163<\/span><span lang=\"FR\">ie patronal<\/span><span lang=\"EN-GB\">\u0103 reprezentativ\u0103 la nivel na\u0163ional ce activeaz\u0103 \u00een sectorul Industriilor Creative din Rom\u00e2nia. \u00cenfiin\u0163at\u0103 la Ia\u015fi, \u00een 2011, FEPIC a organizat peste 50 de ac\u0163iuni de promovare na\u0163<\/span>ional<span lang=\"EN-GB\">\u0103 \u015f<\/span><span lang=\"IT\">i interna<\/span><span lang=\"EN-GB\">\u0163<\/span>ional<span lang=\"EN-GB\">\u0103 a industriilor creative rom\u00e2ne\u015f<\/span><span lang=\"IT\">ti.\u00a0<\/span><span lang=\"EN-GB\">Partenerii FEPIC \u00een organizarea RCW sunt: Prim\u0103ria Municipiului Ia\u0219i, ansamblul Palas, Ministerul Culturii, Complexul Muzeal Na\u021bional Moldova Ia\u0219i, Muzeul Na\u021bional al Literaturii Rom\u00e2ne Ia\u0219i, Universitatea \u201eAl. I. Cuza\u201d Ia\u0219i \u0219i Universitatea Na\u021b<\/span>ional<span lang=\"EN-GB\">\u0103\u00a0<\/span><span lang=\"PT\">de Arte\u00a0<\/span><span lang=\"EN-GB\">\u201eGeorge Enescu\u201d Ia\u0219<\/span><span lang=\"IT\">i.<\/span><\/p>\n<p class=\"yiv8535166788Body\" style=\"text-align: justify;\"><b><span lang=\"EN-GB\">\u00a0<\/span><\/b><\/p>\n<p class=\"yiv8535166788Body\" style=\"text-align: justify;\"><span lang=\"EN-GB\">Pute\u021bi urm\u0103<\/span><span lang=\"IT\">ri Romanian Creative Week\u00a0<\/span><span lang=\"EN-GB\">\u0219i pe\u00a0<\/span><span lang=\"EN-GB\"><a href=\"https:\/\/www.facebook.com\/romaniancreativeweek\" target=\"_blank\" rel=\"nofollow noopener noreferrer\"><span class=\"yiv8535166788Hyperlink3\"><b><span lang=\"NL\">Facebook<\/span><\/b><\/span><\/a><\/span><span class=\"yiv8535166788None\"><span lang=\"EN-GB\">\u00a0\u0219i\u00a0<\/span><\/span><span lang=\"EN-GB\"><a href=\"https:\/\/www.instagram.com\/romaniancreativeweek.ro\/\" target=\"_blank\" rel=\"nofollow noopener noreferrer\"><span class=\"yiv8535166788Hyperlink3\"><b><span lang=\"DA\">Instagram<\/span><\/b><\/span><\/a><\/span><span class=\"yiv8535166788None\"><span lang=\"EN-GB\">.<\/span><\/span><\/p>\n","protected":false},"excerpt":{"rendered":"<p>*New Music Oasis: o s\u0103pt\u0103m\u00e2n\u0103 de show-uri, zeci de arti\u0219ti, tab\u0103r\u0103\u00a0de crea\u021bie muzical\u0103 \u0219i Vocea&#8230; <a class=\"meta-more\" href=\"https:\/\/infois.ro\/?p=69822\">more <span class=\"meta-nav\">&raquo;<\/span><\/a><\/p>\n","protected":false},"author":2,"featured_media":69830,"comment_status":"closed","ping_status":"closed","sticky":false,"template":"","format":"standard","meta":{"footnotes":""},"categories":[41,60],"tags":[74,1764,40,16413,100,14249],"aioseo_notices":[],"_links":{"self":[{"href":"https:\/\/infois.ro\/index.php?rest_route=\/wp\/v2\/posts\/69822"}],"collection":[{"href":"https:\/\/infois.ro\/index.php?rest_route=\/wp\/v2\/posts"}],"about":[{"href":"https:\/\/infois.ro\/index.php?rest_route=\/wp\/v2\/types\/post"}],"author":[{"embeddable":true,"href":"https:\/\/infois.ro\/index.php?rest_route=\/wp\/v2\/users\/2"}],"replies":[{"embeddable":true,"href":"https:\/\/infois.ro\/index.php?rest_route=%2Fwp%2Fv2%2Fcomments&post=69822"}],"version-history":[{"count":5,"href":"https:\/\/infois.ro\/index.php?rest_route=\/wp\/v2\/posts\/69822\/revisions"}],"predecessor-version":[{"id":69834,"href":"https:\/\/infois.ro\/index.php?rest_route=\/wp\/v2\/posts\/69822\/revisions\/69834"}],"wp:featuredmedia":[{"embeddable":true,"href":"https:\/\/infois.ro\/index.php?rest_route=\/wp\/v2\/media\/69830"}],"wp:attachment":[{"href":"https:\/\/infois.ro\/index.php?rest_route=%2Fwp%2Fv2%2Fmedia&parent=69822"}],"wp:term":[{"taxonomy":"category","embeddable":true,"href":"https:\/\/infois.ro\/index.php?rest_route=%2Fwp%2Fv2%2Fcategories&post=69822"},{"taxonomy":"post_tag","embeddable":true,"href":"https:\/\/infois.ro\/index.php?rest_route=%2Fwp%2Fv2%2Ftags&post=69822"}],"curies":[{"name":"wp","href":"https:\/\/api.w.org\/{rel}","templated":true}]}}