{"id":7022,"date":"2013-09-06T12:51:45","date_gmt":"2013-09-06T09:51:45","guid":{"rendered":"http:\/\/infois.ro\/?p=7022"},"modified":"2013-09-06T12:51:45","modified_gmt":"2013-09-06T09:51:45","slug":"32-de-bombe-de-aviatie-descoperite-pe-santierul-aeroportului-iasi","status":"publish","type":"post","link":"https:\/\/infois.ro\/?p=7022","title":{"rendered":"32 de bombe de avia\u021bie, descoperite pe \u0219antierul Aeroportului Ia\u0219i"},"content":{"rendered":"<p style=\"text-align: justify;\"><a class=\"highslide\" onclick=\"return vz.expand(this)\" href=\"http:\/\/infois.ro\/wp-content\/uploads\/2013\/09\/bombe.jpg\"><img loading=\"lazy\" decoding=\"async\" class=\"alignleft size-large wp-image-7023\" title=\"bombe\" src=\"http:\/\/infois.ro\/wp-content\/uploads\/cache\/2013\/09\/bombe\/648018475.jpg\" alt=\"\" width=\"600\" height=\"375\" \/><\/a><\/p>\n<p style=\"text-align: justify;\">\u00cen urma s\u0103p\u0103turilor efectuate la \u0219antierul deschis la Aeroport, \u00een vederea lucr\u0103rilor de execu\u021bie a noii piste, p\u00e2n\u0103 acum au fost descoperite 32 de bombe de avia\u021bie din timpul Celui de-al Doilea R\u0103zboi Mondial, precum \u0219i un proiectil explozibil. Potrivit reprezentan\u021bilor Inspectoratului pentru Situa\u021bii de Urgen\u021b\u0103 (ISU) al Jude\u021bului Ia\u0219i, 26 de bombe exploziv-brizante erau de calibru 70 kg, fiind de provenien\u021b\u0103 german\u0103, patru erau de provenien\u021b\u0103 britanic\u0103, o bomb\u0103 era de calibru 35 kg, cu focos ELAZ \u0219i o alt\u0103 bomb\u0103, incendiar\u0103, era de calibru 70 kg, cu focos ELAZ, proiectilul descoperit fiind explozibil, cu diametrul de 47 mm. \u00cen urma descoperirii acestui arsenal, activitatea constructorului a fost sistat\u0103 \u00een perimetrul ce este supus decontaminarii specifice. \u201dAv\u00e2nd \u00een vedere lucr\u0103rile de amploare la noua pist\u0103 a Aeroportului Ia\u0219i, constructorul \u00ee\u0219i va continua activitatea \u00een celelalte puncte de interes ale \u0219antierului, dup\u0103 decontaminare\u201d, se precizeaz\u0103 \u00eentr-un comunicat de pres\u0103 al conducerii Aeroportului Ia\u0219i Speciali\u0219tii ISU au declarat c\u0103 bombele nu sunt \u00een perimetrul func\u021bional al Aeroportului Ia\u0219i, activitatea aerog\u0103rii desf\u0103\u0219ur\u00e2ndu-se \u00een conditii obi\u0219nuite. Pasagerii \u0219i publicul larg nu au fost \u0219i nu sunt \u00een pericol, zborurile de pe \u0219i c\u0103tre Aeroportul Ia\u0219i fiind derulate \u00een siguran\u021b\u0103.<\/p>\n","protected":false},"excerpt":{"rendered":"<p>\u00cen urma s\u0103p\u0103turilor efectuate la \u0219antierul deschis la Aeroport, \u00een vederea lucr\u0103rilor de execu\u021bie a&#8230; <a class=\"meta-more\" href=\"https:\/\/infois.ro\/?p=7022\">more <span class=\"meta-nav\">&raquo;<\/span><\/a><\/p>\n","protected":false},"author":2,"featured_media":7023,"comment_status":"open","ping_status":"closed","sticky":false,"template":"","format":"standard","meta":{"footnotes":""},"categories":[1,41],"tags":[74,465,2976,2978,1466,2977],"aioseo_notices":[],"_links":{"self":[{"href":"https:\/\/infois.ro\/index.php?rest_route=\/wp\/v2\/posts\/7022"}],"collection":[{"href":"https:\/\/infois.ro\/index.php?rest_route=\/wp\/v2\/posts"}],"about":[{"href":"https:\/\/infois.ro\/index.php?rest_route=\/wp\/v2\/types\/post"}],"author":[{"embeddable":true,"href":"https:\/\/infois.ro\/index.php?rest_route=\/wp\/v2\/users\/2"}],"replies":[{"embeddable":true,"href":"https:\/\/infois.ro\/index.php?rest_route=%2Fwp%2Fv2%2Fcomments&post=7022"}],"version-history":[{"count":1,"href":"https:\/\/infois.ro\/index.php?rest_route=\/wp\/v2\/posts\/7022\/revisions"}],"predecessor-version":[{"id":7024,"href":"https:\/\/infois.ro\/index.php?rest_route=\/wp\/v2\/posts\/7022\/revisions\/7024"}],"wp:featuredmedia":[{"embeddable":true,"href":"https:\/\/infois.ro\/index.php?rest_route=\/wp\/v2\/media\/7023"}],"wp:attachment":[{"href":"https:\/\/infois.ro\/index.php?rest_route=%2Fwp%2Fv2%2Fmedia&parent=7022"}],"wp:term":[{"taxonomy":"category","embeddable":true,"href":"https:\/\/infois.ro\/index.php?rest_route=%2Fwp%2Fv2%2Fcategories&post=7022"},{"taxonomy":"post_tag","embeddable":true,"href":"https:\/\/infois.ro\/index.php?rest_route=%2Fwp%2Fv2%2Ftags&post=7022"}],"curies":[{"name":"wp","href":"https:\/\/api.w.org\/{rel}","templated":true}]}}