{"id":7036,"date":"2013-09-06T13:03:49","date_gmt":"2013-09-06T10:03:49","guid":{"rendered":"http:\/\/infois.ro\/?p=7036"},"modified":"2013-09-06T13:03:49","modified_gmt":"2013-09-06T10:03:49","slug":"trei-firme-interesate-de-reabilitarea-palatului-braunstein","status":"publish","type":"post","link":"https:\/\/infois.ro\/?p=7036","title":{"rendered":"Trei firme, interesate de reabilitarea Palatului Braunstein"},"content":{"rendered":"<p style=\"text-align: justify;\"><a class=\"highslide\" onclick=\"return vz.expand(this)\" href=\"http:\/\/infois.ro\/wp-content\/uploads\/2013\/09\/palatul-braunstein.jpg\"><img loading=\"lazy\" decoding=\"async\" class=\"alignleft size-large wp-image-7038\" title=\"palatul braunstein\" src=\"http:\/\/infois.ro\/wp-content\/uploads\/cache\/2013\/09\/palatul-braunstein\/765707237.jpg\" alt=\"\" width=\"600\" height=\"450\" \/><\/a><\/p>\n<p style=\"text-align: justify;\">Trei firme au depus oferte pentru execu\u021bia lucr\u0103rilor de proiectare \u0219i consolidare a Palatului Braunstein, cl\u0103dire-simbol a Ia\u0219ului vechi, situat pe strada Cuza Vod\u0103 nr. 2.\u00a0Potrivit reprezentan\u021bilor municipalit\u0103\u021bii, societ\u0103\u021bile comerciale care s-au ar\u0103tat interesate de reabilitarea Palatului Braunstein sunt: SC Bodo Invest SRL Ia\u0219i, care a depus o ofert\u0103 \u00een valoare de 63.979, 80 lei (f\u0103r\u0103 TVA), SC Elma Stil SRL Ia\u0219i (44.770,00 lei, f\u0103r\u0103 TVA) \u0219i, respectiv, SC ExproCons Gosav&amp;Co SRL Ia\u0219i (82.000, 00 lei, f\u0103r\u0103 TVA). Valoarea estimat\u0103 a proiectului este de 103.193, 23 lei, f\u0103r\u0103 TVA. Palatul Braunstein a fost construit la jum\u0103tatea secolului XIX \u015fi a fost hotel \u015fi sediu de banc\u0103. A devenit pe parcursul timpului o cl\u0103dire emblematic\u0103 a centrului Ia\u015fului de alt\u0103dat\u0103 \u015fi este una din pu\u0163inele imobile din Pia\u0163a Unirii care au r\u0103mas \u00een picioare dup\u0103 bombardamentele din 1944. Dup\u0103 1990, a intrat \u00een caruselul retroced\u0103rilor. \u00cen timp ce cl\u0103direa s-a degradat \u015fi o parte a fa\u0163adei a fost distrus\u0103, dreptul de proprietate a fost disputat \u00een fa\u0163a instan\u0163elor de judecat\u0103. Abia recent, municipalitatea a intrat \u00een posesia majorit\u0103\u0163ii spa\u0163iului din cl\u0103dire ceea ce permite interven\u0163ia pentru lucr\u0103ri de reabilitare.\u00a0<em><\/em><\/p>\n","protected":false},"excerpt":{"rendered":"<p>Trei firme au depus oferte pentru execu\u021bia lucr\u0103rilor de proiectare \u0219i consolidare a Palatului Braunstein,&#8230; <a class=\"meta-more\" href=\"https:\/\/infois.ro\/?p=7036\">more <span class=\"meta-nav\">&raquo;<\/span><\/a><\/p>\n","protected":false},"author":2,"featured_media":7038,"comment_status":"open","ping_status":"closed","sticky":false,"template":"","format":"standard","meta":{"footnotes":""},"categories":[1,41],"tags":[74,1643,296,2700],"aioseo_notices":[],"_links":{"self":[{"href":"https:\/\/infois.ro\/index.php?rest_route=\/wp\/v2\/posts\/7036"}],"collection":[{"href":"https:\/\/infois.ro\/index.php?rest_route=\/wp\/v2\/posts"}],"about":[{"href":"https:\/\/infois.ro\/index.php?rest_route=\/wp\/v2\/types\/post"}],"author":[{"embeddable":true,"href":"https:\/\/infois.ro\/index.php?rest_route=\/wp\/v2\/users\/2"}],"replies":[{"embeddable":true,"href":"https:\/\/infois.ro\/index.php?rest_route=%2Fwp%2Fv2%2Fcomments&post=7036"}],"version-history":[{"count":2,"href":"https:\/\/infois.ro\/index.php?rest_route=\/wp\/v2\/posts\/7036\/revisions"}],"predecessor-version":[{"id":7039,"href":"https:\/\/infois.ro\/index.php?rest_route=\/wp\/v2\/posts\/7036\/revisions\/7039"}],"wp:featuredmedia":[{"embeddable":true,"href":"https:\/\/infois.ro\/index.php?rest_route=\/wp\/v2\/media\/7038"}],"wp:attachment":[{"href":"https:\/\/infois.ro\/index.php?rest_route=%2Fwp%2Fv2%2Fmedia&parent=7036"}],"wp:term":[{"taxonomy":"category","embeddable":true,"href":"https:\/\/infois.ro\/index.php?rest_route=%2Fwp%2Fv2%2Fcategories&post=7036"},{"taxonomy":"post_tag","embeddable":true,"href":"https:\/\/infois.ro\/index.php?rest_route=%2Fwp%2Fv2%2Ftags&post=7036"}],"curies":[{"name":"wp","href":"https:\/\/api.w.org\/{rel}","templated":true}]}}