{"id":7050,"date":"2013-09-06T15:36:51","date_gmt":"2013-09-06T12:36:51","guid":{"rendered":"http:\/\/infois.ro\/?p=7050"},"modified":"2013-09-06T15:36:51","modified_gmt":"2013-09-06T12:36:51","slug":"ambasadorul-olandei-in-romania-in-vizita-la-primaria-iasi","status":"publish","type":"post","link":"https:\/\/infois.ro\/?p=7050","title":{"rendered":"Ambasadorul Olandei \u00een Rom\u00e2nia, \u00een vizit\u0103 la Prim\u0103ria Ia\u0219i"},"content":{"rendered":"<p style=\"text-align: justify;\"><a class=\"highslide\" onclick=\"return vz.expand(this)\" href=\"http:\/\/infois.ro\/wp-content\/uploads\/2013\/09\/ambasadorul-OLANDEI.jpg\"><img loading=\"lazy\" decoding=\"async\" class=\"alignleft size-large wp-image-7051\" title=\"ambasador\" src=\"http:\/\/infois.ro\/wp-content\/uploads\/cache\/2013\/09\/ambasadorul-OLANDEI\/3962479025.jpg\" alt=\"\" width=\"600\" height=\"398\" \/><\/a><\/p>\n<p style=\"text-align: justify;\">Excelen\u021ba Sa Johannes Hendrik Mattheus Van Bonzel, ambasadorul Olandei \u00een Rom\u00e2nia, a efectuat vineri, 6 septembrie, o vizit\u0103 de curtoazie la Prim\u0103ria municipiului Ia\u015fi, unde s-a \u00eent\u00e2lnit cu primarul Gheorghe Nichita. Potrivit reprezentan\u021bilor municipalit\u0103\u021bii ie\u0219ene, vizita a fost solicitat\u0103 de Excelen\u021ba Sa la \u00eentoarcerea de la Chi\u0219in\u0103u, unde acesta a depus scrisorile de acreditare \u00een calitate de Ambasador al Olandei \u00een Republica Moldova. Dup\u0103 cum informeaz\u0103 Biroul de pres\u0103 al Prim\u0103riei, discu\u0163iile au vizat, mai ales, oportunit\u0103\u0163ile oferite de fondurile europene atrase de municipalitatea ie\u015fean\u0103 pentru dezvoltarea ora\u015fului, atragerea de investi\u0163ii str\u0103ine \u0219i perspectivele regionaliz\u0103rii \u00een Rom\u00e2nia. Excelen\u0163a Sa Johannes Hendrick Mattheus Van Bonzel a apreciat, \u00een mod special, gradul mare de atragere a fondurilor nerambursabile la Ia\u015fi, calitatea deosebit\u0103 a institu\u0163iilor de educa\u0163ie din ora\u015f, pozi\u0163ia geo-strategic\u0103 a ora\u015fului pentru investitori, mai ales \u00een domeniul IT. Excelen\u0163a Sa a povestit c\u0103 a \u00eent\u00e2lnit investitori olandezi stabili\u021bi \u00een Ia\u0219i \u0219i care s-au declarat foarte \u00eenc\u00e2nta\u021bi de ora\u0219 \u0219i de oportunit\u0103\u021bile de dezvoltare pe care le au aici. \u201d\u00cen cadrul \u00eent\u00e2lnirii s-a discutat \u0219i depre poten\u021bialul agricol al regiunii de Nord-Est, Excelen\u0163a Sa ar\u0103t\u00e2ndu-se interesat de stimularea companiilor olandeze de a dezvolta aici activit\u0103\u021bi \u00een domeniu \u0219i de a stimula exportul produselor agricole rom\u00e2ne\u0219ti \u00een Olanda \u0219i UE. Excelen\u021ba Sa a propus \u0219i ini\u021bierea unei sesiuni de comunic\u0103ri a Ata\u0219atului pe Agricultur\u0103 din cadrul Ambasadei Olandei la Universitatea de \u0218tiinte Agricole Ia\u0219i pentru a atrage tinerii \u00een domeniu \u0219i a \u00eencuraja modernizarea agriculturii \u00een zon\u0103\u201d, se precizeaz\u0103 \u00een comunicatul Biroului de pres\u0103 al Prim\u0103riei municipiului Ia\u0219i.<\/p>\n","protected":false},"excerpt":{"rendered":"<p>Excelen\u021ba Sa Johannes Hendrik Mattheus Van Bonzel, ambasadorul Olandei \u00een Rom\u00e2nia, a efectuat vineri, 6&#8230; <a class=\"meta-more\" href=\"https:\/\/infois.ro\/?p=7050\">more <span class=\"meta-nav\">&raquo;<\/span><\/a><\/p>\n","protected":false},"author":2,"featured_media":7051,"comment_status":"open","ping_status":"closed","sticky":false,"template":"","format":"standard","meta":{"footnotes":""},"categories":[1],"tags":[2987,692,2986,2988,296],"aioseo_notices":[],"_links":{"self":[{"href":"https:\/\/infois.ro\/index.php?rest_route=\/wp\/v2\/posts\/7050"}],"collection":[{"href":"https:\/\/infois.ro\/index.php?rest_route=\/wp\/v2\/posts"}],"about":[{"href":"https:\/\/infois.ro\/index.php?rest_route=\/wp\/v2\/types\/post"}],"author":[{"embeddable":true,"href":"https:\/\/infois.ro\/index.php?rest_route=\/wp\/v2\/users\/2"}],"replies":[{"embeddable":true,"href":"https:\/\/infois.ro\/index.php?rest_route=%2Fwp%2Fv2%2Fcomments&post=7050"}],"version-history":[{"count":1,"href":"https:\/\/infois.ro\/index.php?rest_route=\/wp\/v2\/posts\/7050\/revisions"}],"predecessor-version":[{"id":7052,"href":"https:\/\/infois.ro\/index.php?rest_route=\/wp\/v2\/posts\/7050\/revisions\/7052"}],"wp:featuredmedia":[{"embeddable":true,"href":"https:\/\/infois.ro\/index.php?rest_route=\/wp\/v2\/media\/7051"}],"wp:attachment":[{"href":"https:\/\/infois.ro\/index.php?rest_route=%2Fwp%2Fv2%2Fmedia&parent=7050"}],"wp:term":[{"taxonomy":"category","embeddable":true,"href":"https:\/\/infois.ro\/index.php?rest_route=%2Fwp%2Fv2%2Fcategories&post=7050"},{"taxonomy":"post_tag","embeddable":true,"href":"https:\/\/infois.ro\/index.php?rest_route=%2Fwp%2Fv2%2Ftags&post=7050"}],"curies":[{"name":"wp","href":"https:\/\/api.w.org\/{rel}","templated":true}]}}