{"id":70766,"date":"2023-05-08T12:17:15","date_gmt":"2023-05-08T09:17:15","guid":{"rendered":"http:\/\/infois.ro\/?p=70766"},"modified":"2023-05-08T15:18:51","modified_gmt":"2023-05-08T12:18:51","slug":"universitatea-de-stiintele-vietii-gazda-celei-de-a-xxxiii-a-editii-a-agronomiadei","status":"publish","type":"post","link":"https:\/\/infois.ro\/?p=70766","title":{"rendered":"Universitatea de \u015etiin\u0163ele Vie\u0163ii, gazda celei de-a XXXIII-a edi\u0163ii a AGRONOMIADEI"},"content":{"rendered":"<p style=\"text-align: justify;\"><strong> <img loading=\"lazy\" decoding=\"async\" class=\"size-medium wp-image-67475 alignleft\" src=\"http:\/\/infois.ro\/wp-content\/uploads\/2022\/12\/usv1-390x293.jpg\" alt=\"\" width=\"390\" height=\"293\" srcset=\"https:\/\/infois.ro\/wp-content\/uploads\/2022\/12\/usv1-390x293.jpg 390w, https:\/\/infois.ro\/wp-content\/uploads\/2022\/12\/usv1.jpg 640w\" sizes=\"(max-width: 390px) 100vw, 390px\" \/><\/strong><\/p>\n<p style=\"text-align: justify;\">\u00cen perioada 11-14 mai, Universitatea de \u0218tiin\u021bele Vie\u021bii \u201eIon Ionescu de la Brad\u201d din Ia\u0219i (USV) va fi gazda celei de-a XXXIII-a edi\u0163ii a AGRONOMIADEI, cea mai important\u0103 competi\u021bie profesional\u0103 \u0219i sportiv\u0103 adresat\u0103 studen\u021bilor din universit\u0103\u021bile de profil din \u021bar\u0103 \u0219i str\u0103in\u0103tate.<\/p>\n<p style=\"text-align: justify;\">\n<p style=\"text-align: justify;\">Competi\u021bie de tradi\u021bie a studen\u021bilor din universit\u0103\u021bile agronomice din \u021bar\u0103, ce dateaz\u0103 \u00eenc\u0103 din anii &#8217;70, AGRONOMIADA este un concurs studen\u021besc menit s\u0103 asigure consolidarea leg\u0103turilor de colaborare \u0219i prietenie dintre studen\u021bii universit\u0103\u021bilor similare din \u021bar\u0103 pentru promovarea ideii de performan\u021b\u0103, stimularea cercet\u0103rii \u0219i a calit\u0103\u021bilor sportive \u00een r\u00e2ndul studen\u021bilor.<\/p>\n<p style=\"text-align: justify;\">\n<p style=\"text-align: justify;\">AGRONOMIADA se desf\u0103\u0219oar\u0103 prin rota\u021bie, \u00eentr-unul din cele cinci centre universitare de \u00eenv\u0103\u021b\u0103m\u00e2nt agronomic &#8211; Bucure\u0219ti, Ia\u0219i, Cluj, Timi\u0219oara \u0219i Craiova. \u00cencep\u00e2nd cu edi\u021bia din 2014, care a avut loc la Ia\u0219i, s-au al\u0103turat \u0219i studen\u021bii Universit\u0103\u021bii Agrare de Stat a Moldovei, actualmente Universitatea Tehnic\u0103 a Moldovei.<\/p>\n<p style=\"text-align: justify;\">\n<p style=\"text-align: justify;\">\u201eConcursul profesional-\u0219tiin\u021bific \u0219i sportiv AGRONOMIADA revine la Ia\u0219i, \u0219i se va desf\u0103\u0219ura \u00een perioada 11 &#8211; 14 mai. La aceast\u0103 edi\u021bie sunt propuse 18 discipline profesionale \u0219i cinci competi\u021bii sportive, unde vor concura peste 400 studen\u021bi din \u021bar\u0103 \u0219i str\u0103in\u0103tate\u201d, a declarat prof. univ. dr. Vasile Stoleru, prorectorul cu activit\u0103\u021bile sociale.<\/p>\n<p style=\"text-align: justify;\">\n<p style=\"text-align: justify;\">Scopul concursului este \u00eencurajarea spiritului de competi\u021bie, de fair-play, a sportivit\u0103\u021bii \u00een r\u00e2ndul studen\u021bilor \u0219i crearea unui mediu propice \u00eentrecerilor academice. Probele profesional-\u0219tiin\u021bifice vor avea \u0219i o component\u0103 practic\u0103 scopul fiind conectarea studen\u021bilor la realit\u0103\u021bile viitoarelor profesii din domeniile agronomice, ale industriei alimentare \u0219i medical-veterinare.<\/p>\n<p style=\"text-align: justify;\">\n<p style=\"text-align: justify;\">La eveniment vor participa reprezentan\u0163i ai tuturor universit\u0103\u021bilor agronomice \u0219i de \u0219tiin\u021bele vie\u021bii din \u021bar\u0103 (Universitatea de \u0218tiin\u021be Agronomice \u0219i Medicin\u0103 Veterinar\u0103 Bucure\u0219ti, Universitatea de \u0218tiin\u021be Agricole \u0219i Medicin\u0103 Veterinar\u0103 Cluj-Napoca, Universitatea de \u0218tiin\u021bele Vie\u021bii din Timi\u0219oara, Facult\u0103\u021bile de Agricultur\u0103 \u0219i Horticultur\u0103 din cadrul Universit\u0103\u021bii Craiova \u0219i ale Universit\u0103\u021bii Tehnice a Moldovei din Chi\u0219in\u0103u.<\/p>\n<p style=\"text-align: justify;\">\n<p style=\"text-align: justify;\">\n","protected":false},"excerpt":{"rendered":"<p>\u00cen perioada 11-14 mai, Universitatea de \u0218tiin\u021bele Vie\u021bii \u201eIon Ionescu de la Brad\u201d din Ia\u0219i&#8230; <a class=\"meta-more\" href=\"https:\/\/infois.ro\/?p=70766\">more <span class=\"meta-nav\">&raquo;<\/span><\/a><\/p>\n","protected":false},"author":2,"featured_media":67475,"comment_status":"closed","ping_status":"closed","sticky":false,"template":"","format":"standard","meta":{"footnotes":""},"categories":[12,41],"tags":[74,4803,362,40,2334,14365],"aioseo_notices":[],"_links":{"self":[{"href":"https:\/\/infois.ro\/index.php?rest_route=\/wp\/v2\/posts\/70766"}],"collection":[{"href":"https:\/\/infois.ro\/index.php?rest_route=\/wp\/v2\/posts"}],"about":[{"href":"https:\/\/infois.ro\/index.php?rest_route=\/wp\/v2\/types\/post"}],"author":[{"embeddable":true,"href":"https:\/\/infois.ro\/index.php?rest_route=\/wp\/v2\/users\/2"}],"replies":[{"embeddable":true,"href":"https:\/\/infois.ro\/index.php?rest_route=%2Fwp%2Fv2%2Fcomments&post=70766"}],"version-history":[{"count":1,"href":"https:\/\/infois.ro\/index.php?rest_route=\/wp\/v2\/posts\/70766\/revisions"}],"predecessor-version":[{"id":70767,"href":"https:\/\/infois.ro\/index.php?rest_route=\/wp\/v2\/posts\/70766\/revisions\/70767"}],"wp:featuredmedia":[{"embeddable":true,"href":"https:\/\/infois.ro\/index.php?rest_route=\/wp\/v2\/media\/67475"}],"wp:attachment":[{"href":"https:\/\/infois.ro\/index.php?rest_route=%2Fwp%2Fv2%2Fmedia&parent=70766"}],"wp:term":[{"taxonomy":"category","embeddable":true,"href":"https:\/\/infois.ro\/index.php?rest_route=%2Fwp%2Fv2%2Fcategories&post=70766"},{"taxonomy":"post_tag","embeddable":true,"href":"https:\/\/infois.ro\/index.php?rest_route=%2Fwp%2Fv2%2Ftags&post=70766"}],"curies":[{"name":"wp","href":"https:\/\/api.w.org\/{rel}","templated":true}]}}