{"id":70947,"date":"2023-05-14T19:31:12","date_gmt":"2023-05-14T16:31:12","guid":{"rendered":"http:\/\/infois.ro\/?p=70947"},"modified":"2023-05-15T10:34:07","modified_gmt":"2023-05-15T07:34:07","slug":"rezultate-excelente-obtinute-de-studentii-ieseni-la-editia-din-acest-an-a-agronomiadei","status":"publish","type":"post","link":"https:\/\/infois.ro\/?p=70947","title":{"rendered":"Rezultate excelente ob\u0163inute de studen\u0163ii ie\u015feni la edi\u0163ia din acest an a AGRONOMIADEI"},"content":{"rendered":"<p><img loading=\"lazy\" decoding=\"async\" class=\"size-medium wp-image-70948 alignleft\" src=\"http:\/\/infois.ro\/wp-content\/uploads\/2023\/05\/excelenti-agronomi-1-390x260.jpg\" alt=\"\" width=\"390\" height=\"260\" srcset=\"https:\/\/infois.ro\/wp-content\/uploads\/2023\/05\/excelenti-agronomi-1-390x260.jpg 390w, https:\/\/infois.ro\/wp-content\/uploads\/2023\/05\/excelenti-agronomi-1.jpg 640w\" sizes=\"(max-width: 390px) 100vw, 390px\" \/><\/p>\n<p style=\"text-align: justify;\">Studen\u021bii Universit\u0103\u0163ii de \u0218tiin\u021bele Vie\u021bii \u201eIon Ionescu de la Brad\u201d au ob\u0163inut rezultate excelente la cea de-a XXXIII-a edi\u0163ie a AGRONOMIADEI, eveniment desf\u0103\u015furat \u00een perioada 11 \u2013 14 mai la Ia\u015fi,\u00a0 La edi\u021bia din acest an au participat 410 studen\u021bi \u0219i 190 de cadre didactice, iar c\u00e2\u0219tig\u0103torii au avut parte de premii cu valoare dubl\u0103, \u00een compara\u021bie cu 2022 (premiul I &#8211; 700 de lei, premiul II &#8211; 500 de lei, premiul III &#8211; 400 de lei, iar men\u021biunea &#8211; 300 lei).<\/p>\n<p style=\"text-align: justify;\">Delega\u0163ia USV Ia\u015fi a ad\u0103ugat \u00een palmares, la aceast\u0103 edi\u0163ie,\u00a0 19 premii \u015fi dou\u0103 men\u0163iuni. La disciplinele aflate \u00een concurs, studen\u0163ii ie\u015feni au reu\u015fit s\u0103 fie pe locuri frunta\u0219e la specializ\u0103rile din cadrul agriculturii, horticulturii, industriei alimentare, zootehniei \u015fi medicinei veterinare.<\/p>\n<p style=\"text-align: justify;\">\u201eCea mai dinamic\u0103 \u0219i longeviv\u0103 competi\u021bie a universit\u0103\u021bilor din Rom\u00e2nia a reu\u0219it s\u0103 creeze o atmosfer\u0103 de senza\u021bie \u0219i s\u0103 aduc\u0103 o serie de premiere o dat\u0103 cu edi\u021bia din acest an, prima pe list\u0103 fiind participarea impresionant\u0103, cifra tinerilor care au ales s\u0103 vin\u0103 la Agronomiada trec\u00e2nd de 400 tineri entuzia\u0219ti. Ne bucur\u0103 mult c\u0103 USV Ia\u0219i a reu\u0219it s\u0103 aduc\u0103 aceast\u0103 competi\u021bie unic\u0103 la nivel na\u021bional, la un nivel \u00een care au \u00eent\u00e2ietate excelen\u021ba, cunoa\u0219terea, competi\u021bia onest\u0103, prietenia \u0219i fair-play-ul\u201d, a declarat prof. univ. dr. Vasile Stoleru, prorector cu activit\u0103\u021bile sociale \u00een cadrul USV.<\/p>\n<p style=\"text-align: justify;\"><img loading=\"lazy\" decoding=\"async\" class=\"size-medium wp-image-70949 alignright\" src=\"http:\/\/infois.ro\/wp-content\/uploads\/2023\/05\/excelenti-agronomi-2-390x293.jpg\" alt=\"\" width=\"390\" height=\"293\" srcset=\"https:\/\/infois.ro\/wp-content\/uploads\/2023\/05\/excelenti-agronomi-2-390x293.jpg 390w, https:\/\/infois.ro\/wp-content\/uploads\/2023\/05\/excelenti-agronomi-2.jpg 640w\" sizes=\"(max-width: 390px) 100vw, 390px\" \/><\/p>\n<p style=\"text-align: justify;\">Competi\u0163ie de tradi\u0163ie a studen\u0163ilor din universit\u0103\u0163ile agronomice din \u0163ar\u0103, ce dateaz\u0103 \u00eenc\u0103 din anii \u201970, AGRONOMIADA este un concurs studen\u0163esc organizat la nivel na\u0163ional, menit s\u0103 asigure consolidarea leg\u0103turilor de colaborare \u015fi prietenie dintre studen\u0163i, pentru promovarea ideii de performan\u0163\u0103, stimularea studiului \u015fi a calit\u0103\u0163ilor sportive \u00een r\u00e2ndul tinerilor. AGRONOMIADA se desf\u0103\u0219oar\u0103 prin rota\u021bie, \u00eentr-unul din cele cinci centre universitare de \u00eenv\u0103\u021b\u0103m\u00e2nt agronomic &#8211; Bucure\u0219ti, Cluj, Craiova, Ia\u0219i \u015fi Timi\u0219oara. \u00cencep\u00e2nd cu edi\u0163ia 2014, care a avut loc tot la USV Ia\u015fi, s-au al\u0103turat \u015fi studen\u0163ii Universit\u0103\u0163ii Agrare de Stat a Moldovei, actualmente Universitatea Tehnic\u0103 a Moldovei.<\/p>\n","protected":false},"excerpt":{"rendered":"<p>Studen\u021bii Universit\u0103\u0163ii de \u0218tiin\u021bele Vie\u021bii \u201eIon Ionescu de la Brad\u201d au ob\u0163inut rezultate excelente la&#8230; <a class=\"meta-more\" href=\"https:\/\/infois.ro\/?p=70947\">more <span class=\"meta-nav\">&raquo;<\/span><\/a><\/p>\n","protected":false},"author":2,"featured_media":70948,"comment_status":"closed","ping_status":"closed","sticky":false,"template":"","format":"standard","meta":{"footnotes":""},"categories":[12,41],"tags":[74,4803,2716,40,321,2334,14365],"aioseo_notices":[],"_links":{"self":[{"href":"https:\/\/infois.ro\/index.php?rest_route=\/wp\/v2\/posts\/70947"}],"collection":[{"href":"https:\/\/infois.ro\/index.php?rest_route=\/wp\/v2\/posts"}],"about":[{"href":"https:\/\/infois.ro\/index.php?rest_route=\/wp\/v2\/types\/post"}],"author":[{"embeddable":true,"href":"https:\/\/infois.ro\/index.php?rest_route=\/wp\/v2\/users\/2"}],"replies":[{"embeddable":true,"href":"https:\/\/infois.ro\/index.php?rest_route=%2Fwp%2Fv2%2Fcomments&post=70947"}],"version-history":[{"count":2,"href":"https:\/\/infois.ro\/index.php?rest_route=\/wp\/v2\/posts\/70947\/revisions"}],"predecessor-version":[{"id":70951,"href":"https:\/\/infois.ro\/index.php?rest_route=\/wp\/v2\/posts\/70947\/revisions\/70951"}],"wp:featuredmedia":[{"embeddable":true,"href":"https:\/\/infois.ro\/index.php?rest_route=\/wp\/v2\/media\/70948"}],"wp:attachment":[{"href":"https:\/\/infois.ro\/index.php?rest_route=%2Fwp%2Fv2%2Fmedia&parent=70947"}],"wp:term":[{"taxonomy":"category","embeddable":true,"href":"https:\/\/infois.ro\/index.php?rest_route=%2Fwp%2Fv2%2Fcategories&post=70947"},{"taxonomy":"post_tag","embeddable":true,"href":"https:\/\/infois.ro\/index.php?rest_route=%2Fwp%2Fv2%2Ftags&post=70947"}],"curies":[{"name":"wp","href":"https:\/\/api.w.org\/{rel}","templated":true}]}}