{"id":70997,"date":"2023-05-15T15:38:17","date_gmt":"2023-05-15T12:38:17","guid":{"rendered":"http:\/\/infois.ro\/?p=70997"},"modified":"2023-05-15T15:38:17","modified_gmt":"2023-05-15T12:38:17","slug":"iasul-gazda-celei-de-a-ix-a-editii-a-targului-regional-al-firmelor-de-exercitiu-pasi-spre-succes","status":"publish","type":"post","link":"https:\/\/infois.ro\/?p=70997","title":{"rendered":"Ia\u015ful, gazda celei de-a IX-a edi\u0163ii a T\u00e2rgului Regional al Firmelor de Exerci\u021biu \u201ePa\u0219i spre succes\u201d"},"content":{"rendered":"<p><img loading=\"lazy\" decoding=\"async\" class=\"size-medium wp-image-70998 alignleft\" src=\"http:\/\/infois.ro\/wp-content\/uploads\/2023\/05\/targ-regional-al-firmelor-1-390x293.jpg\" alt=\"\" width=\"390\" height=\"293\" srcset=\"https:\/\/infois.ro\/wp-content\/uploads\/2023\/05\/targ-regional-al-firmelor-1-390x293.jpg 390w, https:\/\/infois.ro\/wp-content\/uploads\/2023\/05\/targ-regional-al-firmelor-1.jpg 640w\" sizes=\"(max-width: 390px) 100vw, 390px\" \/><\/p>\n<p style=\"text-align: justify;\">\u00cen organizarea Colegiului Economic Administrativ, la sf\u00e2r\u015fitul s\u0103pt\u0103m\u00e2nii trecute, la Ia\u015fi a avut loc cea de-a IX-a edi\u021bie a\u00a0T\u00e2rgului Regional al Firmelor de Exerci\u021biu \u201dPa\u0219i spre succes\u201d.<\/p>\n<p style=\"text-align: justify;\">\n<p style=\"text-align: justify;\">Evenimentul s-a desf\u0103\u0219urat \u00een parteneriat cu Inspectoratul \u0218colar Jude\u021bean Ia\u0219i, Universitatea \u201cAl. I. Cuza\u201d Ia\u0219i &#8211; Facultatea de Economie \u0219i Administrarea Afacerilor Ia\u0219i, SC Expert Mind SRL \u0219i Asocia\u021bia Antonia pentru Educa\u021bie si Inovare Social\u0103, fiind g\u0103zduit de c\u0103tre Facultatea de Economie \u0219i Administrarea Afacerilor din cadrul Universit\u0103\u021bii \u201cAl. I. Cuza\u201d Ia\u0219i.<\/p>\n<p style=\"text-align: justify;\">\n<p style=\"text-align: justify;\">Competi\u021bia\u00a0 a trezit interesul unui num\u0103r mare de firme de exerci\u0163iu din \u0163ar\u0103. S-au \u00eenscris 127 firme de exerci\u021biu din 23 de jude\u021be. Elevii au concurat la cele 9 sec\u021biuni de concurs: prezentarea firmei de exerci\u021biu \u00een limba rom\u00e2n\u0103, prezentarea firmei de exerci\u021biu \u00een limba englez\u0103, tranzac\u021bii, stand, spot publicitar, site, materiale publicitare, catalog \u0219i imaginea firmei.<\/p>\n<p style=\"text-align: justify;\">\n<p style=\"text-align: justify;\">Firma de exerci\u021biu reprezint\u0103 o simulare a unei firme reale. Este \u00eenfiin\u021bat\u0103 de c\u0103tre elevi sub atenta \u00eendrumare a cadrelor didactice care le \u0219i coordoneaz\u0103. Activitatea ei se desf\u0103\u0219oar\u0103 conform legisla\u021biei \u00een vigoare pentru firmele reale \u0219i este supervizat\u0103 de Centrala Re\u021belei Firmelor de Exerci\u021biu (ROCT), prin intermediul unei platforme virtuale.<\/p>\n<p style=\"text-align: justify;\"><img loading=\"lazy\" decoding=\"async\" class=\"size-medium wp-image-70999 alignright\" src=\"http:\/\/infois.ro\/wp-content\/uploads\/2023\/05\/targ-regional-al-firmelor-2-390x293.jpg\" alt=\"\" width=\"390\" height=\"293\" srcset=\"https:\/\/infois.ro\/wp-content\/uploads\/2023\/05\/targ-regional-al-firmelor-2-390x293.jpg 390w, https:\/\/infois.ro\/wp-content\/uploads\/2023\/05\/targ-regional-al-firmelor-2.jpg 640w\" sizes=\"(max-width: 390px) 100vw, 390px\" \/><\/p>\n<p style=\"text-align: justify;\">Obiectivul general al \u00eenv\u0103\u0163\u0103rii prin firma de exerci\u0163iu \u00eel reprezint\u0103 dezvoltarea spiritului antreprenorial, prin familiarizarea elevilor cu activit\u0103\u0163ile specifice unei firme reale, simularea opera\u0163iunilor \u015fi proceselor economice caracteristice mediului real de afaceri, perfec\u0163ionarea limbajului specific, dezvoltarea de competen\u0163e \u015fi atitudini necesare unui \u00eentreprinz\u0103tor dinamic: creativitate, g\u00e2ndire critic\u0103, rezolvarea de probleme, luare de decizii, asumarea responsabilit\u0103\u0163ii, lucru \u00een echip\u0103, ini\u0163iativ\u0103, perseveren\u0163\u0103, autoorganizare \u015fi autoevaluare a resurselor individuale, flexibilitate.<\/p>\n<p style=\"text-align: justify;\">\n<p style=\"text-align: justify;\">Prin utilizarea metodei\u00a0firma de exerci\u021biu, se faciliteaz\u0103 trecerea absolven\u0163ilor \u00eenv\u0103\u0163\u0103m\u00e2ntului profesional \u015fi tehnic de la \u015fcoal\u0103 la via\u0163a activ\u0103.<\/p>\n<p style=\"text-align: justify;\">\n","protected":false},"excerpt":{"rendered":"<p>\u00cen organizarea Colegiului Economic Administrativ, la sf\u00e2r\u015fitul s\u0103pt\u0103m\u00e2nii trecute, la Ia\u015fi a avut loc cea&#8230; <a class=\"meta-more\" href=\"https:\/\/infois.ro\/?p=70997\">more <span class=\"meta-nav\">&raquo;<\/span><\/a><\/p>\n","protected":false},"author":2,"featured_media":70999,"comment_status":"closed","ping_status":"closed","sticky":false,"template":"","format":"standard","meta":{"footnotes":""},"categories":[12,41],"tags":[74,40,12869,16566],"aioseo_notices":[],"_links":{"self":[{"href":"https:\/\/infois.ro\/index.php?rest_route=\/wp\/v2\/posts\/70997"}],"collection":[{"href":"https:\/\/infois.ro\/index.php?rest_route=\/wp\/v2\/posts"}],"about":[{"href":"https:\/\/infois.ro\/index.php?rest_route=\/wp\/v2\/types\/post"}],"author":[{"embeddable":true,"href":"https:\/\/infois.ro\/index.php?rest_route=\/wp\/v2\/users\/2"}],"replies":[{"embeddable":true,"href":"https:\/\/infois.ro\/index.php?rest_route=%2Fwp%2Fv2%2Fcomments&post=70997"}],"version-history":[{"count":1,"href":"https:\/\/infois.ro\/index.php?rest_route=\/wp\/v2\/posts\/70997\/revisions"}],"predecessor-version":[{"id":71000,"href":"https:\/\/infois.ro\/index.php?rest_route=\/wp\/v2\/posts\/70997\/revisions\/71000"}],"wp:featuredmedia":[{"embeddable":true,"href":"https:\/\/infois.ro\/index.php?rest_route=\/wp\/v2\/media\/70999"}],"wp:attachment":[{"href":"https:\/\/infois.ro\/index.php?rest_route=%2Fwp%2Fv2%2Fmedia&parent=70997"}],"wp:term":[{"taxonomy":"category","embeddable":true,"href":"https:\/\/infois.ro\/index.php?rest_route=%2Fwp%2Fv2%2Fcategories&post=70997"},{"taxonomy":"post_tag","embeddable":true,"href":"https:\/\/infois.ro\/index.php?rest_route=%2Fwp%2Fv2%2Ftags&post=70997"}],"curies":[{"name":"wp","href":"https:\/\/api.w.org\/{rel}","templated":true}]}}