{"id":7182,"date":"2013-09-15T15:25:09","date_gmt":"2013-09-15T12:25:09","guid":{"rendered":"http:\/\/infois.ro\/?p=7182"},"modified":"2013-09-18T15:25:19","modified_gmt":"2013-09-18T12:25:19","slug":"pista-pentru-biciclisti-din-copou-a-fost-vopsita-in-rosu","status":"publish","type":"post","link":"https:\/\/infois.ro\/?p=7182","title":{"rendered":"Pista pentru bicicli\u0219ti din Copou a fost vopsit\u0103 \u00een ro\u0219u"},"content":{"rendered":"<p style=\"text-align: justify;\"><a class=\"highslide\" onclick=\"return vz.expand(this)\" href=\"http:\/\/infois.ro\/wp-content\/uploads\/2013\/09\/pista-biciclisti.jpg\"><img loading=\"lazy\" decoding=\"async\" class=\"alignleft size-large wp-image-7183\" title=\"pista biciclisti\" src=\"http:\/\/infois.ro\/wp-content\/uploads\/cache\/2013\/09\/pista-biciclisti\/854303486.jpg\" alt=\"\" width=\"600\" height=\"300\" \/><\/a><\/p>\n<p style=\"text-align: justify;\">Culoarul special destinat bicicli\u015ftilor, situat pe bulevardul Carol I, a fost vopsit \u00een \u00eentregime zilele trecute, \u00eencheindu-se astfel procesul amenaj\u0103rii sale. M\u0103sura de vopsire \u00een \u00eentregime \u00een ro\u0219u a pistei a fost luat\u0103 de reprezentan\u021bii Prim\u0103riei, pentru a se atrage aten\u021bia asupra acestui obiectiv. Pista de bicicli\u015fti din Copou face parte din proiectul european \u201eDezvoltarea re\u0163elei rutiere \u00een zona cultural\u0103, istoric\u0103 \u015fi turistic\u0103 a Municipiului Ia\u015fi\u201d, care prevede at\u00e2t asfaltarea principalelor str\u0103zi din Copou, Anastasie Panu, S\u0103r\u0103rie, Palat, c\u00e2t \u015fi construc\u0163ia de piste pe str\u0103zile modernizate. Pista de biciclete din\u00a0 Copou face leg\u0103tura \u00eentre Rond Agronomie \u015fi Funda\u0163ie, afl\u00e2ndu-se pe partea dreapt\u0103 a sensului de mers c\u0103tre Agronomie. Spre deosebire de pista de pe Splai Bahlui, amenajat\u0103 cu pavele, la construc\u0163ia celei din Copou s-a utilizat un bitum special. Ambele sunt amplasate \u00een zone foarte frecventate de tineri, fapt ce le spore\u015fte considerabil gradul de utilizare. \u201dPrin finalizarea pistei din dealul Copoului se \u00eentrege\u015fte marele tronson destinat bicicli\u015ftilor ce \u00eencepe \u00een Tudor Vladimirescu \u015fi trece prin T\u00e2rgu Cucu, bulevardul Independen\u0163ei, Pia\u0163a Mihai Eminescu, parcurg\u00e2nd o distan\u0163\u0103 de aproximativ 15 kilometri. Planurile municipalit\u0103\u0163ii \u00een privin\u0163a dezvolt\u0103rii de facilit\u0103\u0163i rutiere pentru bicicli\u015fti nu se \u00eencheie aici. Prin demararea noului proiect european Axa Sud (modernizarea zonei Podu Ro\u015f \u2013 CUG) se vor realiza al\u0163i 4 kilometri de piste pentru biciclete \u00een cadrul unui proiect gigant de 20 de milioane de euro ce mai presupune \u00eenlocuirea a 8 kilometri linie simpl\u0103 de tramvai, reabilitarea re\u0163elei stradale pe o suprafa\u0163\u0103 de 66.000 metri p\u0103tra\u0163i, modernizarea trotuarelor pe 30.000 metri p\u0103tra\u0163i\u201d, precizeaz\u0103 reprezentan\u021bii Prim\u0103riei, \u00eentr-un comunicat de pres\u0103. Preocuparea municipalit\u0103\u0163ii ie\u015fene pentru amatorii de plimb\u0103ri cu bicicleta s-a manifestat tot mai pregnant \u00een ultimii ani. \u00cen 2010, parteneriatul dintre Prim\u0103rie \u015fi o puternic\u0103 institu\u0163ie financiar\u0103 a dus la concretizarea proiectului I\u2019Velo, prin intermediul c\u0103ruia ie\u015fenii au acces gratuit la utilizarea a 50 de biciclete. De asemenea, \u00een perioada 1 \u2013 31 mai 2012, municipalitatea a organizat competi\u0163ia European Cycling Challenge (ECC), \u00een care Ia\u015ful a participat al\u0103turi de alte ora\u015fe europene la o \u00eentrecere \u00eentre bicicli\u015fti.<\/p>\n","protected":false},"excerpt":{"rendered":"<p>Culoarul special destinat bicicli\u015ftilor, situat pe bulevardul Carol I, a fost vopsit \u00een \u00eentregime zilele&#8230; <a class=\"meta-more\" href=\"https:\/\/infois.ro\/?p=7182\">more <span class=\"meta-nav\">&raquo;<\/span><\/a><\/p>\n","protected":false},"author":2,"featured_media":7183,"comment_status":"open","ping_status":"closed","sticky":false,"template":"","format":"standard","meta":{"footnotes":""},"categories":[1,41],"tags":[74,387,395,40,3054,296],"aioseo_notices":[],"_links":{"self":[{"href":"https:\/\/infois.ro\/index.php?rest_route=\/wp\/v2\/posts\/7182"}],"collection":[{"href":"https:\/\/infois.ro\/index.php?rest_route=\/wp\/v2\/posts"}],"about":[{"href":"https:\/\/infois.ro\/index.php?rest_route=\/wp\/v2\/types\/post"}],"author":[{"embeddable":true,"href":"https:\/\/infois.ro\/index.php?rest_route=\/wp\/v2\/users\/2"}],"replies":[{"embeddable":true,"href":"https:\/\/infois.ro\/index.php?rest_route=%2Fwp%2Fv2%2Fcomments&post=7182"}],"version-history":[{"count":2,"href":"https:\/\/infois.ro\/index.php?rest_route=\/wp\/v2\/posts\/7182\/revisions"}],"predecessor-version":[{"id":7185,"href":"https:\/\/infois.ro\/index.php?rest_route=\/wp\/v2\/posts\/7182\/revisions\/7185"}],"wp:featuredmedia":[{"embeddable":true,"href":"https:\/\/infois.ro\/index.php?rest_route=\/wp\/v2\/media\/7183"}],"wp:attachment":[{"href":"https:\/\/infois.ro\/index.php?rest_route=%2Fwp%2Fv2%2Fmedia&parent=7182"}],"wp:term":[{"taxonomy":"category","embeddable":true,"href":"https:\/\/infois.ro\/index.php?rest_route=%2Fwp%2Fv2%2Fcategories&post=7182"},{"taxonomy":"post_tag","embeddable":true,"href":"https:\/\/infois.ro\/index.php?rest_route=%2Fwp%2Fv2%2Ftags&post=7182"}],"curies":[{"name":"wp","href":"https:\/\/api.w.org\/{rel}","templated":true}]}}