{"id":71854,"date":"2023-06-22T13:06:30","date_gmt":"2023-06-22T10:06:30","guid":{"rendered":"https:\/\/infois.ro\/?p=71854"},"modified":"2023-06-22T13:06:30","modified_gmt":"2023-06-22T10:06:30","slug":"peste-o-suta-de-elevi-participa-la-scoala-de-vara-organizata-de-universitatea-de-stiintele-vietii","status":"publish","type":"post","link":"https:\/\/infois.ro\/?p=71854","title":{"rendered":"Peste o sut\u0103 de elevi particip\u0103 la \u0218coala de var\u0103 organizat\u0103 de Universitatea de \u015etiin\u0163ele Vie\u0163ii"},"content":{"rendered":"<p><img loading=\"lazy\" decoding=\"async\" class=\"size-medium wp-image-71855 alignleft\" src=\"http:\/\/infois.ro\/wp-content\/uploads\/2023\/06\/scoala-de-vara-usv-276x390.jpg\" alt=\"\" width=\"276\" height=\"390\" srcset=\"https:\/\/infois.ro\/wp-content\/uploads\/2023\/06\/scoala-de-vara-usv-276x390.jpg 276w, https:\/\/infois.ro\/wp-content\/uploads\/2023\/06\/scoala-de-vara-usv.jpg 640w\" sizes=\"(max-width: 276px) 100vw, 276px\" \/><\/p>\n<p style=\"text-align: justify;\">Timp de o s\u0103pt\u0103m\u00e2n\u0103, \u00een perioada 26-30 iunie, peste o sut\u0103 de elevi se vor familiariza cu via\u021ba de student la Universitatea de \u0218tiin\u021bele Vie\u021bii \u201eIon Ionescu de a Brad\u201d (USV) din Ia\u0219i, \u00een cadrul \u0218colii de var\u0103 \u201eVreau student la USV Ia\u0219i\u201d, evenimentul aflat \u00een acest an la cea de-a doua edi\u0163ie.<\/p>\n<p style=\"text-align: justify;\">\n<p style=\"text-align: justify;\">Elevii, de la colegii \u0219i licee din Tecuci, Vaslui, Bac\u0103u, Boto\u0219ani \u0219i Ia\u0219i, vor fi caza\u021bi \u00een campusul din dealului Copoului, vor lua masa la cantina-restaurant a universit\u0103\u021bii, \u0219i vor participa la diverse activit\u0103\u021bi \u0219i cursuri organizate pe domenii de interes, special dedicate lor.<\/p>\n<p style=\"text-align: justify;\">\n<p style=\"text-align: justify;\">\u201eScopul acestei activit\u0103\u021bi este acela de a oferi o nou\u0103 viziune elevilor de liceu, prin care ace\u015ftia s\u0103 experimenteze via\u021ba de student timp de o s\u0103pt\u0103m\u00e2n\u0103, \u00een vederea adapt\u0103rii lor cu specificul vie\u021bii academice. Elevii vor avea parte de activit\u0103\u021bi didactice \u00een scopul familiariz\u0103rii cu disciplinele studiate \u00een cadrul facult\u0103\u021bilor USV, vor afla informa\u021bii inedite \u0219i curiozit\u0103\u021bi privind siguran\u021ba alimentelor, nutri\u021bia \u0219i salvarea vie\u021bii necuv\u00e2nt\u0103toarelor. De asemenea, o aten\u021bie deosebit\u0103 va fi acordat\u0103 activit\u0103\u021bilor practice, elevii av\u00e2nd parte de vizite de studiu \u00een atelierele de microproduc\u021bie ale USV Ia\u0219i, dar \u0219i \u00een fermele didactice ale acesteia. Vor fi \u00eencuraja\u021bi s\u0103 se implice \u00een c\u00e2t mi multe activit\u0103\u021bi sportive din campusul nostru\u201d, a declarat prof. univ. dr. Vasile Stoleru, prorector cu activit\u0103\u021bile sociale \u00een cadrul Universit\u0103\u0163ii de \u015etiin\u0163ele Vie\u0163ii Ia\u015fi.<\/p>\n<p style=\"text-align: justify;\">\n<p style=\"text-align: justify;\">Pe l\u00e2ng\u0103 activit\u0103\u021bile antrenante din campus, tinerii viitori studen\u021bi ai USV Ia\u0219i vor mai avea parte \u0219i de excursii organizate la diverse obiective turistice ale Ia\u0219ului.<\/p>\n","protected":false},"excerpt":{"rendered":"<p>Timp de o s\u0103pt\u0103m\u00e2n\u0103, \u00een perioada 26-30 iunie, peste o sut\u0103 de elevi se vor&#8230; <a class=\"meta-more\" href=\"https:\/\/infois.ro\/?p=71854\">more <span class=\"meta-nav\">&raquo;<\/span><\/a><\/p>\n","protected":false},"author":2,"featured_media":71855,"comment_status":"closed","ping_status":"closed","sticky":false,"template":"","format":"standard","meta":{"footnotes":""},"categories":[12,41],"tags":[74,40,2810,14365],"aioseo_notices":[],"_links":{"self":[{"href":"https:\/\/infois.ro\/index.php?rest_route=\/wp\/v2\/posts\/71854"}],"collection":[{"href":"https:\/\/infois.ro\/index.php?rest_route=\/wp\/v2\/posts"}],"about":[{"href":"https:\/\/infois.ro\/index.php?rest_route=\/wp\/v2\/types\/post"}],"author":[{"embeddable":true,"href":"https:\/\/infois.ro\/index.php?rest_route=\/wp\/v2\/users\/2"}],"replies":[{"embeddable":true,"href":"https:\/\/infois.ro\/index.php?rest_route=%2Fwp%2Fv2%2Fcomments&post=71854"}],"version-history":[{"count":1,"href":"https:\/\/infois.ro\/index.php?rest_route=\/wp\/v2\/posts\/71854\/revisions"}],"predecessor-version":[{"id":71856,"href":"https:\/\/infois.ro\/index.php?rest_route=\/wp\/v2\/posts\/71854\/revisions\/71856"}],"wp:featuredmedia":[{"embeddable":true,"href":"https:\/\/infois.ro\/index.php?rest_route=\/wp\/v2\/media\/71855"}],"wp:attachment":[{"href":"https:\/\/infois.ro\/index.php?rest_route=%2Fwp%2Fv2%2Fmedia&parent=71854"}],"wp:term":[{"taxonomy":"category","embeddable":true,"href":"https:\/\/infois.ro\/index.php?rest_route=%2Fwp%2Fv2%2Fcategories&post=71854"},{"taxonomy":"post_tag","embeddable":true,"href":"https:\/\/infois.ro\/index.php?rest_route=%2Fwp%2Fv2%2Ftags&post=71854"}],"curies":[{"name":"wp","href":"https:\/\/api.w.org\/{rel}","templated":true}]}}