{"id":7186,"date":"2013-09-15T15:25:40","date_gmt":"2013-09-15T12:25:40","guid":{"rendered":"http:\/\/infois.ro\/?p=7186"},"modified":"2013-09-18T15:27:39","modified_gmt":"2013-09-18T12:27:39","slug":"noi-locuri-de-parcare-in-oras-scoase-la-licitatie-de-primarie","status":"publish","type":"post","link":"https:\/\/infois.ro\/?p=7186","title":{"rendered":"Noi locuri de parcare \u00een ora\u0219, scoase la licita\u021bie de Prim\u0103rie"},"content":{"rendered":"<p style=\"text-align: justify;\"><a class=\"highslide\" onclick=\"return vz.expand(this)\" href=\"http:\/\/infois.ro\/wp-content\/uploads\/2013\/09\/parcare1.jpg\"><img loading=\"lazy\" decoding=\"async\" class=\"alignleft size-large wp-image-7187\" title=\"parcare\" src=\"http:\/\/infois.ro\/wp-content\/uploads\/cache\/2013\/09\/parcare1\/856533719.jpg\" alt=\"\" width=\"600\" height=\"331\" \/><\/a><\/p>\n<p style=\"text-align: justify;\">S\u0103pt\u0103m\u00e2na viitoare, Prim\u0103ria va scoate spre \u00eenchiriere, prin licita\u0163ie, mai multe locuri de parcare de pe raza ora\u015fului. Astfel, \u00een data de 18 septembrie, de la ora 14.00, va avea loc licita\u0163ia public\u0103 cu strigare pentru \u00eenchirierea a dou\u0103 locuri de parcare situate \u00een strada Zugravi nr. 5. Imobilele cu drept de participare la licitatie sunt blocurile: F9, L23, L24, L25. Data limit\u0103 de depunere a dosarelor: 16 septembrie, ora 13. Pe 19 septembrie, tot de la ora 14.00, se va organiza licita\u0163ia pentru \u00eenchirierea unui loc de parcare situat \u00een strada Amurgului nr. 10. Imobilele cu drept de participare sunt blocurile: 258A, 258B, 256, 255 si 259A. Data limit\u0103 de depunere a dosarelor este 18 septembrie, ora 13. \u00cen data de 23 seotembrie, de la ora 14.00, se va desf\u0103\u015fura licita\u0163ia pentru \u00eenchirierea a \u0219apte locuri de parcare situate \u00een strada P\u0103curari nr. 111. Pot participa locatarii de la blocurile: 603 si 103. Data limit\u0103 de depunere a dosarelor: 20.09, ora 13. \u00cen finae, dar nu \u00een ultimul r\u00e2nd, pe data de 24 septembrie, de la ora 14.00, va avea loc licita\u0163ia public\u0103 cu strigare pentru \u00eenchirierea unui loc de parcare situat \u00een strada Rediu nr. 10. Imobilele cu drept de participare sunt blocurile: 482A, 482B, 482C, 482D si 482E. Data limit\u0103 de depunere a dosarelor este 20 septembrie, ora 13.00. Documente necesare pentru participarea la licita\u021bie: dosar de \u00eencopciat, cerere \u00eenscriere la licita\u0163ie; copie BI\/CI, copie act proprietate locuin\u0163\u0103, copie carte identitate ma\u015fin\u0103, copie certificat \u00eenmatriculare ma\u015fin\u0103, chitan\u0163e taxe participare licita\u0163ie (10+5+50 lei), certificat atestare fiscal\u0103, eliberat de DEFPL Ia\u015fi. Pre\u0163ul documenta\u0163iei este de 10 lei\/loc. Taxa de participare: 5 lei\/loc. Garan\u0163ia de participare: 50 lei\/loc. Licita\u0163iile se vor desf\u0103\u015fura la sediul DAPPP din str. Sm\u00e2rdan nr. 5, et.III. Cei interesa\u0163i pot ob\u0163ine informa\u0163ii suplimentare de pe site-ul\u00a0<a href=\"http:\/\/www.primaria-iasi.ro\/\">www.primaria-iasi.ro<\/a>, sec\u0163iunea de licita\u0163ii, sau de la sediul DAPPP din str. Sm\u00e2rdan nr. 5, cam. 9, parter. Cei interesa\u021bi pot afla alte detalii despre scoarea la licita\u021bie a locurilor d eparcare din ora\u0219 la num\u0103rul de telefon 0232\/264.246, int. 22, sau 42.<\/p>\n","protected":false},"excerpt":{"rendered":"<p>S\u0103pt\u0103m\u00e2na viitoare, Prim\u0103ria va scoate spre \u00eenchiriere, prin licita\u0163ie, mai multe locuri de parcare de&#8230; <a class=\"meta-more\" href=\"https:\/\/infois.ro\/?p=7186\">more <span class=\"meta-nav\">&raquo;<\/span><\/a><\/p>\n","protected":false},"author":2,"featured_media":7187,"comment_status":"open","ping_status":"closed","sticky":false,"template":"","format":"standard","meta":{"footnotes":""},"categories":[1],"tags":[40,846,1671,296],"aioseo_notices":[],"_links":{"self":[{"href":"https:\/\/infois.ro\/index.php?rest_route=\/wp\/v2\/posts\/7186"}],"collection":[{"href":"https:\/\/infois.ro\/index.php?rest_route=\/wp\/v2\/posts"}],"about":[{"href":"https:\/\/infois.ro\/index.php?rest_route=\/wp\/v2\/types\/post"}],"author":[{"embeddable":true,"href":"https:\/\/infois.ro\/index.php?rest_route=\/wp\/v2\/users\/2"}],"replies":[{"embeddable":true,"href":"https:\/\/infois.ro\/index.php?rest_route=%2Fwp%2Fv2%2Fcomments&post=7186"}],"version-history":[{"count":1,"href":"https:\/\/infois.ro\/index.php?rest_route=\/wp\/v2\/posts\/7186\/revisions"}],"predecessor-version":[{"id":7188,"href":"https:\/\/infois.ro\/index.php?rest_route=\/wp\/v2\/posts\/7186\/revisions\/7188"}],"wp:featuredmedia":[{"embeddable":true,"href":"https:\/\/infois.ro\/index.php?rest_route=\/wp\/v2\/media\/7187"}],"wp:attachment":[{"href":"https:\/\/infois.ro\/index.php?rest_route=%2Fwp%2Fv2%2Fmedia&parent=7186"}],"wp:term":[{"taxonomy":"category","embeddable":true,"href":"https:\/\/infois.ro\/index.php?rest_route=%2Fwp%2Fv2%2Fcategories&post=7186"},{"taxonomy":"post_tag","embeddable":true,"href":"https:\/\/infois.ro\/index.php?rest_route=%2Fwp%2Fv2%2Ftags&post=7186"}],"curies":[{"name":"wp","href":"https:\/\/api.w.org\/{rel}","templated":true}]}}