{"id":72341,"date":"2023-07-11T09:35:14","date_gmt":"2023-07-11T06:35:14","guid":{"rendered":"https:\/\/infois.ro\/?p=72341"},"modified":"2023-07-11T09:35:14","modified_gmt":"2023-07-11T06:35:14","slug":"agigea-natura-si-educatie-eveniment-organizat-de-statiunea-biologica-marina-prof-dr-ioan-borcea","status":"publish","type":"post","link":"https:\/\/infois.ro\/?p=72341","title":{"rendered":"\u201eAGIGEA &#8211; NATUR\u0102 \u0219i EDUCA\u021aIE\u201d, eveniment organizat de Sta\u021biunea Biologic\u0103 Marin\u0103 \u201eProf. Dr. Ioan Borcea\u201d"},"content":{"rendered":"<p><img loading=\"lazy\" decoding=\"async\" class=\"size-medium wp-image-72342 alignleft\" src=\"http:\/\/infois.ro\/wp-content\/uploads\/2023\/07\/agigea-natura-si-educatie-390x195.jpg\" alt=\"\" width=\"390\" height=\"195\" srcset=\"https:\/\/infois.ro\/wp-content\/uploads\/2023\/07\/agigea-natura-si-educatie-390x195.jpg 390w, https:\/\/infois.ro\/wp-content\/uploads\/2023\/07\/agigea-natura-si-educatie.jpg 640w\" sizes=\"(max-width: 390px) 100vw, 390px\" \/><\/p>\n<p style=\"text-align: justify;\">Sta\u021biunea Biologic\u0103 Marin\u0103 \u201eProf. Dr. Ioan Borcea\u201d din Agigea a Universit\u0103\u021bii \u201eAlexandru Ioan Cuza\u201d din Ia\u0219i (UAIC) organizeaz\u0103 s\u00e2mb\u0103t\u0103, 15 iulie, \u00eencep\u00e2nd cu ora 17.00, evenimentul \u201eAGIGEA &#8211; NATUR\u0102 \u0219i EDUCA\u021aIE\u201d, \u00een cadrul c\u0103ruia publicul de toate v\u00e2rstele este invitat la o dup\u0103-amiaz\u0103 de educa\u021bie non-formal\u0103 \u00een natur\u0103.<\/p>\n<p style=\"text-align: justify;\">\n<p style=\"text-align: justify;\">\u00cen cadrul evenimentului, biologii \u0219i cercet\u0103torii Sta\u021biunii Biologice Marine \u201eProf. Dr. Ioan Borcea\u201d din Agigea vor oferi informa\u021bii despre c\u00e2teva subiecte inedite, printre care de ce e important s\u0103 \u0219tii c\u00e2t \u0219i unde c\u0103l\u0103toresc p\u0103s\u0103rile, camuflajul perfect la insecte, de ce s\u0103 nu \u00ee\u021bi fie team\u0103 de \u0219erpi \u015fi cum s\u0103 prive\u0219ti de aproape o insect\u0103.<\/p>\n<p style=\"text-align: justify;\">\n<p style=\"text-align: justify;\">Vor avea loc \u0219i ateliere BIOART, \u00een care se vor picta cochilii, desena siluete de p\u0103s\u0103ri \u0219i copiii vor \u00eenv\u0103\u021ba animale cu ajutorul jocurilor. De asemenea, participan\u021bii la evenimentul \u201eAGIGEA &#8211; NATUR\u0102 \u0219i EDUCA\u021aIE\u201d vor fi ghida\u021bi pe aleea tematic\u0103 din cadrul ariei naturale protejate \u201eDunele Marine de la Agigea\u201d \u0219i vor primi informa\u021bii despre cum pot ajuta Natura \u00een curtea proprie sau \u00een parcul de l\u00e2ng\u0103 locuin\u021b\u0103. Al\u0103turi de exper\u021bii \u00een ornitologie, herpetofaun\u0103, entomologie din cadrul Sta\u021biunii Biologice Marine \u201eProf. Dr. Ioan Borcea\u201d din Agigea vor participa \u0219i exper\u021bii Centrului de Reabilitare Visul Luanei, anun\u0163\u0103, \u00eentr-un comunicat, reprezentan\u0163ii UAIC.<\/p>\n<p style=\"text-align: justify;\">\n<p style=\"text-align: justify;\">Potrivit documentului, evenimentul este organizat \u00een cadrul proiectului \u201eImplementarea de m\u0103suri active de conservare pe teritoriul sitului Natura 2000 ROSCI0073 Dunele marine de la Agigea \u0219i a ariei naturale protejate de interes na\u021bional Dunele Marine de la Agigea\u201d, finan\u021bat prin Programul Opera\u021bional Infrastructur\u0103 Mare 2014 &#8211; 2021.<\/p>\n<p style=\"text-align: justify;\">\n<p style=\"text-align: justify;\">Proiectul, cofinan\u021bat din Fondul European de Dezvoltare Regional\u0103 prin Programul Opera\u021bional Infrastructura Mare 2014-2020, \u00ee\u0219i propune implementarea m\u0103surilor de conservare activ\u0103 identificate \u00een cadrul elabor\u0103rii Planului de Management al ariei naturale protejate Dunele Marine de la Agigea.<\/p>\n<p style=\"text-align: justify;\">Statutul ariei naturale protejate depinde \u00een foarte mare m\u0103sur\u0103 de punerea imediat\u0103 \u00een aplicare a m\u0103surilor de conservare, \u00eentruc\u00e2t acest sit a fost afectat \u00een decursul timpului de mai multe lucr\u0103ri de infrastructur\u0103 (construirea Portului Constan\u021ba, sistemul de ap\u0103rare din al II-lea R\u0103zboi Mondial).<\/p>\n<p style=\"text-align: justify;\">\n<p style=\"text-align: justify;\">De asemenea, av\u00e2nd \u00een vedere loca\u021bia sa central\u0103, \u00een r\u00e2ndul sta\u021biunilor turistice de la Marea Neagr\u0103, proiectul \u00ee\u0219i propune \u0219i elaborarea unei strategii de educare a publicului larg, care s\u0103 se concretizeze \u00eentr-un punct de informare cu privire la structura, func\u021bionarea \u0219i importan\u021ba ecosistemelor litorale de la Marea Neagr\u0103.<\/p>\n<p style=\"text-align: justify;\">\n<p style=\"text-align: justify;\">Proiectul este derulat de Agen\u021bia Na\u021bional\u0103 pentru Arii Naturale Protejate, \u00eempreun\u0103 cu Universitatea \u201eAlexandru Ioan Cuza\u201d din Ia\u0219i.<\/p>\n<p style=\"text-align: justify;\">\n","protected":false},"excerpt":{"rendered":"<p>Sta\u021biunea Biologic\u0103 Marin\u0103 \u201eProf. Dr. Ioan Borcea\u201d din Agigea a Universit\u0103\u021bii \u201eAlexandru Ioan Cuza\u201d din&#8230; <a class=\"meta-more\" href=\"https:\/\/infois.ro\/?p=72341\">more <span class=\"meta-nav\">&raquo;<\/span><\/a><\/p>\n","protected":false},"author":2,"featured_media":72342,"comment_status":"closed","ping_status":"closed","sticky":false,"template":"","format":"standard","meta":{"footnotes":""},"categories":[12,41],"tags":[74,13708,16389,40,16388,6648],"aioseo_notices":[],"_links":{"self":[{"href":"https:\/\/infois.ro\/index.php?rest_route=\/wp\/v2\/posts\/72341"}],"collection":[{"href":"https:\/\/infois.ro\/index.php?rest_route=\/wp\/v2\/posts"}],"about":[{"href":"https:\/\/infois.ro\/index.php?rest_route=\/wp\/v2\/types\/post"}],"author":[{"embeddable":true,"href":"https:\/\/infois.ro\/index.php?rest_route=\/wp\/v2\/users\/2"}],"replies":[{"embeddable":true,"href":"https:\/\/infois.ro\/index.php?rest_route=%2Fwp%2Fv2%2Fcomments&post=72341"}],"version-history":[{"count":1,"href":"https:\/\/infois.ro\/index.php?rest_route=\/wp\/v2\/posts\/72341\/revisions"}],"predecessor-version":[{"id":72343,"href":"https:\/\/infois.ro\/index.php?rest_route=\/wp\/v2\/posts\/72341\/revisions\/72343"}],"wp:featuredmedia":[{"embeddable":true,"href":"https:\/\/infois.ro\/index.php?rest_route=\/wp\/v2\/media\/72342"}],"wp:attachment":[{"href":"https:\/\/infois.ro\/index.php?rest_route=%2Fwp%2Fv2%2Fmedia&parent=72341"}],"wp:term":[{"taxonomy":"category","embeddable":true,"href":"https:\/\/infois.ro\/index.php?rest_route=%2Fwp%2Fv2%2Fcategories&post=72341"},{"taxonomy":"post_tag","embeddable":true,"href":"https:\/\/infois.ro\/index.php?rest_route=%2Fwp%2Fv2%2Ftags&post=72341"}],"curies":[{"name":"wp","href":"https:\/\/api.w.org\/{rel}","templated":true}]}}