{"id":7264,"date":"2013-09-19T19:06:47","date_gmt":"2013-09-19T16:06:47","guid":{"rendered":"http:\/\/infois.ro\/?p=7264"},"modified":"2013-09-19T19:06:47","modified_gmt":"2013-09-19T16:06:47","slug":"orasul-lille-franta-va-oferi-consultanta-iasilor-pentru-a-deveni-capitala-culturala-europeana","status":"publish","type":"post","link":"https:\/\/infois.ro\/?p=7264","title":{"rendered":"Ora\u0219ul Lille (Fran\u021ba) va oferi consultan\u021b\u0103 Ia\u0219ilor pentru a deveni \u201dCapital\u0103 Cultural\u0103 European\u0103\u201d"},"content":{"rendered":"<p style=\"text-align: justify;\"><a class=\"highslide\" onclick=\"return vz.expand(this)\" href=\"http:\/\/infois.ro\/wp-content\/uploads\/2013\/09\/consultanta.jpg\"><img loading=\"lazy\" decoding=\"async\" class=\"alignleft size-large wp-image-7265\" title=\"consultanta\" src=\"http:\/\/infois.ro\/wp-content\/uploads\/cache\/2013\/09\/consultanta\/1426357280.jpg\" alt=\"\" width=\"640\" height=\"360\" \/><\/a><\/p>\n<p style=\"text-align: justify;\">Conducerea Prim\u0103riei din ora\u0219ul Lille (Fran\u021ba) va oferi consultan\u021b\u0103 autorit\u0103\u021bilor ie\u0219ene \u00een vederea \u00eentocmirii de c\u0103tre acestea a dosarului privind desemnarea Ia\u0219ilor drept \u201dCapital\u0103 Cultural\u0103 European\u0103\u201d, \u00een anul 2021. \u00cen urma vizitei pe care a \u00eentreprins-o, recent, \u00een Fran\u021ba, primarul Ia\u0219ilor, Gheorghe Nichita, a avut o \u00eentrevedere cu reprezentan\u021bii municipalit\u0103\u021bii din Lille, \u00een urma c\u0103reia s-a convenit ca trei exper\u021bi din acest ora\u0219 s\u0103 vin\u0103, \u00een aceast\u0103 toamn\u0103, la Ia\u0219i, pentru a oferi consultan\u021b\u0103 autorit\u0103\u021bilor locale \u00een privin\u021ba \u00eentocmirii dosarului privind desemnarea Ia\u0219ilor drept \u201dCapital\u0103 Cultural\u0103 European\u0103\u201d. \u201d\u00cen anul 2004, ora\u0219ul Lille a fost desemnat drept Capital\u0103 Cultural\u0103 a Europei, motiv pentru care experien\u021ba acestei comunit\u0103\u021bi \u00een acest domeniu este de mare folos Ia\u0219ilor. De aceea, \u00een urma \u00eentrevederii pe care am avut-o cu conducerea Prim\u0103riei din Lille am convenit ca \u00een perioada urm\u0103toare, o delega\u021bie a acestui ora\u0219, format\u0103 din trei exper\u021bi, s\u0103 vin\u0103 la Ia\u0219i, pentru a ne \u00eemp\u0103rt\u0103\u0219i despre experien\u021ba acestui ora\u0219 \u00een drumul s\u0103u c\u0103tre desemnarea drept \u201dCapital\u0103 Cultural\u0103 European\u0103\u201d, a declarat joi, 19 septembrie, \u00eentr-o conferin\u021b\u0103 de pres\u0103, primarul Gheorghe Nichita. Programul \u201eCapitala Cultural\u0103 European\u0103\u201d a fost ini\u0163iat de mini\u015ftrii Culturii din \u0163\u0103rile Uniunii Europene \u00een anul 1985, la propunerea ministrului grec al Culturii din acea vreme, Melina Mercouri. Programul a fost conceput cu scopul \u201ede a apropia popoarele Europei\u201d \u015fi de \u201ea celebra contribu\u0163ia ora\u015felor europene la dezvoltarea culturii\u201d printr-un program cultural cu dimensiuni \u015fi semnifica\u0163ie european\u0103. P\u00e2n\u0103 acum, peste 30 de ora\u015fe au primit titlul de \u201eCapital\u0103 European\u0103 a Culturii\u201d. Desemnarea ora\u015felor care urmeaz\u0103 s\u0103 devin\u0103 \u201eCapitale Culturale Europene\u201d se face de c\u0103tre Comisia European\u0103, pe baza propunerilor venite din partea Ministerului Culturii din fiecare \u0163ar\u0103 membr\u0103 a Uniunii Europene. Comisia European\u0103 are stabilite, \u00een acest moment, ora\u015fele care urmeaz\u0103 s\u0103 primeasc\u0103 statutul de capital\u0103 cultural\u0103 a Europei p\u00e2n\u0103 \u00een anul 2019, inclusiv. \u00cen alt\u0103 ordine de idei, \u0219eful municipalit\u0103\u021bii ie\u0219ene a precizat c\u0103, pe agenda discu\u021biilor avute cu omologul s\u0103u din Lille, a figurat \u0219i chestiunea privind realizarea regionaliz\u0103rii \u00een Fran\u021ba, av\u00e2ndu-se \u00een vedere faptul c\u0103 acest ora\u0219 este capital unei regiuni cu o popula\u021bie de 4,2 milioane de locuitori, asem\u0103n\u0103toare cu cea a Regiunii de Dezvoltare Nord-Est din Rom\u00e2nia, care cuprinde \u0219i Ia\u0219ul.<\/p>\n","protected":false},"excerpt":{"rendered":"<p>Conducerea Prim\u0103riei din ora\u0219ul Lille (Fran\u021ba) va oferi consultan\u021b\u0103 autorit\u0103\u021bilor ie\u0219ene \u00een vederea \u00eentocmirii de&#8230; <a class=\"meta-more\" href=\"https:\/\/infois.ro\/?p=7264\">more <span class=\"meta-nav\">&raquo;<\/span><\/a><\/p>\n","protected":false},"author":2,"featured_media":7265,"comment_status":"open","ping_status":"closed","sticky":false,"template":"","format":"standard","meta":{"footnotes":""},"categories":[1],"tags":[2366,2848,40,3093],"aioseo_notices":[],"_links":{"self":[{"href":"https:\/\/infois.ro\/index.php?rest_route=\/wp\/v2\/posts\/7264"}],"collection":[{"href":"https:\/\/infois.ro\/index.php?rest_route=\/wp\/v2\/posts"}],"about":[{"href":"https:\/\/infois.ro\/index.php?rest_route=\/wp\/v2\/types\/post"}],"author":[{"embeddable":true,"href":"https:\/\/infois.ro\/index.php?rest_route=\/wp\/v2\/users\/2"}],"replies":[{"embeddable":true,"href":"https:\/\/infois.ro\/index.php?rest_route=%2Fwp%2Fv2%2Fcomments&post=7264"}],"version-history":[{"count":1,"href":"https:\/\/infois.ro\/index.php?rest_route=\/wp\/v2\/posts\/7264\/revisions"}],"predecessor-version":[{"id":7266,"href":"https:\/\/infois.ro\/index.php?rest_route=\/wp\/v2\/posts\/7264\/revisions\/7266"}],"wp:featuredmedia":[{"embeddable":true,"href":"https:\/\/infois.ro\/index.php?rest_route=\/wp\/v2\/media\/7265"}],"wp:attachment":[{"href":"https:\/\/infois.ro\/index.php?rest_route=%2Fwp%2Fv2%2Fmedia&parent=7264"}],"wp:term":[{"taxonomy":"category","embeddable":true,"href":"https:\/\/infois.ro\/index.php?rest_route=%2Fwp%2Fv2%2Fcategories&post=7264"},{"taxonomy":"post_tag","embeddable":true,"href":"https:\/\/infois.ro\/index.php?rest_route=%2Fwp%2Fv2%2Ftags&post=7264"}],"curies":[{"name":"wp","href":"https:\/\/api.w.org\/{rel}","templated":true}]}}