{"id":7280,"date":"2013-09-21T17:41:58","date_gmt":"2013-09-21T14:41:58","guid":{"rendered":"http:\/\/infois.ro\/?p=7280"},"modified":"2013-09-21T17:41:58","modified_gmt":"2013-09-21T14:41:58","slug":"manifestari-organizate-la-iasi-cu-ocazia-zilei-europene-fara-masina","status":"publish","type":"post","link":"https:\/\/infois.ro\/?p=7280","title":{"rendered":"Manifest\u0103ri organizate la Ia\u0219i cu ocazia \u201dZilei europene f\u0103r\u0103 ma\u0219in\u0103\u201d"},"content":{"rendered":"<p style=\"text-align: justify;\"><a class=\"highslide\" onclick=\"return vz.expand(this)\" href=\"http:\/\/infois.ro\/wp-content\/uploads\/2013\/09\/ziua-fara-masina.jpg\"><img loading=\"lazy\" decoding=\"async\" class=\"alignleft size-large wp-image-7281\" title=\"ziua fara masina\" src=\"http:\/\/infois.ro\/wp-content\/uploads\/cache\/2013\/09\/ziua-fara-masina\/3846989626.jpg\" alt=\"\" width=\"640\" height=\"640\" \/><\/a><\/p>\n<p style=\"text-align: justify;\">Ziua european\u0103 f\u0103r\u0103 ma\u0219ini, organizat\u0103 \u00een fiecare an pe 22 septembrie, face parte din &#8220;S\u0103pt\u0103m\u00e2na european\u0103 a mobilit\u0103\u021bii&#8221;, la care particip\u0103 mii de ora\u0219e \u0219i municipii din \u00eentreaga Europ\u0103 \u0219i din afara acesteia. Ini\u021biativa acestui eveniment\u00a0 apar\u021bine Comunit\u0103\u021bii Europene \u0219i \u00ee\u0219i propune s\u0103 atrag\u0103 aten\u021bia asupra necesit\u0103\u021bii protej\u0103rii mediului \u00eenconjur\u0103tor astfel \u00eenc\u00e2t localnicii s\u0103 se bucure de ora\u0219ul lor, mai lini\u0219tit \u0219i mai pu\u021bin poluat. Ia\u0219ul a fost primul ora\u0219 din Rom\u00e2nia care a organizat \u201dZiua european\u0103 f\u0103r\u0103 ma\u0219ini\u201d, \u00een anul 2000, \u00eempreun\u0103 cu ADEME (Agen\u021bia de Mediu \u0219i Gestionare a Energiei) din Fran\u021ba. Rom\u00e2nia a semnat conven\u021bia de aderare la acest eveniment interna\u021bional \u00een anul 2001. \u00cen acest an, cu ocazia \u201dS\u0103pt\u0103m\u00e2nii europene a mobilit\u0103\u021bii\u201d, la Ia\u0219i va fi organizat\u0103 duminic\u0103, 22 septembrie, de la ora 17.00, pe Bulevardul \u015etefan cel Mare \u015fi Sf\u00e2nt (\u00een fa\u0163a Prim\u0103riei Ia\u015fi) o demonstra\u021bie de trial bike, la care \u0219i-au anun\u021bat participarea membrii Clubului de Ciclism \u0219i triatlon din cadrului Clubului Sportiv Municipal Ia\u0219i (Ionu\u021b V\u0103leanu, fost concurent la show-ul TV Rom\u00e2nii au talent) \u0219i Lauren\u021biu Moisii. Tot de la ora 17.00, pe traseul Palatul Culturii \u2013 Podu Ro\u015f \u2013 Podu de Piatr\u0103 \u2013 bd. Nicolae Iorga \u2013 str. Prim\u0103verii \u2013 bd. Dimitrie Mangeron \u2013 str. Palas \u2013 str. Sf. Laz\u0103r \u2013 bd. Anastasie Panu \u2013 bd. Independen\u0163ei \u2013 Pia\u0163a Mihai Eminescu \u2013 Pia\u0163a Unirii \u2013 bd. \u015etefan cel Mare \u2013 Teatrul Na\u0163ional va avea loc o plimbare cu bicicleta, organizat\u0103 de Clubul \u201dIA\u0218I BIKE\u201d.<\/p>\n<p style=\"text-align: justify;\">\n","protected":false},"excerpt":{"rendered":"<p>Ziua european\u0103 f\u0103r\u0103 ma\u0219ini, organizat\u0103 \u00een fiecare an pe 22 septembrie, face parte din &#8220;S\u0103pt\u0103m\u00e2na&#8230; <a class=\"meta-more\" href=\"https:\/\/infois.ro\/?p=7280\">more <span class=\"meta-nav\">&raquo;<\/span><\/a><\/p>\n","protected":false},"author":2,"featured_media":7281,"comment_status":"open","ping_status":"closed","sticky":false,"template":"","format":"standard","meta":{"footnotes":""},"categories":[1,41],"tags":[3101,74,40,3100],"aioseo_notices":[],"_links":{"self":[{"href":"https:\/\/infois.ro\/index.php?rest_route=\/wp\/v2\/posts\/7280"}],"collection":[{"href":"https:\/\/infois.ro\/index.php?rest_route=\/wp\/v2\/posts"}],"about":[{"href":"https:\/\/infois.ro\/index.php?rest_route=\/wp\/v2\/types\/post"}],"author":[{"embeddable":true,"href":"https:\/\/infois.ro\/index.php?rest_route=\/wp\/v2\/users\/2"}],"replies":[{"embeddable":true,"href":"https:\/\/infois.ro\/index.php?rest_route=%2Fwp%2Fv2%2Fcomments&post=7280"}],"version-history":[{"count":1,"href":"https:\/\/infois.ro\/index.php?rest_route=\/wp\/v2\/posts\/7280\/revisions"}],"predecessor-version":[{"id":7282,"href":"https:\/\/infois.ro\/index.php?rest_route=\/wp\/v2\/posts\/7280\/revisions\/7282"}],"wp:featuredmedia":[{"embeddable":true,"href":"https:\/\/infois.ro\/index.php?rest_route=\/wp\/v2\/media\/7281"}],"wp:attachment":[{"href":"https:\/\/infois.ro\/index.php?rest_route=%2Fwp%2Fv2%2Fmedia&parent=7280"}],"wp:term":[{"taxonomy":"category","embeddable":true,"href":"https:\/\/infois.ro\/index.php?rest_route=%2Fwp%2Fv2%2Fcategories&post=7280"},{"taxonomy":"post_tag","embeddable":true,"href":"https:\/\/infois.ro\/index.php?rest_route=%2Fwp%2Fv2%2Ftags&post=7280"}],"curies":[{"name":"wp","href":"https:\/\/api.w.org\/{rel}","templated":true}]}}