{"id":72860,"date":"2023-07-28T11:54:35","date_gmt":"2023-07-28T08:54:35","guid":{"rendered":"https:\/\/infois.ro\/?p=72860"},"modified":"2023-07-31T11:59:08","modified_gmt":"2023-07-31T08:59:08","slug":"o-saptamana-pana-la-zilele-nordului","status":"publish","type":"post","link":"https:\/\/infois.ro\/?p=72860","title":{"rendered":"O s\u0103pt\u0103m\u00e2n\u0103 p\u00e2n\u0103 la Zilele Nordului"},"content":{"rendered":"<p style=\"text-align: justify;\"><img loading=\"lazy\" decoding=\"async\" class=\"size-medium wp-image-72861 alignleft\" src=\"http:\/\/infois.ro\/wp-content\/uploads\/2023\/07\/zilele-nordului1-390x258.jpg\" alt=\"\" width=\"390\" height=\"258\" srcset=\"https:\/\/infois.ro\/wp-content\/uploads\/2023\/07\/zilele-nordului1-390x258.jpg 390w, https:\/\/infois.ro\/wp-content\/uploads\/2023\/07\/zilele-nordului1.jpg 640w\" sizes=\"(max-width: 390px) 100vw, 390px\" \/><\/p>\n<p style=\"text-align: justify;\"><strong>O s\u0103pt\u0103m\u00e2n\u0103 p\u00e2n\u0103 la Zilele Nordului:\u00a0<\/strong><strong>Campionatul Mondial de Bor\u0219 Moldovenesc, tururi gastronomice,\u00a0<\/strong><strong>ateliere \u0219i dezbateri, 50 de concerte \u0219i evenimente.\u00a0<\/strong><\/p>\n<p style=\"text-align: justify;\"><strong><em>Festivalul Zilele Nordului a publicat programul detaliat pentru edi\u021bia sa cu num\u0103rul 10: 50 de concerte \u0219i evenimente vor avea loc la Darabani \u0219i \u00een \u00eemprejurimi \u00een perioada 3-6 august 2023.<\/em><\/strong><\/p>\n<p style=\"text-align: justify;\"><strong><em>\u00a0<\/em><\/strong><\/p>\n<ul style=\"text-align: justify;\">\n<li><strong><em>Dezbateri cu invita\u021bii festivalului, \u00eentre care scriitorii Vasile Ernu \u0219i Viorel Ili\u0219oi \u0219i pre\u0219edintele Ordinului Arhitec\u021bilor din Rom\u00e2nia, \u0218tefan B\u00e2lici;<\/em><\/strong><\/li>\n<li><strong><em>Ateliere de foresight (cu Diana Stafie de la Future Station), scriere de versuri (cu Doru Pu\u0219ca\u0219u de la Om la lun\u0103), libertate \u0219i fericire \u00een munc\u0103 (cu Doru \u0218upeal\u0103 de la Hacking Work) \u0219i altele;<\/em><\/strong><\/li>\n<li><strong><em>Tururi gastronomice \u00een regiune \u0219i o nou\u0103 edi\u021bie a Campionatului Mondial de Bor\u0219 Moldovenesc;<\/em><\/strong><\/li>\n<li><strong><em>Clac\u0103 pentru #Prima\u0218coal\u0103 s\u0103teasc\u0103 de stat din Moldova;<\/em><\/strong><\/li>\n<li><strong><em>Competi\u021bii sportive de MTB \u0219i Trail \u00een cadrul Maratonului Nordului;<\/em><\/strong><\/li>\n<li><strong><em>Spectacole de teatru, proiec\u021bii de film, art\u0103 stradal\u0103;<\/em><\/strong><\/li>\n<li><strong><em>Concerte Subcarpa\u021bi, The Turbans (UK), om la lun\u0103, Haydamaky (UA), Paulina.<\/em><\/strong><\/li>\n<\/ul>\n<p style=\"text-align: justify;\">\n<p style=\"text-align: justify;\">\n<p style=\"text-align: justify;\">A r\u0103mas o singur\u0103 s\u0103pt\u0103m\u00e2n\u0103 p\u00e2n\u0103 la startul celei de a zecea edi\u021bii ale Zilelor Nordului \u0219i cea mai spectaculoas\u0103 de p\u00e2n\u0103 acum. Festivalul va avea loc la Darabani, cel mai nordic ora\u0219 al Rom\u00e2niei, \u0219i \u00een alte comunit\u0103\u021bi din regiune \u0219i se va desf\u0103\u0219ura sub genericul #viitoruri.<\/p>\n<p style=\"text-align: justify;\">\n<p style=\"text-align: justify;\">Festivalul se va desf\u0103\u0219ura \u00een formatul s\u0103u deja tradi\u021bional: diminea\u021ba ateliere, tururi gastronomice \u0219i competi\u021bii sportive, dup\u0103-amiaza dezbateri, spectacole de teatru \u0219i \u00eent\u00e2lniri cu scriitori, iar seara concerte, petreceri \u0219i proiec\u021bii de film.<\/p>\n<p style=\"text-align: justify;\">\n<p style=\"text-align: justify;\">Accesul este gratuit la toate evenimentele de joi, 3 august, \u00een timp ce pre\u021bul biletelor pentru zilele de vineri \u0219i s\u00e2mb\u0103t\u0103 este de 45 de lei, cel pentru ziua de duminic\u0103 este de 20 de lei, iar abonamentele pentru \u00eentreg festivalul cost\u0103 95 de lei. Pensiunile din Darabani \u0219i \u00eemprejurimi sunt deja pline, iar cazarea festivalierilor se mai poate face la cort, \u00een campingurile puse la dispozi\u021bie de c\u0103tre organizatori.<\/p>\n<p style=\"text-align: justify;\">\n<p style=\"text-align: justify;\"><img loading=\"lazy\" decoding=\"async\" class=\"size-medium wp-image-72862 alignright\" src=\"http:\/\/infois.ro\/wp-content\/uploads\/2023\/07\/zilele-nordului-2-390x261.jpg\" alt=\"\" width=\"390\" height=\"261\" srcset=\"https:\/\/infois.ro\/wp-content\/uploads\/2023\/07\/zilele-nordului-2-390x261.jpg 390w, https:\/\/infois.ro\/wp-content\/uploads\/2023\/07\/zilele-nordului-2.jpg 640w\" sizes=\"(max-width: 390px) 100vw, 390px\" \/><\/p>\n<p style=\"text-align: justify;\"><strong>50 de invita\u021bii pe scenele Nordului<\/strong><\/p>\n<p style=\"text-align: justify;\"><strong>\u00a0<\/strong><\/p>\n<p style=\"text-align: justify;\">Scriitorii Vasile Ernu \u0219i Viorel Ili\u0219oi, \u0218tefan B\u00e2lici &#8211; pre\u0219edintele Ordinului Arhitec\u021bilor din Rom\u00e2nia, specialista \u00een foresight Diana Stafie, Doru Pu\u0219ca\u0219u, solistul trupei Om la lun\u0103 \u0219i activi\u0219tii Alexandrina Dinga de la Civica, Luca Ciubotaru de la R\u0103d\u0103u\u021biul Civic \u0219i Vladimir Us de la Coali\u021bia sectorului cultural independent din Republica Moldova sunt invita\u021bii speciali ai \u00cent\u00e2lnirilor Nordului din acest an, care vor dezbate tema #viitoruri.<\/p>\n<p style=\"text-align: justify;\">\n<p style=\"text-align: justify;\">Al\u0103turi de ei, la o serie de evenimente speciale vor participa scriitoarea Florentina Toni\u021b\u0103, fotografii Sorin Oni\u0219or \u0219i Adi Bulboac\u0103, Radu Szekely, consilier la Cancelaria Primului Ministru, Gra\u021bian Mih\u0103ilescu, fondatorul UrbanizeHub \u0219i Anamaria Antoci, boto\u0219\u0103neanca recent laureat\u0103 a Premiilor Gopo pentru produc\u021bia filmului Oameni de treab\u0103.<\/p>\n<p style=\"text-align: justify;\">\n<p style=\"text-align: justify;\">Unii dintre invita\u021bi sus\u021bin ateliere pentru festivalieri: scriere de versuri (Doru Pu\u0219ca\u0219u), libertate \u0219i fericire \u00een munc\u0103 (Doru \u0218upeal\u0103 de la Hacking Work), well-being pentru tineri (Teodora Popescu \u0219i Raluca Bejenariu de la Asocia\u021bia \u00cen Dialog), min-maxing life (Sebastian Mahu) \u0219i produc\u021bie de film (Anamaria Antoci). Diana Stafie faciliteaz\u0103 primul atelier de foresight pe tema #viitorurilor comunit\u0103\u021bilor mici din Rom\u00e2nia, cu participarea a 20 de invita\u021bi din ora\u0219ele extreme ale Rom\u00e2niei: Darabani la Nord, Sulina la Est, Zimnicea la Sub \u0219i S\u00e2nnicolau Mare la Vest.<\/p>\n<p style=\"text-align: justify;\">\n<p style=\"text-align: justify;\">Line-up este completat de filmele Ultima noapte, Aftersun, Oameni de treab\u0103 \u0219i Conspira\u021bie la Cairo, de trupele de teatru Orfeus \u0219i Atelierul de teatru, de arti\u0219tii stradali Harcea Pacea, Ana Octavia, Thea \u0219i Silviu Bedrila, precum \u0219i de trupele \u0219i DJii care vor urca pe scenele Nordului: Subcarpa\u021bi, The Turbans (UK), om la lun\u0103, Haydamaky (UA), Paulina, The Kryptonite Sparks, Baba Dochia, Bogdan Vaida, Adam\u2019s Nest, Tomis Junior, Stej\u0103relul, Glitch \u0219i Pixar Stelar.<\/p>\n<p style=\"text-align: justify;\">\n<p style=\"text-align: justify;\">\n<p style=\"text-align: justify;\">\n<p style=\"text-align: justify;\"><strong>Concerte \u0219i evenimente speciale<\/strong><\/p>\n<p style=\"text-align: justify;\">\n<p style=\"text-align: justify;\">Festivalul continu\u0103 cl\u0103cile pentru reconstruc\u021bia #Prima\u0218coal\u0103, cea mai veche \u0219coal\u0103 rural\u0103 de stat din Moldova, precum \u0219i deja tradi\u021bionalele tururi gastronomice \u0219i Campionatul Mondial de Bor\u0219 Moldovenesc. Tururile din acest an vor explora Lunca Prutului, Delta Nordului \u0219i locurile primelor a\u0219ez\u0103ri lacustre ale dacilor, iar la picnicurile din cadrul lor se vor m\u00e2nca pl\u0103cinte moldovene\u0219ti \u0219i preparate din pe\u0219te.<\/p>\n<p style=\"text-align: justify;\">\n<p style=\"text-align: justify;\">La festival va avea loc lansare mi\u0219c\u0103rii Cord a fo\u0219tilor voluntari Nord, \u00een cadrul unei conferin\u021be speciale organizate \u00een prima zi a festivalului. Voluntarilor curen\u021bi le este dedicat, ca \u00een fiecare an, programul de training Voluntar \u00een Nord, iar cu ceilal\u021bi tineri din regiune, cu localnicii din Darabani \u0219i cu turi\u0219tii de festival se organizeaz\u0103 \u00een fiecare zi, \u00een colaborare cu UrbanizeHub, consult\u0103ri pentru dezvoltarea unei strategii de dezvoltare a ora\u0219ului.<\/p>\n<p style=\"text-align: justify;\">\n<p style=\"text-align: justify;\">Sute de sportivi sunt a\u0219tepta\u021bi s\u0103 participe s\u00e2mb\u0103t\u0103 \u0219i duminic\u0103 la competi\u021biile de ciclism \u0219i alergare ale Maratonului Nordului: probleme de MTB se desf\u0103\u0219oar\u0103 \u00een comuna Dersca, iar cele de Trail au startul \u0219i finish-ul chiar \u00een Poiana Teioasa de la Darabani.<\/p>\n<p style=\"text-align: justify;\">\n<p style=\"text-align: justify;\">\u00cen acest an concertele ZN au loc \u00een Casa de Cultur\u0103, Amfiteatrul #Prima \u0218coal\u0103 \u0219i Poiana Teioasa. Prima zi de festival \u00eel readuce la Darabani pe pianistul Bogdan Vaida, artistul invitat al primului eveniment Nord, cu 10 ani \u00een urm\u0103. El va concerta la Casa de Cultur\u0103, la fel ca acum 10 ani. Deschiderea oficial\u0103 a festivalului are loc joi sear\u0103, 3 august, la Amfiteatru, cu un concert Adam\u2019s Nest \u0219i cu show-ul electro-acustic Fazele lunii al forma\u021biei Om la lun\u0103.<\/p>\n<p style=\"text-align: justify;\">\n<p style=\"text-align: justify;\">Seara de vineri aduce \u00een Poian\u0103 energia combinat\u0103 a rock-ului, hip-hop-ului \u0219i electronicii din Rom\u00e2nia \u0219i Ucraina, cu Baba Dochia, Subcarpa\u021bi \u0219i ucrainenii de la Haydamaky pe scen\u0103. S\u00e2mb\u0103ta se las\u0103 cu party: The Kryptonite Sparks, Paulina \u0219i The Turbans, trupa britanic\u0103 cu arti\u0219ti din toat\u0103 lumea concerteaz\u0103 tot \u00een Poian\u0103, iar duminic\u0103 ansamblul Stej\u0103relul \u0219i Doini\u021ba Fluturu cu forma\u021bia Tomis Junior fac petrecere de zi cu ocazia Campionatului Mondial de Bor\u0219 Moldovenesc. De warm-up-urile \u0219i after-urile festivalului responsabilii sunt Glitch \u0219i Pixar Stelar.<\/p>\n<p style=\"text-align: justify;\">\n<p style=\"text-align: justify;\"><strong>\u00a0<\/strong><\/p>\n<p style=\"text-align: justify;\"><strong>A 10-a edi\u021bie din 25<\/strong><\/p>\n<p style=\"text-align: justify;\"><strong>\u00a0<\/strong><\/p>\n<p style=\"text-align: justify;\">Asocia\u021bia Nord \u0219i-a propus s\u0103 organizeze 25 de edi\u021bii de Zilele Nordului, \u00een \u00eencercarea ca, la final, s\u0103 poat\u0103 da un r\u0103spuns la \u00eentrebarea \u201ece a f\u0103cut genera\u021bia noastr\u0103 pentru Nord?\u201d. Prin numeroase ini\u021biative de dezvoltare comunitar\u0103 asociate festivalului, Zilele Nordului dezvolt\u0103 mecanisme noi de colaborare \u00eentre cet\u0103\u021benii \u0219i speciali\u0219tii preocupa\u021bi de regiune.<\/p>\n<p style=\"text-align: justify;\">\n<p style=\"text-align: justify;\">\u00cen acest interval festivalul a generat peste 2.000 de experien\u021be de voluntariat, a lucrat \u00een 20 de comunit\u0103\u021bi din regiune unde a reparat monumente istorice, a creat parcuri \u0219i muzee, a organizat sute de evenimente culturale \u0219i educa\u021bionale \u0219i campanii pentru sprijinirea spitalelor \u00een timpul pandemiei \u0219i a centrelor de refugia\u021bi la \u00eenceputul r\u0103zboiului din Ucraina.<\/p>\n<p style=\"text-align: justify;\">\n<p style=\"text-align: justify;\">Zilele Nordului 2023 este co-finan\u021bat prin <em>PNRR: Fonduri pentru Rom\u00e2nia modern\u0103 \u0219i reformat\u0103<\/em> \u0219i are ca parteneri principali Banca Transilvania, Grupul Iulius, Sagrod, Cadasplan \u0219i Radio Guerrilla, al\u0103turi de Prim\u0103riile \u0219i Consiliile Locale din Darabani \u0219i Dersca.<\/p>\n<p style=\"text-align: justify;\">\n<p style=\"text-align: justify;\">Detalii pe <a href=\"http:\/\/www.zilelenordului.ro\">www.zilelenordului.ro<\/a>.<\/p>\n<p style=\"text-align: justify;\">\n<p style=\"text-align: justify;\">\n<p style=\"text-align: justify;\"><strong><em>\u00a0<\/em><\/strong><\/p>\n<p style=\"text-align: justify;\"><strong><em>Detaliile finan\u021b\u0103rii PNRR.<\/em><\/strong><em> Numele proiectului: Zilele Nordului 10. Beneficiar: Asocia\u021bia Nord. Valoarea total\u0103 a proiectului: 221.805 lei. Perioada proiectului: 31.03.2023-28.02.2024. Codul proiectului: 158.<\/em><\/p>\n<p style=\"text-align: justify;\">\n<p style=\"text-align: justify;\">\n<p style=\"text-align: justify;\">\n<p style=\"text-align: justify;\">\n","protected":false},"excerpt":{"rendered":"<p>O s\u0103pt\u0103m\u00e2n\u0103 p\u00e2n\u0103 la Zilele Nordului:\u00a0Campionatul Mondial de Bor\u0219 Moldovenesc, tururi gastronomice,\u00a0ateliere \u0219i dezbateri, 50&#8230; <a class=\"meta-more\" href=\"https:\/\/infois.ro\/?p=72860\">more <span class=\"meta-nav\">&raquo;<\/span><\/a><\/p>\n","protected":false},"author":2,"featured_media":72861,"comment_status":"closed","ping_status":"closed","sticky":false,"template":"","format":"standard","meta":{"footnotes":""},"categories":[41,60],"tags":[74,16848,70,40,16847],"aioseo_notices":[],"_links":{"self":[{"href":"https:\/\/infois.ro\/index.php?rest_route=\/wp\/v2\/posts\/72860"}],"collection":[{"href":"https:\/\/infois.ro\/index.php?rest_route=\/wp\/v2\/posts"}],"about":[{"href":"https:\/\/infois.ro\/index.php?rest_route=\/wp\/v2\/types\/post"}],"author":[{"embeddable":true,"href":"https:\/\/infois.ro\/index.php?rest_route=\/wp\/v2\/users\/2"}],"replies":[{"embeddable":true,"href":"https:\/\/infois.ro\/index.php?rest_route=%2Fwp%2Fv2%2Fcomments&post=72860"}],"version-history":[{"count":1,"href":"https:\/\/infois.ro\/index.php?rest_route=\/wp\/v2\/posts\/72860\/revisions"}],"predecessor-version":[{"id":72863,"href":"https:\/\/infois.ro\/index.php?rest_route=\/wp\/v2\/posts\/72860\/revisions\/72863"}],"wp:featuredmedia":[{"embeddable":true,"href":"https:\/\/infois.ro\/index.php?rest_route=\/wp\/v2\/media\/72861"}],"wp:attachment":[{"href":"https:\/\/infois.ro\/index.php?rest_route=%2Fwp%2Fv2%2Fmedia&parent=72860"}],"wp:term":[{"taxonomy":"category","embeddable":true,"href":"https:\/\/infois.ro\/index.php?rest_route=%2Fwp%2Fv2%2Fcategories&post=72860"},{"taxonomy":"post_tag","embeddable":true,"href":"https:\/\/infois.ro\/index.php?rest_route=%2Fwp%2Fv2%2Ftags&post=72860"}],"curies":[{"name":"wp","href":"https:\/\/api.w.org\/{rel}","templated":true}]}}