{"id":73295,"date":"2023-08-23T12:44:21","date_gmt":"2023-08-23T09:44:21","guid":{"rendered":"http:\/\/infois.ro\/?p=73295"},"modified":"2023-08-23T12:44:21","modified_gmt":"2023-08-23T09:44:21","slug":"campanie-privind-incurajarea-colectarii-selective-a-deseurilor-in-scolile-din-municipiu-demarata-de-primarie","status":"publish","type":"post","link":"https:\/\/infois.ro\/?p=73295","title":{"rendered":"Campanie privind \u00eencurajarea colect\u0103rii selective a de\u015feurilor \u00een \u015fcolile din municipiu, demarat\u0103 de Prim\u0103rie"},"content":{"rendered":"<p><img loading=\"lazy\" decoding=\"async\" class=\"size-medium wp-image-73296 alignleft\" src=\"http:\/\/infois.ro\/wp-content\/uploads\/2023\/08\/colectare-in-scoli-2-293x390.jpg\" alt=\"\" width=\"293\" height=\"390\" srcset=\"https:\/\/infois.ro\/wp-content\/uploads\/2023\/08\/colectare-in-scoli-2-293x390.jpg 293w, https:\/\/infois.ro\/wp-content\/uploads\/2023\/08\/colectare-in-scoli-2.jpg 640w\" sizes=\"(max-width: 293px) 100vw, 293px\" \/><\/p>\n<p style=\"text-align: justify;\">Prim\u0103ria Municipiului Ia\u015fi \u00eempreun\u0103 cu SC Salubris SA anun\u0163\u0103 demararea unei campanii de de \u00eencurajare a colect\u0103rii separate \u0219i corecte a de\u0219eurilor \u00een unit\u0103\u021bile de \u00eenv\u0103\u021b\u0103m\u00e2nt preuniversitar din ora\u015f.<\/p>\n<p style=\"text-align: justify;\">Primul palier al campaniei const\u0103 \u00een dotarea tuturor unit\u0103\u021bilor de \u00eenv\u0103\u021b\u0103m\u00e2nt (gr\u0103dini\u021be, \u0219coli \u0219i licee) cu co\u0219uri de gunoi pentru colectarea separat\u0103. Este vorba de 855 de seturi de co\u0219uri (fiecare format din c\u00e2te trei, pentru h\u00e2rtie \u0219i carton, plastic \u0219i metal \u0219i, respectiv, de\u0219euri menajere) care vor fi distribuite \u00een perioada 1 \u2013 8 septembrie 2023 pe un num\u0103r total de 770 de holuri din 111 unit\u0103\u021bi de \u00eenv\u0103\u021b\u0103m\u00e2nt. Valoarea investi\u021biei este de 225.202,38 lei.<\/p>\n<p style=\"text-align: justify;\">\n<p style=\"text-align: justify;\">Cea de-a doua component\u0103 a campaniei const\u0103 \u00een realizarea \u0219i distribuirea \u00een unit\u0103\u021bile de \u00eenv\u0103\u021b\u0103m\u00e2nt de materialele informative cu privire la importan\u021ba colect\u0103rii separate.<\/p>\n<p style=\"text-align: justify;\"><img loading=\"lazy\" decoding=\"async\" class=\"size-medium wp-image-73297 alignright\" src=\"http:\/\/infois.ro\/wp-content\/uploads\/2023\/08\/colectare-in-scoli-1-390x368.jpg\" alt=\"\" width=\"390\" height=\"368\" srcset=\"https:\/\/infois.ro\/wp-content\/uploads\/2023\/08\/colectare-in-scoli-1-390x368.jpg 390w, https:\/\/infois.ro\/wp-content\/uploads\/2023\/08\/colectare-in-scoli-1.jpg 640w\" sizes=\"(max-width: 390px) 100vw, 390px\" \/><\/p>\n<p style=\"text-align: justify;\">&#8220;Ini\u021biativa vine \u00een completarea programului de modernizare a sistemului de colectare separat\u0103 a de\u0219eurilor, pe care \u00eel sus\u021binem pentru a ne alinia practicilor europene \u0219i, mai ales, pentru a avea un ora\u0219 curat \u0219i s\u0103n\u0103tos! \u00a0Ne adres\u0103m de aceast\u0103 dat\u0103 celor mai tineri dintre ie\u0219eni, pre\u0219colarilor \u0219i elevilor, \u0219i am mare \u00eencredere c\u0103 ei, t\u00e2n\u0103ra genera\u021bie, vor \u00een\u021belege chiar mai bine dec\u00e2t adul\u021bii c\u0103 acest gest simplu, dar responsabil, de a colecta separat, contribuie la protejarea mediului \u0219i la cre\u0219terea calit\u0103\u021bii vie\u021bii \u00een ora\u0219ul nostru. Dragi elevi, colect\u00e2nd separat at\u00e2t la \u0219coal\u0103, c\u00e2t \u0219i acas\u0103, v\u0103 ar\u0103ta\u021bi respectul nu doar fa\u021b\u0103 de natur\u0103, ci \u0219i fa\u021b\u0103 de voi \u00een\u0219iv\u0103 \u0219i de genera\u021biile viitoare. V\u0103 \u00eencurajez s\u0103 fi\u021bi con\u0219tien\u021bi de impactul pe care \u00eel ave\u021bi asupra mediului \u0219i s\u0103 v\u0103 implica\u021bi \u00een c\u00e2t mai multe ini\u021biative ecologice! V\u0103 mul\u021bumesc pentru implicare \u0219i v\u0103 doresc mult succes \u00een anul \u0219colar care urmeaz\u0103!&#8221;, se arat\u0103 \u00een mesajul adresat de primarul Mihai Chirica elevilor ie\u015feni.<\/p>\n<p style=\"text-align: justify;\">\n","protected":false},"excerpt":{"rendered":"<p>Prim\u0103ria Municipiului Ia\u015fi \u00eempreun\u0103 cu SC Salubris SA anun\u0163\u0103 demararea unei campanii de de \u00eencurajare&#8230; <a class=\"meta-more\" href=\"https:\/\/infois.ro\/?p=73295\">more <span class=\"meta-nav\">&raquo;<\/span><\/a><\/p>\n","protected":false},"author":2,"featured_media":73296,"comment_status":"closed","ping_status":"closed","sticky":false,"template":"","format":"standard","meta":{"footnotes":""},"categories":[12,41],"tags":[74,3515,1112,576,40],"aioseo_notices":[],"_links":{"self":[{"href":"https:\/\/infois.ro\/index.php?rest_route=\/wp\/v2\/posts\/73295"}],"collection":[{"href":"https:\/\/infois.ro\/index.php?rest_route=\/wp\/v2\/posts"}],"about":[{"href":"https:\/\/infois.ro\/index.php?rest_route=\/wp\/v2\/types\/post"}],"author":[{"embeddable":true,"href":"https:\/\/infois.ro\/index.php?rest_route=\/wp\/v2\/users\/2"}],"replies":[{"embeddable":true,"href":"https:\/\/infois.ro\/index.php?rest_route=%2Fwp%2Fv2%2Fcomments&post=73295"}],"version-history":[{"count":1,"href":"https:\/\/infois.ro\/index.php?rest_route=\/wp\/v2\/posts\/73295\/revisions"}],"predecessor-version":[{"id":73298,"href":"https:\/\/infois.ro\/index.php?rest_route=\/wp\/v2\/posts\/73295\/revisions\/73298"}],"wp:featuredmedia":[{"embeddable":true,"href":"https:\/\/infois.ro\/index.php?rest_route=\/wp\/v2\/media\/73296"}],"wp:attachment":[{"href":"https:\/\/infois.ro\/index.php?rest_route=%2Fwp%2Fv2%2Fmedia&parent=73295"}],"wp:term":[{"taxonomy":"category","embeddable":true,"href":"https:\/\/infois.ro\/index.php?rest_route=%2Fwp%2Fv2%2Fcategories&post=73295"},{"taxonomy":"post_tag","embeddable":true,"href":"https:\/\/infois.ro\/index.php?rest_route=%2Fwp%2Fv2%2Ftags&post=73295"}],"curies":[{"name":"wp","href":"https:\/\/api.w.org\/{rel}","templated":true}]}}