{"id":7333,"date":"2013-09-25T14:22:23","date_gmt":"2013-09-25T11:22:23","guid":{"rendered":"http:\/\/infois.ro\/?p=7333"},"modified":"2013-09-25T14:22:23","modified_gmt":"2013-09-25T11:22:23","slug":"finalizarea-lucrarilor-de-reabilitare-a-dj-208-in-atentia-conducerii-cj-iasi","status":"publish","type":"post","link":"https:\/\/infois.ro\/?p=7333","title":{"rendered":"Finalizarea lucr\u0103rilor de reabilitare a DJ 208, \u00een aten\u021bia conducerii CJ Ia\u0219i"},"content":{"rendered":"<p style=\"text-align: justify;\"><a class=\"highslide\" onclick=\"return vz.expand(this)\" href=\"http:\/\/infois.ro\/wp-content\/uploads\/2013\/09\/sedinta-cj-iasi.jpg\"><img loading=\"lazy\" decoding=\"async\" class=\"alignleft size-large wp-image-7334\" title=\"sedinta cj iasi\" src=\"http:\/\/infois.ro\/wp-content\/uploads\/cache\/2013\/09\/sedinta-cj-iasi\/3934354989.jpg\" alt=\"\" width=\"600\" height=\"399\" \/><\/a><\/p>\n<p style=\"text-align: justify;\">Conducerea Consiliului Jude\u021bean (CJ) Ia\u0219i caut\u0103 solu\u021bii pentru finalizarea lucr\u0103rilor de reabilitare a DJ 208, care leag\u0103 localit\u0103\u021bile din vestul jude\u021bului de municipiul Roman. \u00cenaintea \u0219edin\u021bei de plen a Legislativului jude\u021bean, care s-a desf\u0103\u0219urat mar\u021bi, 24 septembrie, \u00een satul Iugani (comuna Mirce\u0219ti), pre\u0219edintele CJ Ia\u0219i, Cristian Adomni\u021bei, s-a \u00eent\u00e2lnit cu primarii localit\u0103\u021bilor din zon\u0103, una dintre problemele principale aflate pe ordinea de zi a \u00eent\u00e2lnirii reprezent\u00e2nd-o \u0219i finalizarea lucr\u0103rilor DJ 208. \u201d\u00cempreun\u0103 cu to\u021bi consilierii jude\u021beni \u0219i cu directorii din cadrul Consiliului Jude\u021bean am fost \u00een satul Iugani, din comuna Mirce\u0219ti. Motivul principal pentru care am ales acest loc este pentru a le ar\u0103ta ultimii patru kilometri din DJ208, drumul care leag\u0103 vestul jude\u021bului de drumul european dinspre Roman. Acest tronson de drum, aflat pe teritoriul comunei Mirce\u0219ti, o parte, \u0219i de pe teritoriul jude\u021bului Neam\u021b, cealalt\u0103 parte, nu a fost reabilitat. Proiectul european prin care Consiliul Jude\u021bean a reabilitat DJ208 s-a terminat \u00een satul Mirce\u0219ti. Dac\u0103 nu vom reabilita \u0219i cei patru kilometri r\u0103ma\u0219i nu putem pune \u00een valoare \u00eentreaga lucrare. Am \u00eencredere c\u0103 prin bugetul anului viitor vom g\u0103si \u0219i solu\u021bia financiar\u0103 pentru a rezolva aceast\u0103 problem\u0103\u201d, a declarat Cristian Adomni\u021bei. \u00cen alt\u0103 ordine de idei, \u00een cadrul \u0219edin\u021bei Consiliului Jude\u021bean, care a avut loc la Iugani, a fost aprobat cu unanimitate de voturi alocarea sumei de 215.000 lei pentru Aeroport. Suma va fi utilizat\u0103 \u00een vederea intensific\u0103rii activit\u0103\u021bii de marketing \u0219i promovare a Aeroportului Ia\u0219i \u0219i a curselor existente, \u00een zona Moldovei. Acest lucru are \u00een vedere cre\u0219terea num\u0103rului de pasageri pe aerogara ie\u0219ean\u0103.<\/p>\n","protected":false},"excerpt":{"rendered":"<p>Conducerea Consiliului Jude\u021bean (CJ) Ia\u0219i caut\u0103 solu\u021bii pentru finalizarea lucr\u0103rilor de reabilitare a DJ 208,&#8230; <a class=\"meta-more\" href=\"https:\/\/infois.ro\/?p=7333\">more <span class=\"meta-nav\">&raquo;<\/span><\/a><\/p>\n","protected":false},"author":2,"featured_media":7334,"comment_status":"open","ping_status":"closed","sticky":false,"template":"","format":"standard","meta":{"footnotes":""},"categories":[1,41],"tags":[74,465,374,3135,40],"aioseo_notices":[],"_links":{"self":[{"href":"https:\/\/infois.ro\/index.php?rest_route=\/wp\/v2\/posts\/7333"}],"collection":[{"href":"https:\/\/infois.ro\/index.php?rest_route=\/wp\/v2\/posts"}],"about":[{"href":"https:\/\/infois.ro\/index.php?rest_route=\/wp\/v2\/types\/post"}],"author":[{"embeddable":true,"href":"https:\/\/infois.ro\/index.php?rest_route=\/wp\/v2\/users\/2"}],"replies":[{"embeddable":true,"href":"https:\/\/infois.ro\/index.php?rest_route=%2Fwp%2Fv2%2Fcomments&post=7333"}],"version-history":[{"count":2,"href":"https:\/\/infois.ro\/index.php?rest_route=\/wp\/v2\/posts\/7333\/revisions"}],"predecessor-version":[{"id":7336,"href":"https:\/\/infois.ro\/index.php?rest_route=\/wp\/v2\/posts\/7333\/revisions\/7336"}],"wp:featuredmedia":[{"embeddable":true,"href":"https:\/\/infois.ro\/index.php?rest_route=\/wp\/v2\/media\/7334"}],"wp:attachment":[{"href":"https:\/\/infois.ro\/index.php?rest_route=%2Fwp%2Fv2%2Fmedia&parent=7333"}],"wp:term":[{"taxonomy":"category","embeddable":true,"href":"https:\/\/infois.ro\/index.php?rest_route=%2Fwp%2Fv2%2Fcategories&post=7333"},{"taxonomy":"post_tag","embeddable":true,"href":"https:\/\/infois.ro\/index.php?rest_route=%2Fwp%2Fv2%2Ftags&post=7333"}],"curies":[{"name":"wp","href":"https:\/\/api.w.org\/{rel}","templated":true}]}}