{"id":73856,"date":"2023-09-14T17:20:04","date_gmt":"2023-09-14T14:20:04","guid":{"rendered":"http:\/\/infois.ro\/?p=73856"},"modified":"2023-09-15T11:23:21","modified_gmt":"2023-09-15T08:23:21","slug":"iasi-belgian-business-days-o-excelenta-oportunitate-pentru-oamenii-de-afaceri-ieseni-de-a-interactiona-cu-investitorii-belgieni","status":"publish","type":"post","link":"https:\/\/infois.ro\/?p=73856","title":{"rendered":"&#8220;Ia\u015fi Belgian Business Days&#8221;, o excelent\u0103 oportunitate pentru oamenii de afaceri ie\u015feni de a interac\u0163iona cu investitorii belgieni"},"content":{"rendered":"<p><img loading=\"lazy\" decoding=\"async\" class=\"size-medium wp-image-73857 alignleft\" src=\"http:\/\/infois.ro\/wp-content\/uploads\/2023\/09\/iasi-belgian-1-390x291.jpg\" alt=\"\" width=\"390\" height=\"291\" srcset=\"https:\/\/infois.ro\/wp-content\/uploads\/2023\/09\/iasi-belgian-1-390x291.jpg 390w, https:\/\/infois.ro\/wp-content\/uploads\/2023\/09\/iasi-belgian-1.jpg 640w\" sizes=\"(max-width: 390px) 100vw, 390px\" \/><\/p>\n<p style=\"text-align: justify;\">Camera de Comer\u021b Belgia \u2013 Luxemburg \u2013 Rom\u00e2nia &#8211; Moldova) \u0219i Consiliul Patronatelor ESG din Rom\u00e2nia, \u00eempreun\u0103 cu Prim\u0103ria Municipiului Ia\u0219i, Organiza\u021bia Femeilor Antreprenor UGIR \u0219i Digital Innovation Zone au organizat \u00een perioada 13 \u2013 14 septembrie, Ia\u0219i Belgian Business Days.<\/p>\n<p style=\"text-align: justify;\">\n<p style=\"text-align: justify;\">Este vorba despre un eveniment de business care ofer\u0103 o gam\u0103 variat\u0103 de activit\u0103\u021bi menite s\u0103 deblocheze oportunit\u0103\u021bi \u0219i s\u0103 stimuleze cre\u0219terea \u00een peisajul afacerilor, incluz\u00e2nd vizite la companii locale, un maraton de \u00eent\u00e2lniri B2B \u0219i o sesiune de networking.<\/p>\n<p style=\"text-align: justify;\">\n<p style=\"text-align: justify;\">\u201eIa\u0219i Belgian Business Days reprezint\u0103 o excelent\u0103 oportunitate pentru mediul de afaceri ie\u0219ean de a interac\u021biona cu investitorii belgieni, ace\u0219tia av\u00e2nd o prezen\u021b\u0103 semnificativ\u0103 \u00een economia ie\u0219ean\u0103. Se deschid astfel posibilit\u0103\u021bi de cooperare care vor duce, sper\u0103m cu to\u021bii, la dezvoltarea unor afaceri benefice pentru comunitatea ie\u0219ean\u0103.<\/p>\n<p style=\"text-align: justify;\"><img loading=\"lazy\" decoding=\"async\" class=\"size-medium wp-image-73858 alignright\" src=\"http:\/\/infois.ro\/wp-content\/uploads\/2023\/09\/iasi-belgian-2-390x260.jpg\" alt=\"\" width=\"390\" height=\"260\" srcset=\"https:\/\/infois.ro\/wp-content\/uploads\/2023\/09\/iasi-belgian-2-390x260.jpg 390w, https:\/\/infois.ro\/wp-content\/uploads\/2023\/09\/iasi-belgian-2.jpg 640w\" sizes=\"(max-width: 390px) 100vw, 390px\" \/><\/p>\n<p style=\"text-align: justify;\">Ia\u0219ul se afl\u0103 pe o curb\u0103 ascendent\u0103 din punct de vedere economic, fiind tot mai vizibil \u0219i c\u0103utat de investitori, \u00een special din IT, dar \u0219i din alte domenii. Prin urmare, manifest\u0103rile complexe incluse \u00een Ia\u0219i Belgian Business Days vor avea ca efect descoperirea de noi poten\u021biale afaceri, schimburi de experien\u021b\u0103 utile \u00eentre antreprenorii ie\u0219eni \u0219i belgieni, cu rezultate pe care ni le dorim c\u00e2t se poate de concrete.<\/p>\n<p style=\"text-align: justify;\">\n<p style=\"text-align: justify;\">\u00cei felicit pe organizatori \u0219i le doresc succes tuturor participan\u021bilor, asigur\u00e2ndu-i c\u0103 municipalitatea le este un partener de \u00eencredere \u00een tot ceea ce presupune realizarea de investi\u021bii \u00een economia ie\u0219ean\u0103!\u201d, se arat\u0103 \u00een mesajul transmis de primarul Mihai Chirica participan\u0163ilor la eveniment.<\/p>\n<p style=\"text-align: justify;\">\n","protected":false},"excerpt":{"rendered":"<p>Camera de Comer\u021b Belgia \u2013 Luxemburg \u2013 Rom\u00e2nia &#8211; Moldova) \u0219i Consiliul Patronatelor ESG din&#8230; <a class=\"meta-more\" href=\"https:\/\/infois.ro\/?p=73856\">more <span class=\"meta-nav\">&raquo;<\/span><\/a><\/p>\n","protected":false},"author":2,"featured_media":73857,"comment_status":"closed","ping_status":"closed","sticky":false,"template":"","format":"standard","meta":{"footnotes":""},"categories":[6,41],"tags":[74,40,17000,15166,928],"aioseo_notices":[],"_links":{"self":[{"href":"https:\/\/infois.ro\/index.php?rest_route=\/wp\/v2\/posts\/73856"}],"collection":[{"href":"https:\/\/infois.ro\/index.php?rest_route=\/wp\/v2\/posts"}],"about":[{"href":"https:\/\/infois.ro\/index.php?rest_route=\/wp\/v2\/types\/post"}],"author":[{"embeddable":true,"href":"https:\/\/infois.ro\/index.php?rest_route=\/wp\/v2\/users\/2"}],"replies":[{"embeddable":true,"href":"https:\/\/infois.ro\/index.php?rest_route=%2Fwp%2Fv2%2Fcomments&post=73856"}],"version-history":[{"count":1,"href":"https:\/\/infois.ro\/index.php?rest_route=\/wp\/v2\/posts\/73856\/revisions"}],"predecessor-version":[{"id":73859,"href":"https:\/\/infois.ro\/index.php?rest_route=\/wp\/v2\/posts\/73856\/revisions\/73859"}],"wp:featuredmedia":[{"embeddable":true,"href":"https:\/\/infois.ro\/index.php?rest_route=\/wp\/v2\/media\/73857"}],"wp:attachment":[{"href":"https:\/\/infois.ro\/index.php?rest_route=%2Fwp%2Fv2%2Fmedia&parent=73856"}],"wp:term":[{"taxonomy":"category","embeddable":true,"href":"https:\/\/infois.ro\/index.php?rest_route=%2Fwp%2Fv2%2Fcategories&post=73856"},{"taxonomy":"post_tag","embeddable":true,"href":"https:\/\/infois.ro\/index.php?rest_route=%2Fwp%2Fv2%2Ftags&post=73856"}],"curies":[{"name":"wp","href":"https:\/\/api.w.org\/{rel}","templated":true}]}}