{"id":73897,"date":"2023-09-17T19:13:37","date_gmt":"2023-09-17T16:13:37","guid":{"rendered":"http:\/\/infois.ro\/?p=73897"},"modified":"2023-09-18T09:15:34","modified_gmt":"2023-09-18T06:15:34","slug":"o-noua-campanie-de-reciclare-a-deseurilor-electrice-si-electronice-organizata-la-iasi","status":"publish","type":"post","link":"https:\/\/infois.ro\/?p=73897","title":{"rendered":"O nou\u0103 campanie de reciclare a de\u015feurilor electrice \u015fi electronice organizat\u0103 la Ia\u015fi"},"content":{"rendered":"<p><img loading=\"lazy\" decoding=\"async\" class=\"size-medium wp-image-73898 alignleft\" src=\"http:\/\/infois.ro\/wp-content\/uploads\/2023\/09\/din-nou-reciclare-deee-277x390.jpg\" alt=\"\" width=\"277\" height=\"390\" srcset=\"https:\/\/infois.ro\/wp-content\/uploads\/2023\/09\/din-nou-reciclare-deee-277x390.jpg 277w, https:\/\/infois.ro\/wp-content\/uploads\/2023\/09\/din-nou-reciclare-deee.jpg 640w\" sizes=\"(max-width: 277px) 100vw, 277px\" \/><\/p>\n<p style=\"text-align: justify;\">\u00cen perioada 14 septembrie &#8211; 14 octombrie, \u00een municipiul Ia\u015fi va avea loc o nou\u0103 campanie de colectare a de\u0219eurilor de echipamente electrice \u0219i electronice (DEEE).<\/p>\n<p style=\"text-align: justify;\">\n<p style=\"text-align: justify;\">\u00cen cadrul ac\u0163iunii, organizate cu ocazia Zilei Interna\u021bionale a Recicl\u0103rii De\u0219eurilor Electrice, ie\u015fenii pot aduce aparatele electrice stricate sau pe care nu le mai folosesc la unul din urm\u0103toarele punctele de colectare provizorii:<\/p>\n<p style=\"text-align: justify;\">\n<p style=\"text-align: justify;\">* sediul SC Salubris S.A &#8211; \u0218oseaua Na\u021bional\u0103, nr. 43, deschis de luni p\u00e2n\u0103 vineri, \u00eentre orele 09.00-16.00;\u00e8<\/p>\n<p style=\"text-align: justify;\">* Centrul Permanent de Colectare DEEE Ia\u0219i &#8211; Strada Pompei, nr. 3 (zona Podul de Piatr\u0103), deschis luni, miercuri \u00eentre orele 09.00-18.00, mar\u021bi, joi, vineri \u00eentre orele 09.00-17.00 \u0219i s\u00e2mb\u0103ta \u00eentre orele 09.00 \u2013 13.00.\u00e8<\/p>\n<p style=\"text-align: justify;\">* Centrul de cartier T\u0103t\u0103ra\u0219i -\u00e8 str. Vasile Lupu, nr. 8, deschis de luni p\u00e2n\u0103 vineri, \u00eentre orele 09.00-16.00;<\/p>\n<p style=\"text-align: justify;\">* Centrul de cartier Alexandru cel Bun &#8211; str. Tabacului, nr. 1B, deschis de luni p\u00e2n\u0103 vineri, \u00eentre orele 09.00-16.00;\u00e8<\/p>\n<p style=\"text-align: justify;\">* Centrul de cartier Nicolina &#8211; str. Petre \u021au\u021bea, nr. 2, deschis de luni p\u00e2n\u0103 vineri, \u00eentre orele 09.00-16.00;\u00e8<\/p>\n<p style=\"text-align: justify;\">* Centrul de cartier P\u0103curari &#8211; \u0218os. P\u0103curari, nr. 34, deschis de luni p\u00e2n\u0103 vineri, \u00eentre orele 09.00-16.00;\u00e8<\/p>\n<p style=\"text-align: justify;\">* Centrul de cartier Frumoasa &#8211; B-dul. Poitiers, nr. 20-22, deschis de luni p\u00e2n\u0103 vineri, \u00eentre orele 09.00-16.00;\u00e8<\/p>\n<p style=\"text-align: justify;\">\n<p style=\"text-align: justify;\">\n<p style=\"text-align: justify;\">Pentru persoanele care nu au posibilitatea de a transporta de\u0219eurile electrice la unul dintre aceste puncte de colectare, acestea pot accesa permanent \u0219i gratuit serviciul de preluare a DEEE de la domiciliu, sediu de firm\u0103 sau institu\u021bie. Pentru persoanele juridice, organizatorii ac\u0163iunii, respectiv Prim\u0103ria Municipiului Ia\u0219i, Asocia\u021bia CASUS, ECOarena, SC Salubris SA, cu sprijinul OIREP Eco Positive SA c\u0103rora li s-au al\u0103turat partenerii: Garda de Mediu Ia\u0219i, Agen\u021bia pentru Protec\u021bia Mediului Ia\u0219i, Universitatea pentru \u0218tiin\u021bele Vie\u021bii &#8220;Ion Ionescu de la Brad&#8221;, Universitatea Tehnic\u0103 ,,Gheorghe Asachi\u201d prin Facultatea de Inginerie Chimic\u0103 \u0219i Protec\u021bia Mediului ,,Cristofor Simionescu\u201d Ia\u0219i, Departamentul Ingineria \u0219i Managementul Mediului, specializarea Ingineria \u0219i Protec\u021bia Mediului \u00een Industrie, Opera Na\u021bional\u0103 Rom\u00e2n\u0103 Ia\u0219i, Ateneul Na\u021bional din Ia\u0219i, Palatul Copiilor Ia\u0219i \u0219i Fabrica de Print, pun la dispozi\u021bie \u00eentreaga documenta\u021bie necesar\u0103 cas\u0103rii precum \u0219i scoaterii din gestiune.<\/p>\n<p style=\"text-align: justify;\">\n<p style=\"text-align: justify;\">\u00cen cadrul ac\u0163iunii este prev\u0103zut\u0103 \u015fi o tombol\u0103, \u00een cadrul c\u0103reia participan\u0163ii vor fi r\u0103spl\u0103ti\u0163i cu premii de c\u0103tre organizatori. Aceasta va avea loc pe 16 octombrie, \u00eencep\u00e2nd cu ora 12.00, la Centrul Permanent de Colectare DEEE Ia\u0219i, din strada Pompei nr. 3 (zona Podul de Piatr\u0103). Premiile oferite prin tragere la sor\u021bi constau \u00een\u00a0 20 de bilete pentru dou\u0103 persoane la Ateneul Na\u021bional din Ia\u0219i, 20 de bilete la Opera Na\u021bional\u0103 din Ia\u0219i, 4 aspiratoare cu sac, 6 polizoare, 5 mixere, 5 ma\u0219ini de g\u0103urit \u015fi 5 usc\u0103toare de p\u0103r.<\/p>\n<p style=\"text-align: justify;\">\n<p style=\"text-align: justify;\">\u201eIa\u0219ul men\u021bine ritmul de cre\u0219tere \u00een domeniul protej\u0103rii mediului prin ac\u021biuni de colectare selectiv\u0103. Educa\u021bia este fundamentul stabilit\u0103\u021bii unei na\u021biuni \u0219i noi, la nivelul comunit\u0103\u021bii ie\u0219ene, investim \u00een informarea \u0219i con\u0219tientizarea cet\u0103\u021benilor cu privire la importan\u021ba protej\u0103rii resurselor naturale. Ziua Interna\u021bional\u0103 a Recicl\u0103rii De\u0219eurilor Electrice din acest an este \u00eenc\u0103 o ocazie de a invita ie\u0219enii s\u0103 participe activ la campania de mediu organizat\u0103 cu scopul colect\u0103rii aparatelor electrice vechi sau defecte. Implic\u00e2nd-ne cu to\u021bii \u00een asemenea evenimente avem \u0219ansa s\u0103 ne reg\u0103sim \u00eentr-o manier\u0103 mai apropiat\u0103 \u0219i cu respect unii fa\u021b\u0103 de al\u021bii. Mul\u021bumesc celor care dau aten\u021bie \u0219i particip\u0103 la asemenea evenimente\u201d, a declarat primarul Mihai Chirica.<\/p>\n<p style=\"text-align: justify;\"><strong>\u00a0<\/strong><\/p>\n<p style=\"text-align: justify;\"><strong>Date de contact: <\/strong><\/p>\n<p style=\"text-align: justify;\">\n<p style=\"text-align: justify;\">* Telefon 0764.399.399, disponibil zilnic, \u00eentre orele 9.00-17.00, inclusiv SMS (tarif normal) sau pe mesaj prin WhatsApp (cu men\u021bionarea numelui \u0219i adresei deponentului);l<\/p>\n<p style=\"text-align: justify;\">* TelVerde 0800.444.800 (gratuit), disponibil de luni p\u00e2n\u0103 vineri, \u00eentre orele 9.00-17.00;l<\/p>\n<p style=\"text-align: justify;\">* Online: <a href=\"https:\/\/l.facebook.com\/l.php?u=https%3A%2F%2Fwww.ecoarena.ro%2F%3Ffbclid%3DIwAR1tIesiw5IbLaioOimx-UolJku48VbKbJjBBsiuP2ZvtQn6uy8O7O-4Mdc&amp;h=AT2IRtzIda16WAAcu5h_I51wTqAkoS2CvFJ4ThSoturl7ongB3ylWJszHzFo3yyj1R4_qUlNXPYgMe4KQYZfh9n52A7bI4MY5TXmME5CGhYB9wrCr71HnUHunHDbCqvbsCHomE5Q9Mm_PY83WWOD&amp;__tn__=-UK-R&amp;c%5b0%5d=AT3qI1Hqb1hIDuXaJaEhW6jCMPO2yyZ7GsHVDtlJdS3NN2r9Xs9w4NDzdcZEiRQitGttQI5pAZx8R2dbz9W6ln85CK5Fk1mSNaPO0zc41TTyDtDekmfayj2Q3ckrJG38DdTN4IXWZJy41C13kkYTpfou9TqJd8NcQXhs7psC3Zuie1w2rwbGqMO7__zbdQG5GU86FoxgJ1fndo-AT-9qiarWSebu4E3bKWJfk04Melgr2gw1h6vj4GeDGUfBk9Zm\">www.ecoarena.ro<\/a> sau <a href=\"https:\/\/l.facebook.com\/l.php?u=http%3A%2F%2Fwww.colecteaza.ro%2F%3Ffbclid%3DIwAR3RpAyaxkgW-1ElmdBnJa19kYzY7HtO9Yr8zxxWZ1pegzGjyyJjkpyEzaU&amp;h=AT3lF2561jdLejCLqHs2MTUaO8ZiwOA2rAvES2-ZnPxvdyEMTSLtGcLw8cmi6ENDbPBf7y1pxzzQ6I4ixS2JbbKHp7Jd0ZOmz_63Itngh4wqIJhgFFowx-ApyY1Css2WHC4f9FqOrXw4bmXkSIWP&amp;__tn__=-UK-R&amp;c%5b0%5d=AT3qI1Hqb1hIDuXaJaEhW6jCMPO2yyZ7GsHVDtlJdS3NN2r9Xs9w4NDzdcZEiRQitGttQI5pAZx8R2dbz9W6ln85CK5Fk1mSNaPO0zc41TTyDtDekmfayj2Q3ckrJG38DdTN4IXWZJy41C13kkYTpfou9TqJd8NcQXhs7psC3Zuie1w2rwbGqMO7__zbdQG5GU86FoxgJ1fndo-AT-9qiarWSebu4E3bKWJfk04Melgr2gw1h6vj4GeDGUfBk9Zm\">www.colecteaza.ro<\/a>, prin formularul de comand\u0103 disponibil non-stop.<\/p>\n","protected":false},"excerpt":{"rendered":"<p>\u00cen perioada 14 septembrie &#8211; 14 octombrie, \u00een municipiul Ia\u015fi va avea loc o nou\u0103&#8230; <a class=\"meta-more\" href=\"https:\/\/infois.ro\/?p=73897\">more <span class=\"meta-nav\">&raquo;<\/span><\/a><\/p>\n","protected":false},"author":2,"featured_media":73898,"comment_status":"closed","ping_status":"closed","sticky":false,"template":"","format":"standard","meta":{"footnotes":""},"categories":[6,41],"tags":[74,3515,40,321,17005],"aioseo_notices":[],"_links":{"self":[{"href":"https:\/\/infois.ro\/index.php?rest_route=\/wp\/v2\/posts\/73897"}],"collection":[{"href":"https:\/\/infois.ro\/index.php?rest_route=\/wp\/v2\/posts"}],"about":[{"href":"https:\/\/infois.ro\/index.php?rest_route=\/wp\/v2\/types\/post"}],"author":[{"embeddable":true,"href":"https:\/\/infois.ro\/index.php?rest_route=\/wp\/v2\/users\/2"}],"replies":[{"embeddable":true,"href":"https:\/\/infois.ro\/index.php?rest_route=%2Fwp%2Fv2%2Fcomments&post=73897"}],"version-history":[{"count":1,"href":"https:\/\/infois.ro\/index.php?rest_route=\/wp\/v2\/posts\/73897\/revisions"}],"predecessor-version":[{"id":73899,"href":"https:\/\/infois.ro\/index.php?rest_route=\/wp\/v2\/posts\/73897\/revisions\/73899"}],"wp:featuredmedia":[{"embeddable":true,"href":"https:\/\/infois.ro\/index.php?rest_route=\/wp\/v2\/media\/73898"}],"wp:attachment":[{"href":"https:\/\/infois.ro\/index.php?rest_route=%2Fwp%2Fv2%2Fmedia&parent=73897"}],"wp:term":[{"taxonomy":"category","embeddable":true,"href":"https:\/\/infois.ro\/index.php?rest_route=%2Fwp%2Fv2%2Fcategories&post=73897"},{"taxonomy":"post_tag","embeddable":true,"href":"https:\/\/infois.ro\/index.php?rest_route=%2Fwp%2Fv2%2Ftags&post=73897"}],"curies":[{"name":"wp","href":"https:\/\/api.w.org\/{rel}","templated":true}]}}