{"id":73926,"date":"2023-09-18T14:04:13","date_gmt":"2023-09-18T11:04:13","guid":{"rendered":"http:\/\/infois.ro\/?p=73926"},"modified":"2023-09-19T09:06:22","modified_gmt":"2023-09-19T06:06:22","slug":"expozitie-de-pictura-si-obiecte-semnata-de-erna-judith-berger-moise-la-muzeul-unirii","status":"publish","type":"post","link":"https:\/\/infois.ro\/?p=73926","title":{"rendered":"Expozi\u0163ie de pictur\u0103 \u015fi obiecte semnat\u0103 de Erna Judith Berger Moise, la Muzeul Unirii"},"content":{"rendered":"<p><img loading=\"lazy\" decoding=\"async\" class=\"size-medium wp-image-73927 alignleft\" src=\"http:\/\/infois.ro\/wp-content\/uploads\/2023\/09\/expozitie-erna-284x390.jpg\" alt=\"\" width=\"284\" height=\"390\" srcset=\"https:\/\/infois.ro\/wp-content\/uploads\/2023\/09\/expozitie-erna-284x390.jpg 284w, https:\/\/infois.ro\/wp-content\/uploads\/2023\/09\/expozitie-erna.jpg 640w\" sizes=\"(max-width: 284px) 100vw, 284px\" \/><\/p>\n<p style=\"text-align: justify;\">Complexul Muzeal Na\u021bional \u201eMoldova\u201d anun\u0163\u0103 organizarea \u00een perioada 22 septembrie \u2013 8 octombrie, la Muzeul Unirii, expozi\u021bia de pictur\u0103 \u0219i obiecte \u201dThe Journey\u201d, semnat\u0103 de Erna Judith Berger Moise.<\/p>\n<p style=\"text-align: justify;\">\n<p style=\"text-align: justify;\">Absolvent\u0103 a Liceului de Art\u0103 din T\u00e2rgu-Mure\u0219, Erna Judith Berger Moise a urmat cursurile Facult\u0103\u021bii de Arte textile \u0219i mod\u0103 \u201dShenkar\u201d Ramat Gan din Israel \u0219i ale Facult\u0103\u021bii de Arte Decorative din cadrul Academiei de Arte Frumoase \u201eNicolae Grigorescu\u201d din Bucure\u0219ti.<\/p>\n<p style=\"text-align: justify;\">\n<p style=\"text-align: justify;\">Erna Judith Berger Moise este un artist plastic din zona artei decorative, textile &#8211; imprimerie, cu un background de arte textile, tapiserie haute-lisse, folosind \u00een crea\u021biile sale tehnicile Jacquard, Tufting, serigrafie cu sit\u0103.<\/p>\n<p style=\"text-align: justify;\">\n<p style=\"text-align: justify;\">Expozi\u021bia \u201dThe Journey\u201d, etalat\u0103 pe simezele Muzeului Unirii din Ia\u0219i, aduce \u00een aten\u021bia publicului lucr\u0103ri ce \u00eembin\u0103 tematica simbolistic\u0103, zoomorf\u0103, antropomorf\u0103, decorativ\u0103 \u00eentr-o tehnic\u0103 mixt\u0103 proprie pe carton, \u00eentr-o manier\u0103 particular\u0103 miniaturii.<\/p>\n<p style=\"text-align: justify;\">\n<p style=\"text-align: justify;\">Vernisajul va avea loc vineri, 22 octombrie, la ora 18.00, la Muzeul Unirii.<\/p>\n<p style=\"text-align: justify;\">\n<p style=\"text-align: justify;\">Curatorul expozi\u021biei este dr. Br\u00eendu\u0219a Munteanu, av\u00e2nd-o ca invitat pe criticul de art\u0103 dr. Maria Bila\u0219evschi.<\/p>\n<p style=\"text-align: justify;\">\n","protected":false},"excerpt":{"rendered":"<p>Complexul Muzeal Na\u021bional \u201eMoldova\u201d anun\u0163\u0103 organizarea \u00een perioada 22 septembrie \u2013 8 octombrie, la Muzeul&#8230; <a class=\"meta-more\" href=\"https:\/\/infois.ro\/?p=73926\">more <span class=\"meta-nav\">&raquo;<\/span><\/a><\/p>\n","protected":false},"author":2,"featured_media":73927,"comment_status":"closed","ping_status":"closed","sticky":false,"template":"","format":"standard","meta":{"footnotes":""},"categories":[17,41],"tags":[74,17012,803,40,2937,3470],"aioseo_notices":[],"_links":{"self":[{"href":"https:\/\/infois.ro\/index.php?rest_route=\/wp\/v2\/posts\/73926"}],"collection":[{"href":"https:\/\/infois.ro\/index.php?rest_route=\/wp\/v2\/posts"}],"about":[{"href":"https:\/\/infois.ro\/index.php?rest_route=\/wp\/v2\/types\/post"}],"author":[{"embeddable":true,"href":"https:\/\/infois.ro\/index.php?rest_route=\/wp\/v2\/users\/2"}],"replies":[{"embeddable":true,"href":"https:\/\/infois.ro\/index.php?rest_route=%2Fwp%2Fv2%2Fcomments&post=73926"}],"version-history":[{"count":1,"href":"https:\/\/infois.ro\/index.php?rest_route=\/wp\/v2\/posts\/73926\/revisions"}],"predecessor-version":[{"id":73928,"href":"https:\/\/infois.ro\/index.php?rest_route=\/wp\/v2\/posts\/73926\/revisions\/73928"}],"wp:featuredmedia":[{"embeddable":true,"href":"https:\/\/infois.ro\/index.php?rest_route=\/wp\/v2\/media\/73927"}],"wp:attachment":[{"href":"https:\/\/infois.ro\/index.php?rest_route=%2Fwp%2Fv2%2Fmedia&parent=73926"}],"wp:term":[{"taxonomy":"category","embeddable":true,"href":"https:\/\/infois.ro\/index.php?rest_route=%2Fwp%2Fv2%2Fcategories&post=73926"},{"taxonomy":"post_tag","embeddable":true,"href":"https:\/\/infois.ro\/index.php?rest_route=%2Fwp%2Fv2%2Ftags&post=73926"}],"curies":[{"name":"wp","href":"https:\/\/api.w.org\/{rel}","templated":true}]}}