{"id":74170,"date":"2023-09-28T12:15:59","date_gmt":"2023-09-28T09:15:59","guid":{"rendered":"http:\/\/infois.ro\/?p=74170"},"modified":"2023-09-28T12:15:59","modified_gmt":"2023-09-28T09:15:59","slug":"o-noua-editie-a-zilelor-cjrae-iasi-in-perioada-28-septembrie-2-octombrie","status":"publish","type":"post","link":"https:\/\/infois.ro\/?p=74170","title":{"rendered":"O nou\u0103 edi\u0163ie a &#8220;Zilelor CJRAE Ia\u015fi&#8221;, \u00een perioada 28 septembrie &#8211; 2 octombrie"},"content":{"rendered":"<p><img loading=\"lazy\" decoding=\"async\" class=\"size-medium wp-image-74171 alignleft\" src=\"http:\/\/infois.ro\/wp-content\/uploads\/2023\/09\/zilele-cjrae-7-390x328.jpg\" alt=\"\" width=\"390\" height=\"328\" srcset=\"https:\/\/infois.ro\/wp-content\/uploads\/2023\/09\/zilele-cjrae-7-390x328.jpg 390w, https:\/\/infois.ro\/wp-content\/uploads\/2023\/09\/zilele-cjrae-7.jpg 640w\" sizes=\"(max-width: 390px) 100vw, 390px\" \/><\/p>\n<p style=\"text-align: justify;\">Centrului\u00a0 Jude\u0163ean\u00a0 de\u00a0 Resurse\u00a0 \u015fi\u00a0 Asisten\u0163\u0103\u00a0 Educa\u0163ional\u0103 Ia\u015fi organizeaz\u0103 \u00een perioada 28 septembrie &#8211; 2 octombrie cea de-a VII-a edi\u0163ie a evenimentului &#8220;Zilele CJRAE Ia\u015fi&#8221;, eveniment care are rolul de a de a facilita contexte de abordare a preocup\u0103rilor comune practicienilor din domeniul educa\u0163ional.<\/p>\n<p style=\"text-align: justify;\">\n<p style=\"text-align: justify;\">Edi\u0163ia din acest an va r\u0103spunde unor \u00eentreb\u0103ri \u00een acord cu actualitatea \u0219i cu dinamica \u015fcolii: Care sunt ingredientele unei \u0219coli s\u0103n\u0103toase \u00eentr-un mediu provocator? Elevii? Profesorii? Comunitatea? Dinamica rela\u021biilor? Mediul incluziv? Echilibrul psiho-emo\u021bional? Activit\u0103\u021bile vor aduce \u00een dezbatere problematica unei \u0219coli s\u0103n\u0103toase \u00een contexte provocatoare \u0219i \u00ee\u0219i propune s\u0103 descopere \u0219i s\u0103 ofere mecanisme de echilibrare \u0219i de protejare a s\u0103n\u0103t\u0103\u021bii psiho-emo\u021bionale a actorilor educa\u021bionali.\u00a0\u00a0\u00a0 Evenimentele vor include o conferin\u021b\u0103, ateliere de lucru, activit\u0103\u021bi de team building, lansare de resurse educa\u021bionale utile cadrelor didactice \u0219i p\u0103rin\u021bilor, a declarat Anca Hardulea, directorul CJRAE Ia\u015fi.<\/p>\n<p style=\"text-align: justify;\">\n<p style=\"text-align: justify;\">Evenimentului se va deschide joi, 28 septembrie, la sediul CJRAE, unde \u00eentre orele 13.00 \u015fi 14.00, va avea loc Conferin\u021ba \u201eDinamica proceselor reglatorii \u00een diada profesor &#8211; elev\u201d, la care vor participa reprezentan\u021bi ai institu\u021biilor \u0219i organiza\u021biilor coordonatoare sau partenere: Inspectoratul \u0218colar Jude\u021bean Ia\u0219i, Consiliul Jude\u021bean Ia\u0219i, UAIC Ia\u0219i, Casa Corpului Didactic Ia\u0219i, Asocia\u021bia DOXAMUS Ia\u0219i.<\/p>\n<p style=\"text-align: justify;\">\n<p style=\"text-align: justify;\">Tot joi, 28 septembrie, \u00eentre orele 14.00 \u015fi 15.00, la sediul CJRAE Ia\u0219i va avea loc workshop-ul \u201eMecanisme de echilibrare psihic\u0103 ale profesorului pentru o \u0219coal\u0103 s\u0103n\u0103toas\u0103\u201d<\/p>\n<p style=\"text-align: justify;\">\n<p style=\"text-align: justify;\">Vineri, 29 septembrie, \u00eentre orele 13:00 \u00a0\u015fi 15:00, la sediul CJRAE Ia\u0219i va avea loc workshop-ul \u201dCet\u0103\u021benie digital\u0103 la intersec\u021bia v\u00e2rstelor psihologice. Provoc\u0103ri pentru profesori\u201d precum \u0219i lansarea ghidului \u201dCet\u0103\u021benie digital\u0103 \u2013 360: 26 de lec\u021bii pentru toate v\u00e2rstele\u201d.<\/p>\n<p style=\"text-align: justify;\">\n<p style=\"text-align: justify;\">Luni, 2 octombrie, \u00eentre orele 11.00-13.00 va avea loc CJRAE ConecTEAM &#8211; Activitate outdoor de optimizare a rela\u021biilor \u00een comunitatea practicienilor din CJRAE Ia\u0219i; participan\u0163i: profesori consilieri \u015fcolari, profesori logopezi din CJRAE Ia\u015fi.<\/p>\n<p style=\"text-align: justify;\">\n<p style=\"text-align: justify;\">&#8220;Ne dorim ca evenimentele din cadrul Zilelor CJRAE Ia\u0219i s\u0103 creeze contextul favorabil analizei \u0219i problematiz\u0103rii, s\u0103 faciliteze dialoguri orientate spre solu\u021bii la problemele educa\u021bionale actuale, s\u0103 contribuie la promovarea serviciilor \u0219i profesioni\u0219tilor \u00een asisten\u0163\u0103 psihopedagogic\u0103, s\u0103 fie un prilej de dezvoltare a parteneriatelor active la nivelul comunit\u0103\u021bii&#8221;, a precizat Anca Hardulea, directorul CJRAE Ia\u015fi.<\/p>\n","protected":false},"excerpt":{"rendered":"<p>Centrului\u00a0 Jude\u0163ean\u00a0 de\u00a0 Resurse\u00a0 \u015fi\u00a0 Asisten\u0163\u0103\u00a0 Educa\u0163ional\u0103 Ia\u015fi organizeaz\u0103 \u00een perioada 28 septembrie &#8211; 2&#8230; <a class=\"meta-more\" href=\"https:\/\/infois.ro\/?p=74170\">more <span class=\"meta-nav\">&raquo;<\/span><\/a><\/p>\n","protected":false},"author":2,"featured_media":74171,"comment_status":"closed","ping_status":"closed","sticky":false,"template":"","format":"standard","meta":{"footnotes":""},"categories":[12,41],"tags":[74,227,40,2337,14666],"aioseo_notices":[],"_links":{"self":[{"href":"https:\/\/infois.ro\/index.php?rest_route=\/wp\/v2\/posts\/74170"}],"collection":[{"href":"https:\/\/infois.ro\/index.php?rest_route=\/wp\/v2\/posts"}],"about":[{"href":"https:\/\/infois.ro\/index.php?rest_route=\/wp\/v2\/types\/post"}],"author":[{"embeddable":true,"href":"https:\/\/infois.ro\/index.php?rest_route=\/wp\/v2\/users\/2"}],"replies":[{"embeddable":true,"href":"https:\/\/infois.ro\/index.php?rest_route=%2Fwp%2Fv2%2Fcomments&post=74170"}],"version-history":[{"count":1,"href":"https:\/\/infois.ro\/index.php?rest_route=\/wp\/v2\/posts\/74170\/revisions"}],"predecessor-version":[{"id":74172,"href":"https:\/\/infois.ro\/index.php?rest_route=\/wp\/v2\/posts\/74170\/revisions\/74172"}],"wp:featuredmedia":[{"embeddable":true,"href":"https:\/\/infois.ro\/index.php?rest_route=\/wp\/v2\/media\/74171"}],"wp:attachment":[{"href":"https:\/\/infois.ro\/index.php?rest_route=%2Fwp%2Fv2%2Fmedia&parent=74170"}],"wp:term":[{"taxonomy":"category","embeddable":true,"href":"https:\/\/infois.ro\/index.php?rest_route=%2Fwp%2Fv2%2Fcategories&post=74170"},{"taxonomy":"post_tag","embeddable":true,"href":"https:\/\/infois.ro\/index.php?rest_route=%2Fwp%2Fv2%2Ftags&post=74170"}],"curies":[{"name":"wp","href":"https:\/\/api.w.org\/{rel}","templated":true}]}}