{"id":74287,"date":"2023-10-01T14:31:25","date_gmt":"2023-10-01T11:31:25","guid":{"rendered":"http:\/\/infois.ro\/?p=74287"},"modified":"2023-10-02T14:33:38","modified_gmt":"2023-10-02T11:33:38","slug":"mihai-chirica-primaria-ramane-cel-mai-important-partener-al-mediului-academic-iesean","status":"publish","type":"post","link":"https:\/\/infois.ro\/?p=74287","title":{"rendered":"Mihai Chirica: Prim\u0103ria r\u0103m\u00e2ne cel mai important partener al mediului academic ie\u0219ean"},"content":{"rendered":"<p><img loading=\"lazy\" decoding=\"async\" class=\"size-medium wp-image-74288 alignleft\" src=\"http:\/\/infois.ro\/wp-content\/uploads\/2023\/10\/chirica-201-390x250.jpg\" alt=\"\" width=\"390\" height=\"250\" srcset=\"https:\/\/infois.ro\/wp-content\/uploads\/2023\/10\/chirica-201-390x250.jpg 390w, https:\/\/infois.ro\/wp-content\/uploads\/2023\/10\/chirica-201-470x300.jpg 470w, https:\/\/infois.ro\/wp-content\/uploads\/2023\/10\/chirica-201.jpg 640w\" sizes=\"(max-width: 390px) 100vw, 390px\" \/><\/p>\n<p style=\"text-align: justify;\">Primarul Mihai Chirica va fi al\u0103turi \u015fi \u00een acest an de studen\u021bi, cadre universitare \u0219i conducerile universit\u0103\u021bilor ie\u0219ene la deschiderea noului an universitar. Dup\u0103 ce s\u0103pt\u0103m\u00e2na trecut\u0103 a participat la festivit\u0103\u021bile de deschidere a noului an de \u00eenv\u0103\u021b\u0103m\u00e2nt la Universitatea de \u0218tiin\u021bele Vie\u021bii (USV) \u201eIon Ionescu de la Brad\u201d \u0219i Universitatea de Medicin\u0103 \u0219i Farmacie (UMF) \u201eGrigore T. Popa\u201d, primarul Mihai Chirica va fi prezent luni, 2 octombrie, la ceremoniile organizate la Universitatea \u201eAlexandru Ioan Cuza\u201d (UAIC), Universitatea Tehnic\u0103 \u201eGheorghe Asachi\u201d (TUIASI) \u0219i Universitatea Na\u021bional\u0103 de Arte \u201eGeorge Enescu\u201d (UNAGE).<\/p>\n<p style=\"text-align: justify;\">\u201eCea mai important\u0103 resurs\u0103 a ora\u0219ului nostru sunt tinerii, \u00een special studen\u021bii. Gra\u021bie mediului universitar ie\u0219ean, ora\u0219ul nostru a devenit cunoscut \u00een \u00eentreaga lume \u0219i datorit\u0103 tinerilor speciali\u0219ti care au care s-au preg\u0103tit \u00een Ia\u0219i. Prin urmare, sunt foarte atent \u0219i determinat ca toate dolean\u021bele mediului universitar s\u0103 fie \u00eendeplinite, fie c\u0103 vorbim de infrastructur\u0103, de condi\u021bii de studiu \u0219i de alte activit\u0103\u021bi didactice, dar \u0219i de drepturile \u0219i facilit\u0103\u021bile studen\u021bilor, cele care sunt prev\u0103zute de legisla\u021bia rom\u00e2neasc\u0103. Vreau s\u0103-i asigur, deopotriv\u0103, at\u00e2t pe cadrele universitare, c\u00e2t \u0219i pe studen\u021bi, c\u0103 \u00een primarul Ia\u0219ului au un prieten \u0219i un partener care dore\u0219te s\u0103-i sus\u021bin\u0103\u201d, a declarat primarul Mihai Chirica, care a subliniat c\u0103 Prim\u0103ria Municipiului Ia\u0219i \u0219i societ\u0103\u021bile \u0219i direc\u021biile aflate \u00een coordonarea acesteia vor fi, \u00een continuare, un sus\u021bin\u0103tor at\u00e2t al dezvolt\u0103rii infrastructurii universitare, a tuturor activit\u0103\u021bilor didactice \u0219i \u0219tiin\u021bifice, c\u00e2t \u0219i al condi\u021biilor de studiu ale studen\u021bilor, \u00een conformitate cu prevederile legisla\u021biei \u00een vigoare.<\/p>\n<p style=\"text-align: justify;\">\u00cen ceea ce prive\u0219te facilit\u0103\u021bile pe care legea le ofer\u0103 studen\u021bilor, edilul afirm\u0103 c\u0103 Prim\u0103ria Municipiului Ia\u0219i va depune toate eforturile ca toate prevederile legale referitoare la drepturile studen\u021bilor s\u0103 fie respectate \u0219i aplicate, inclusiv cele ce privesc transportul \u00een comun.<\/p>\n<p style=\"text-align: justify;\">\u201e\u0218tiu c\u0103, din acest an, a fost adoptat\u0103 o nou\u0103 lege care prive\u0219te mediul universitar \u0219i c\u0103 \u00een aceast\u0103 nou\u0103 lege sunt prev\u0103zute anumite facilit\u0103\u021bi pe care autorit\u0103\u021bile trebuie s\u0103 le ofere studen\u021bilor. De aceea, \u00een zilele urm\u0103toare, \u00eempreun\u0103 cu conducerile universit\u0103\u021bilor din ora\u0219ul nostru vom identifica cele mai bune solu\u021bii ca toate facilit\u0103\u021bile prev\u0103zute de aceast\u0103 nou\u0103 lege s\u0103 poat\u0103 fi satisf\u0103cute. \u00cei asigur pe to\u021bi studen\u021bii din Ia\u0219i c\u0103 vom depune toate diligen\u021bele necesare, at\u00e2t financiare, c\u00e2t \u0219i logistice, c\u0103 vor beneficia de aceste facilit\u0103\u021bi, inclusiv cele care privesc transportul public local\u201d, a precizat primarul Mihai Chirica.<\/p>\n<p style=\"text-align: justify;\">\n","protected":false},"excerpt":{"rendered":"<p>Primarul Mihai Chirica va fi al\u0103turi \u015fi \u00een acest an de studen\u021bi, cadre universitare \u0219i&#8230; <a class=\"meta-more\" href=\"https:\/\/infois.ro\/?p=74287\">more <span class=\"meta-nav\">&raquo;<\/span><\/a><\/p>\n","protected":false},"author":2,"featured_media":74288,"comment_status":"closed","ping_status":"closed","sticky":false,"template":"","format":"standard","meta":{"footnotes":""},"categories":[12,41],"tags":[74,40,17085,477,928,2334],"aioseo_notices":[],"_links":{"self":[{"href":"https:\/\/infois.ro\/index.php?rest_route=\/wp\/v2\/posts\/74287"}],"collection":[{"href":"https:\/\/infois.ro\/index.php?rest_route=\/wp\/v2\/posts"}],"about":[{"href":"https:\/\/infois.ro\/index.php?rest_route=\/wp\/v2\/types\/post"}],"author":[{"embeddable":true,"href":"https:\/\/infois.ro\/index.php?rest_route=\/wp\/v2\/users\/2"}],"replies":[{"embeddable":true,"href":"https:\/\/infois.ro\/index.php?rest_route=%2Fwp%2Fv2%2Fcomments&post=74287"}],"version-history":[{"count":1,"href":"https:\/\/infois.ro\/index.php?rest_route=\/wp\/v2\/posts\/74287\/revisions"}],"predecessor-version":[{"id":74289,"href":"https:\/\/infois.ro\/index.php?rest_route=\/wp\/v2\/posts\/74287\/revisions\/74289"}],"wp:featuredmedia":[{"embeddable":true,"href":"https:\/\/infois.ro\/index.php?rest_route=\/wp\/v2\/media\/74288"}],"wp:attachment":[{"href":"https:\/\/infois.ro\/index.php?rest_route=%2Fwp%2Fv2%2Fmedia&parent=74287"}],"wp:term":[{"taxonomy":"category","embeddable":true,"href":"https:\/\/infois.ro\/index.php?rest_route=%2Fwp%2Fv2%2Fcategories&post=74287"},{"taxonomy":"post_tag","embeddable":true,"href":"https:\/\/infois.ro\/index.php?rest_route=%2Fwp%2Fv2%2Ftags&post=74287"}],"curies":[{"name":"wp","href":"https:\/\/api.w.org\/{rel}","templated":true}]}}