{"id":7445,"date":"2013-10-02T11:12:32","date_gmt":"2013-10-02T08:12:32","guid":{"rendered":"http:\/\/infois.ro\/?p=7445"},"modified":"2013-10-02T11:12:32","modified_gmt":"2013-10-02T08:12:32","slug":"primarul-iasului-gheorghe-nichita-ales-vicepresedinte-al-comitetului-consultativ-politic-european-in-domeniul-transportului-public-urban","status":"publish","type":"post","link":"https:\/\/infois.ro\/?p=7445","title":{"rendered":"Primarul Ia\u0219ului, Gheorghe Nichita, ales vicepre\u0219edinte al Comitetului Consultativ Politic European \u00een domeniul transportului public urban"},"content":{"rendered":"<p style=\"text-align: justify;\"><a class=\"highslide\" onclick=\"return vz.expand(this)\" href=\"http:\/\/infois.ro\/wp-content\/uploads\/2013\/10\/NICHITA.jpg\"><img loading=\"lazy\" decoding=\"async\" class=\"alignleft size-large wp-image-7446\" title=\"NICHITA\" src=\"http:\/\/infois.ro\/wp-content\/uploads\/cache\/2013\/10\/NICHITA\/222858217.jpg\" alt=\"\" width=\"600\" height=\"511\" \/><\/a><\/p>\n<p style=\"text-align: justify;\">Primarul municipiului Ia\u0219i, Gheorghe Nichita, a fost ales mar\u021bi, 1 octombrie, cu unanimitate de voturi, \u00een func\u021bia de vicepre\u0219edinte al Comitetului Consultativ Politic (PAC), organism important la nivel european \u00een privin\u021ba politicilor \u00een domeniul transportului public urban. Alegerile au avut loc \u00een cadrul Forumului CIVITAS, care s-a desf\u0103\u0219urat \u00een perioada 30 septembrie \u2013 2 octombrie, la Brest (Fran\u021ba). \u201dForumul s-a remarcat printr-o intensitate deosebit\u0103 a lucr\u0103rilor aplicate pe subiecte precum transportul public urban \u0219i atragerea fondurilor europene nerambursabile \u00een acest domeniu. A fost o bun\u0103 ocazie pentru ca vocea Ia\u0219ului s\u0103 se aud\u0103 la nivel european, \u00eentr-un grup restr\u00e2ns de politicieni importan\u021bi la nivelul Uniunii Europene\u201d, a declarat primarul Gheorghe Nichita. Acesta a fost ales cu unanimitate de voturi vicepre\u0219edinte al Comitetului Consultativ Politic, cu un mandat pentru urm\u0103torii doi ani. \u201eUniunea European\u0103 tinde spre o schimbare profund\u0103 a transportului public urban, care s\u0103 fie integrat, ecologic \u0219i durabil. Municipiul Ia\u0219i particip\u0103 al\u0103turi de alte 215 ora\u0219e europene \u00een re\u021beaua CIVITAS, av\u00e2nd acces direct la decizii la nivel european pe acest domeniu. Investi\u021biile considerabile pe care municipalitatea le-a derulat \u00een Ia\u0219i a f\u0103cut ca ora\u0219ul nostru s\u0103 fac\u0103 parte din acest club select\u201d, a explicat primarul Gheorghe Nichita, vicepre\u0219edinte PAC. Comitetul Consultativ Politic (PAC) \u0219i-a asumat un rol important la nivelul Uniunii Europene pe teme precum: identificarea priorit\u0103\u021bilor politice, subliniind argumentele pro \u0219i contra \u0219i subliniind relevan\u021ba politic\u0103 a obiectivelor \u0219i realiz\u0103rilor CIVITAS, oferirea de recomand\u0103ri de politici, definirea de teme relevante pentru politica de transport urban European, consiliere \u00een activit\u0103\u021bile de baz\u0103 CIVITAS (comunicare, Forumul CIVITAS, site-ul CIVITAS, grupuri tematice pe forumul politicienilor, etc). Direc\u0163ia strategic\u0103 a Ini\u0163iativei CIVITAS este stabilit\u0103 de c\u0103tre PAC, declara\u0163iile sale politice constituind liniile directoare ale politicii europene de mobilitate urban\u0103. Declara\u021biile PAC (PAC Statements) se adreseaz\u0103 factorilor de decizie politic\u0103 la nivel european, na\u021bional \u0219i local, precum \u015fi celor din industrie, operatorilor de transport \u0219i altor p\u0103r\u021bi interesate, influen\u0163\u00e2nd \u00een mod deosebit politicile europene.<\/p>\n","protected":false},"excerpt":{"rendered":"<p>Primarul municipiului Ia\u0219i, Gheorghe Nichita, a fost ales mar\u021bi, 1 octombrie, cu unanimitate de voturi,&#8230; <a class=\"meta-more\" href=\"https:\/\/infois.ro\/?p=7445\">more <span class=\"meta-nav\">&raquo;<\/span><\/a><\/p>\n","protected":false},"author":2,"featured_media":7446,"comment_status":"open","ping_status":"closed","sticky":false,"template":"","format":"standard","meta":{"footnotes":""},"categories":[1,41],"tags":[74,1378,692,296,982],"aioseo_notices":[],"_links":{"self":[{"href":"https:\/\/infois.ro\/index.php?rest_route=\/wp\/v2\/posts\/7445"}],"collection":[{"href":"https:\/\/infois.ro\/index.php?rest_route=\/wp\/v2\/posts"}],"about":[{"href":"https:\/\/infois.ro\/index.php?rest_route=\/wp\/v2\/types\/post"}],"author":[{"embeddable":true,"href":"https:\/\/infois.ro\/index.php?rest_route=\/wp\/v2\/users\/2"}],"replies":[{"embeddable":true,"href":"https:\/\/infois.ro\/index.php?rest_route=%2Fwp%2Fv2%2Fcomments&post=7445"}],"version-history":[{"count":1,"href":"https:\/\/infois.ro\/index.php?rest_route=\/wp\/v2\/posts\/7445\/revisions"}],"predecessor-version":[{"id":7447,"href":"https:\/\/infois.ro\/index.php?rest_route=\/wp\/v2\/posts\/7445\/revisions\/7447"}],"wp:featuredmedia":[{"embeddable":true,"href":"https:\/\/infois.ro\/index.php?rest_route=\/wp\/v2\/media\/7446"}],"wp:attachment":[{"href":"https:\/\/infois.ro\/index.php?rest_route=%2Fwp%2Fv2%2Fmedia&parent=7445"}],"wp:term":[{"taxonomy":"category","embeddable":true,"href":"https:\/\/infois.ro\/index.php?rest_route=%2Fwp%2Fv2%2Fcategories&post=7445"},{"taxonomy":"post_tag","embeddable":true,"href":"https:\/\/infois.ro\/index.php?rest_route=%2Fwp%2Fv2%2Ftags&post=7445"}],"curies":[{"name":"wp","href":"https:\/\/api.w.org\/{rel}","templated":true}]}}