{"id":74993,"date":"2023-11-06T08:34:11","date_gmt":"2023-11-06T06:34:11","guid":{"rendered":"https:\/\/infois.ro\/?p=74993"},"modified":"2023-11-06T08:34:11","modified_gmt":"2023-11-06T06:34:11","slug":"peste-60-de-companii-vor-fi-prezente-la-iasi-la-cea-de-a-v-a-editie-a-expozitiei-republica-moldova-prezinta","status":"publish","type":"post","link":"https:\/\/infois.ro\/?p=74993","title":{"rendered":"Peste 60 de companii vor fi prezente la Ia\u015fi, la cea de-a V-a edi\u0163ie a expozi\u0163iei &#8220;Republica Moldova Prezint\u0103&#8221;"},"content":{"rendered":"<p><img loading=\"lazy\" decoding=\"async\" class=\"size-medium wp-image-74994 alignleft\" src=\"http:\/\/infois.ro\/wp-content\/uploads\/2023\/11\/republica-moldova-prezinta-390x205.jpg\" alt=\"\" width=\"390\" height=\"205\" srcset=\"https:\/\/infois.ro\/wp-content\/uploads\/2023\/11\/republica-moldova-prezinta-390x205.jpg 390w, https:\/\/infois.ro\/wp-content\/uploads\/2023\/11\/republica-moldova-prezinta.jpg 640w\" sizes=\"(max-width: 390px) 100vw, 390px\" \/><\/p>\n<p style=\"text-align: justify;\">Peste 60 de companii \u00ee\u0219i vor expune produsele \u00een perioada 10 &#8211; 12 noiembrie, la Palas Mall, \u00een cadrul celei de-a V-a edi\u0163ii a expozi\u021biei \u201eRepublica Moldova Prezint\u0103\u201d.<\/p>\n<p style=\"text-align: justify;\">\n<p style=\"text-align: justify;\">Evenimentul, organizat de c\u0103tre Camera de Comer\u021b \u0219i Industrie a Republicii Moldova \u00eempreun\u0103 cu Consulatul General al Republicii Moldova la Ia\u0219i, Camera de Comer\u021b \u0219i Industrie Ia\u0219i \u0219i Prim\u0103ria Municipiului Ia\u0219i, cu sprijinul Iulius Group, \u00ee\u0219i propune s\u0103 faciliteze rela\u021biile comerciale dintre produc\u0103torii din Republica Moldova \u0219i poten\u021bialii parteneri de afaceri din Ia\u0219i \u0219i din regiune.<\/p>\n<p style=\"text-align: justify;\">\n<p style=\"text-align: justify;\">Expozi\u021bia \u201eRepublica Moldova Prezint\u0103\u201d are ca scop promovarea produselor \u0219i serviciilor moldovene\u0219ti pe pia\u021ba din Rom\u00e2nia \u0219i stabilirea de parteneriate de afaceri \u00eentre cele dou\u0103 \u0163\u0103ri.<\/p>\n<p style=\"text-align: justify;\">\n<p style=\"text-align: justify;\">Pe parcursul celor patru edi\u0163ii de p\u00e2n\u0103 acum ale expozi\u0163iei au participat un num\u0103r de peste 270 de companii autohtone din domenii precum: industria alimentar\u0103 \u0219i agricol\u0103, industria u\u0219oar\u0103, produc\u021bia de vinuri, b\u0103uturi spirtoase \u0219i b\u0103uturi r\u0103coritoare, confec\u021bia \u00eenc\u0103l\u021b\u0103minte, bijuterii, accesorii, produse cosmetice \u0219i de parfumerie, gospod\u0103rii \u021b\u0103r\u0103ne\u0219ti, me\u0219te\u0219ugari, care au trasat noi oportunit\u0103\u021bi investi\u021bionale, modalit\u0103\u021bi concrete de intensificare a schimburilor comerciale bilaterale \u0219i noi posibilit\u0103\u021bi de proiecte comune \u0219i de parteneriate de afaceri.<\/p>\n<p style=\"text-align: justify;\">\n<p style=\"text-align: justify;\">La edi\u021bia din acest an, vizitatorii vor avea posibilitatea de a aprecia ofertele a peste 60 de produc\u0103tori de m\u0103rfuri \u0219i prestatori de servicii din toate regiunile Republicii Moldova, \u00eentreprinderi mici \u0219i mijlocii, gospod\u0103rii \u021b\u0103r\u0103ne\u0219ti, me\u0219te\u0219ugari, asocia\u021bii de antreprenori, printre produsele oferite spre v\u00e2nzare num\u0103r\u00e2ndu-se cele din industria vinifica\u021biei, industria alimentat\u0103, articole vestimentare, etc.<\/p>\n<p style=\"text-align: justify;\">\n<p style=\"text-align: justify;\">Festivitatea de inaugurare a expozi\u021biei va avea loc vineri, 10 noiembrie, \u00eencep\u00e2nd cu ora 11.00, \u00een prezen\u0163a autorit\u0103\u0163ilor locale \u015fi a organizatorilor.<\/p>\n<p style=\"text-align: justify;\">\n","protected":false},"excerpt":{"rendered":"<p>Peste 60 de companii \u00ee\u0219i vor expune produsele \u00een perioada 10 &#8211; 12 noiembrie, la&#8230; <a class=\"meta-more\" href=\"https:\/\/infois.ro\/?p=74993\">more <span class=\"meta-nav\">&raquo;<\/span><\/a><\/p>\n","protected":false},"author":2,"featured_media":74994,"comment_status":"closed","ping_status":"closed","sticky":false,"template":"","format":"standard","meta":{"footnotes":""},"categories":[6,41],"tags":[74,803,40,418,7499,15940],"aioseo_notices":[],"_links":{"self":[{"href":"https:\/\/infois.ro\/index.php?rest_route=\/wp\/v2\/posts\/74993"}],"collection":[{"href":"https:\/\/infois.ro\/index.php?rest_route=\/wp\/v2\/posts"}],"about":[{"href":"https:\/\/infois.ro\/index.php?rest_route=\/wp\/v2\/types\/post"}],"author":[{"embeddable":true,"href":"https:\/\/infois.ro\/index.php?rest_route=\/wp\/v2\/users\/2"}],"replies":[{"embeddable":true,"href":"https:\/\/infois.ro\/index.php?rest_route=%2Fwp%2Fv2%2Fcomments&post=74993"}],"version-history":[{"count":1,"href":"https:\/\/infois.ro\/index.php?rest_route=\/wp\/v2\/posts\/74993\/revisions"}],"predecessor-version":[{"id":74995,"href":"https:\/\/infois.ro\/index.php?rest_route=\/wp\/v2\/posts\/74993\/revisions\/74995"}],"wp:featuredmedia":[{"embeddable":true,"href":"https:\/\/infois.ro\/index.php?rest_route=\/wp\/v2\/media\/74994"}],"wp:attachment":[{"href":"https:\/\/infois.ro\/index.php?rest_route=%2Fwp%2Fv2%2Fmedia&parent=74993"}],"wp:term":[{"taxonomy":"category","embeddable":true,"href":"https:\/\/infois.ro\/index.php?rest_route=%2Fwp%2Fv2%2Fcategories&post=74993"},{"taxonomy":"post_tag","embeddable":true,"href":"https:\/\/infois.ro\/index.php?rest_route=%2Fwp%2Fv2%2Ftags&post=74993"}],"curies":[{"name":"wp","href":"https:\/\/api.w.org\/{rel}","templated":true}]}}