{"id":75238,"date":"2023-11-17T13:38:04","date_gmt":"2023-11-17T11:38:04","guid":{"rendered":"https:\/\/infois.ro\/?p=75238"},"modified":"2023-11-17T13:38:04","modified_gmt":"2023-11-17T11:38:04","slug":"conferinta-regionala-pe-tema-educatiei-financiare-organizata-la-iasi","status":"publish","type":"post","link":"https:\/\/infois.ro\/?p=75238","title":{"rendered":"Conferin\u021b\u0103 regional\u0103 pe tema educa\u021biei financiare, organizat\u0103 la Ia\u015fi"},"content":{"rendered":"<p><img loading=\"lazy\" decoding=\"async\" class=\"size-medium wp-image-75239 alignleft\" src=\"http:\/\/infois.ro\/wp-content\/uploads\/2023\/11\/scoala-de-bani-1-390x293.jpg\" alt=\"\" width=\"390\" height=\"293\" srcset=\"https:\/\/infois.ro\/wp-content\/uploads\/2023\/11\/scoala-de-bani-1-390x293.jpg 390w, https:\/\/infois.ro\/wp-content\/uploads\/2023\/11\/scoala-de-bani-1.jpg 640w\" sizes=\"(max-width: 390px) 100vw, 390px\" \/><\/p>\n<p style=\"text-align: justify;\">\u00cen Aula Magna a Universit\u0103\u021bii &#8220;Alexandru Ioan Cuza&#8221; (UAIC) au debutat vineri, 17 noiembrie, lucr\u0103rile conferin\u0163ei regionale pe tema educa\u0163iei financiare dedicat\u0103 profesorilor care predau \u00een \u00eenv\u0103\u021b\u0103m\u00e2ntul preuniversitar din zona Moldovei, intitulat\u0103 &#8220;\u015ecoala de bani \u00eencepe \u015fcoala&#8221;, organizat\u0103 de BCR, Asocia\u021bia FabLab \u015fi Asocia\u021bia Edupedu.<\/p>\n<p style=\"text-align: justify;\">\n<p style=\"text-align: justify;\">Abilit\u0103\u021bile de via\u021b\u0103 privitoare la gestionarea banilor sunt dezvoltate, \u00een sistemele de educa\u021bie ale \u021b\u0103rilor dezvoltate, \u00eenc\u0103 de la o v\u00e2rst\u0103 \u015fcolar\u0103 mic\u0103 \u015fi apoi sunt consolidate, \u00een timp, astfel \u00eenc\u00e2t tinerii \u015fi adul\u021bii s\u0103 devin\u0103 independen\u021bi financiar, s\u0103 aib\u0103 capacitatea de a lua decizii corecte, s\u0103 dezvolte comportamente financiare echilibrate prin respectarea unui plan de economii \u015fi investi\u021bii \u015fi prin asigurarea unei securit\u0103\u021bi financiare pe termen scurt, mediu \u015fi lung.<\/p>\n<p style=\"text-align: justify;\">\n<p style=\"text-align: justify;\">Un studiu realizat de Banca Mondial\u0103 \u00een 2018 a plasat Rom\u00e2nia pe ultimul loc din 127 de \u021b\u0103ri, cu doar 22% dintre adul\u021bi care au o educa\u021bie financiar\u0103 adecvat\u0103 particularit\u0103\u021bilor \u015fi exigen\u021belor societ\u0103\u0163ii \u00een care tr\u0103im, \u00een timp ce media european\u0103 este de 55%.<\/p>\n<p style=\"text-align: justify;\"><img loading=\"lazy\" decoding=\"async\" class=\"size-medium wp-image-75240 alignright\" src=\"http:\/\/infois.ro\/wp-content\/uploads\/2023\/11\/scoala-de-bani-2-390x220.jpg\" alt=\"\" width=\"390\" height=\"220\" srcset=\"https:\/\/infois.ro\/wp-content\/uploads\/2023\/11\/scoala-de-bani-2-390x220.jpg 390w, https:\/\/infois.ro\/wp-content\/uploads\/2023\/11\/scoala-de-bani-2-140x80.jpg 140w, https:\/\/infois.ro\/wp-content\/uploads\/2023\/11\/scoala-de-bani-2.jpg 640w\" sizes=\"(max-width: 390px) 100vw, 390px\" \/><\/p>\n<p style=\"text-align: justify;\">Pe acest fond, \u00eencep\u00e2nd din anul \u015fcolar 2020-2021, educa\u0163ia financiar\u0103 a devenit materie obligatorie de studiu pentru clasa a VIII-a, la disciplina Educa\u021bie social\u0103, iar noua Lege a educa\u021biei a creat contextul extinderii spectrului de activit\u0103\u021bi care pot dezvolta la elevi competen\u021be asociate unei conduite financiare corecte \u015fi echilibrate.<\/p>\n<p style=\"text-align: justify;\">\n<p style=\"text-align: justify;\">Conferin\u021ba &#8220;\u1e62coala de bani \u00eencepe \u015fcoala&#8221;, moderat\u0103 de Mihai Peticil\u0103, co-fondator Edupedu, a creat contextul potrivit pentru prezentarea unor resurse educa\u021bionale foarte valoroase concepute de profesori ie\u1e63eni \u00een colaborare cu parteneri din asocia\u021bii sau institu\u021bii financiar bancare, \u00een zona de confluen\u021b\u0103 dintre disciplinele clasice, valorific\u00e2nd valen\u021bele pedagogice ale transdisciplinarit\u0103\u021bii, precizeaz\u0103 organizatorii \u00eentr-un comunicat de pres\u0103.<\/p>\n","protected":false},"excerpt":{"rendered":"<p>\u00cen Aula Magna a Universit\u0103\u021bii &#8220;Alexandru Ioan Cuza&#8221; (UAIC) au debutat vineri, 17 noiembrie, lucr\u0103rile&#8230; <a class=\"meta-more\" href=\"https:\/\/infois.ro\/?p=75238\">more <span class=\"meta-nav\">&raquo;<\/span><\/a><\/p>\n","protected":false},"author":2,"featured_media":75239,"comment_status":"closed","ping_status":"closed","sticky":false,"template":"","format":"standard","meta":{"footnotes":""},"categories":[12,41],"tags":[74,8900,17204,40,17203,6648],"aioseo_notices":[],"_links":{"self":[{"href":"https:\/\/infois.ro\/index.php?rest_route=\/wp\/v2\/posts\/75238"}],"collection":[{"href":"https:\/\/infois.ro\/index.php?rest_route=\/wp\/v2\/posts"}],"about":[{"href":"https:\/\/infois.ro\/index.php?rest_route=\/wp\/v2\/types\/post"}],"author":[{"embeddable":true,"href":"https:\/\/infois.ro\/index.php?rest_route=\/wp\/v2\/users\/2"}],"replies":[{"embeddable":true,"href":"https:\/\/infois.ro\/index.php?rest_route=%2Fwp%2Fv2%2Fcomments&post=75238"}],"version-history":[{"count":1,"href":"https:\/\/infois.ro\/index.php?rest_route=\/wp\/v2\/posts\/75238\/revisions"}],"predecessor-version":[{"id":75241,"href":"https:\/\/infois.ro\/index.php?rest_route=\/wp\/v2\/posts\/75238\/revisions\/75241"}],"wp:featuredmedia":[{"embeddable":true,"href":"https:\/\/infois.ro\/index.php?rest_route=\/wp\/v2\/media\/75239"}],"wp:attachment":[{"href":"https:\/\/infois.ro\/index.php?rest_route=%2Fwp%2Fv2%2Fmedia&parent=75238"}],"wp:term":[{"taxonomy":"category","embeddable":true,"href":"https:\/\/infois.ro\/index.php?rest_route=%2Fwp%2Fv2%2Fcategories&post=75238"},{"taxonomy":"post_tag","embeddable":true,"href":"https:\/\/infois.ro\/index.php?rest_route=%2Fwp%2Fv2%2Ftags&post=75238"}],"curies":[{"name":"wp","href":"https:\/\/api.w.org\/{rel}","templated":true}]}}