{"id":75398,"date":"2023-11-24T10:46:14","date_gmt":"2023-11-24T08:46:14","guid":{"rendered":"https:\/\/infois.ro\/?p=75398"},"modified":"2023-11-24T10:46:14","modified_gmt":"2023-11-24T08:46:14","slug":"vino-in-palas-sa-deschidem-cel-mai-frumos-sezon-din-an-impreuna-duminica-aprindem-impreuna-cu-mosul-decoratiunile-de-craciun-si-cantam-colinde-alaturi-de-filarmonica","status":"publish","type":"post","link":"https:\/\/infois.ro\/?p=75398","title":{"rendered":"Vino \u00een Palas s\u0103 deschidem cel mai frumos sezon din an \u00eempreun\u0103! Duminic\u0103 aprindem \u00eempreun\u0103 cu Mo\u0219ul decora\u021biunile de Cr\u0103ciun \u0219i c\u00e2nt\u0103m colinde al\u0103turi de Filarmonic\u0103"},"content":{"rendered":"<p><img loading=\"lazy\" decoding=\"async\" class=\"size-medium wp-image-75399 alignleft\" src=\"http:\/\/infois.ro\/wp-content\/uploads\/2023\/11\/palas1-1-390x260.jpg\" alt=\"\" width=\"390\" height=\"260\" srcset=\"https:\/\/infois.ro\/wp-content\/uploads\/2023\/11\/palas1-1-390x260.jpg 390w, https:\/\/infois.ro\/wp-content\/uploads\/2023\/11\/palas1-1.jpg 640w\" sizes=\"(max-width: 390px) 100vw, 390px\" \/><\/p>\n<p style=\"text-align: justify;\"><strong><em>\u201eNimeni nu trebuie s\u0103 fie singur de Cr\u0103ciun!\u201d \u2013 citat din \u201eCum a furat Grinch Cr\u0103ciunul\u201d, film ap\u0103rut \u00een anul 2000, c\u00e2nd bradul era \u00eempodobit cu globuri de sticl\u0103 \u0219i bomboane din ciocolat\u0103, instala\u021bia luminoas\u0103 c\u00e2nta, iar toat\u0103 familia desf\u0103cea cu aten\u021bie darurile primite de la Mo\u0219ul. Anul acesta readucem Cr\u0103ciunul Clasic \u00een Palas, unde totul va fi cuprins de magia s\u0103rb\u0103torilor, \u00een acest weekend. Vino s\u0103 aprindem \u00eempreun\u0103 magia Cr\u0103ciunului, duminic\u0103, 26 noiembrie 2023, \u00eencep\u00e2nd cu ora 19.00, moment c\u00e2nd va \u00eencepe \u0219i tradi\u021bionalul concert al Filarmonicii de Stat \u201eMoldova\u201d Ia\u0219i! <\/em><\/strong><\/p>\n<p style=\"text-align: justify;\"><strong><em>\u00a0<\/em><\/strong><\/p>\n<p style=\"text-align: justify;\">Parfumul citricelor, \u00een special al portocalelor \u0219i al mandarinelor &#8211; \u201emiroase a Cr\u0103ciun\u201d, instala\u021bia luminoas\u0103 are \u0219i cutie muzical\u0103 de unde se aud c\u00e2teva note stridente, care amintesc de liniile melodice ale colindelor, iar \u00een toate casele se simte emo\u021bia apropierii celei mai frumoase perioade din an. Aceasta este amintirea s\u0103rb\u0103torilor de alt\u0103dat\u0103, iar <strong>Palas propune \u00een acest an un Cr\u0103ciun Clasic<\/strong>, <strong>cu emo\u021bie pur\u0103<\/strong>, unde lucrurile simple aduc mai mult dec\u00e2t z\u00e2mbete, aduc amintiri pentru o via\u021b\u0103.<\/p>\n<p style=\"text-align: justify;\"><img loading=\"lazy\" decoding=\"async\" class=\"size-medium wp-image-75400 alignright\" src=\"http:\/\/infois.ro\/wp-content\/uploads\/2023\/11\/palas2-1-260x390.jpg\" alt=\"\" width=\"260\" height=\"390\" srcset=\"https:\/\/infois.ro\/wp-content\/uploads\/2023\/11\/palas2-1-260x390.jpg 260w, https:\/\/infois.ro\/wp-content\/uploads\/2023\/11\/palas2-1.jpg 640w\" sizes=\"(max-width: 260px) 100vw, 260px\" \/><\/p>\n<p style=\"text-align: justify;\"><strong>Duminic\u0103<\/strong>, <strong>26 noiembrie<\/strong>, <strong>de la ora 19.00<\/strong>, <strong>Mo\u0219ul vine \u00een Atriumul Palas<\/strong>, iar \u00eempreun\u0103 cu copiii prezen\u021bi <strong>vor aprinde mii de lumini\u021be colorate<\/strong>, <strong>vor da play colindelor<\/strong> <strong>\u0219i vor l\u0103sa spiritul Cr\u0103ciunului s\u0103 cuprind\u0103 \u00eentreg Ansamblul<\/strong>. <strong>Simpaticul b\u0103tr\u00e2nel va r\u0103m\u00e2ne la baza bradului<\/strong> din Atrium, unde <strong>are amenajat un jil\u021b<\/strong>, \u0219i va asculta poeziile celor mici \u0219i va nota \u00een list\u0103 toate cadourile pe care ei le doresc.<\/p>\n<p style=\"text-align: justify;\">\n<p style=\"text-align: justify;\"><strong>Colinde clasice<\/strong>, <strong>melodii tematice interna\u021bionale<\/strong>, <strong>c\u00e2ntece din filme de Cr\u0103ciun<\/strong>, care au f\u0103cut \u00eenconjurul lumii, se vor auzi duminic\u0103 \u00een Atrium. <strong>Filarmonica de Stat \u201eMoldova\u201d Ia\u0219i<\/strong> va sus\u021bine un concert excep\u021bional de colinde, <strong>\u00eencep\u00e2nd cu ora 19.00<\/strong>.<\/p>\n<p style=\"text-align: justify;\"><img loading=\"lazy\" decoding=\"async\" class=\"size-medium wp-image-75401 alignleft\" src=\"http:\/\/infois.ro\/wp-content\/uploads\/2023\/11\/palas3-1-390x260.jpg\" alt=\"\" width=\"390\" height=\"260\" srcset=\"https:\/\/infois.ro\/wp-content\/uploads\/2023\/11\/palas3-1-390x260.jpg 390w, https:\/\/infois.ro\/wp-content\/uploads\/2023\/11\/palas3-1.jpg 640w\" sizes=\"(max-width: 390px) 100vw, 390px\" \/><\/p>\n<p style=\"text-align: justify;\">De la inaugurare, Palas impresioneaz\u0103 publicul prin tematica \u0219i decora\u021biunile alese de Cr\u0103ciun, iar anul acesta nu face excep\u021bie. <strong>Ne \u00eentoarcem la clasic<\/strong>, iar la baza bradului vei descoperi un \u201e<strong>televizor cu tub<\/strong>\u201d<strong>,<\/strong> <strong>unde vei putea s\u0103 \u00ee\u021bi faci o sesiune foto<\/strong>, \u00een zona Peek &amp; Cloppenburg, dar \u0219i \u00een zona de la intrarea principal\u0103 din exterior, vei g\u0103si <strong>dou\u0103 ma\u0219ini de epoc\u0103 \u00eenc\u0103rcate de cadouri<\/strong>, iar fiecare etaj al Palas te va purta \u00eentr-o c\u0103l\u0103torie ca \u00een \u201eThe Polar Express\u201d. Luminile se aprind duminic\u0103, \u00eens\u0103 preg\u0103tim \u0219i <strong>o surpriz\u0103 gigant \u00een zilele urm\u0103toare<\/strong>, a\u0219a c\u0103 <strong>fii cu ochii pe pagina de <a href=\"https:\/\/www.facebook.com\/palasiasi\">Facebook Palas<\/a><\/strong> ca s\u0103 fii printre primii care afl\u0103 despre ce este vorba!<\/p>\n<p style=\"text-align: justify;\"><img loading=\"lazy\" decoding=\"async\" class=\"size-medium wp-image-75402 alignright\" src=\"http:\/\/infois.ro\/wp-content\/uploads\/2023\/11\/palas4-1-390x260.jpg\" alt=\"\" width=\"390\" height=\"260\" srcset=\"https:\/\/infois.ro\/wp-content\/uploads\/2023\/11\/palas4-1-390x260.jpg 390w, https:\/\/infois.ro\/wp-content\/uploads\/2023\/11\/palas4-1.jpg 640w\" sizes=\"(max-width: 390px) 100vw, 390px\" \/><\/p>\n<p style=\"text-align: justify;\"><strong>Te a\u0219tept\u0103m duminic\u0103 \u00een Palas, unde deschidem \u00eempreun\u0103 cel mai frumos sezon din an! <\/strong><\/p>\n<p style=\"text-align: justify;\">\n","protected":false},"excerpt":{"rendered":"<p>\u201eNimeni nu trebuie s\u0103 fie singur de Cr\u0103ciun!\u201d \u2013 citat din \u201eCum a furat Grinch&#8230; <a class=\"meta-more\" href=\"https:\/\/infois.ro\/?p=75398\">more <span class=\"meta-nav\">&raquo;<\/span><\/a><\/p>\n","protected":false},"author":2,"featured_media":75402,"comment_status":"closed","ping_status":"closed","sticky":false,"template":"","format":"standard","meta":{"footnotes":""},"categories":[41,60],"tags":[74,1381,2510,40,1326,100],"aioseo_notices":[],"_links":{"self":[{"href":"https:\/\/infois.ro\/index.php?rest_route=\/wp\/v2\/posts\/75398"}],"collection":[{"href":"https:\/\/infois.ro\/index.php?rest_route=\/wp\/v2\/posts"}],"about":[{"href":"https:\/\/infois.ro\/index.php?rest_route=\/wp\/v2\/types\/post"}],"author":[{"embeddable":true,"href":"https:\/\/infois.ro\/index.php?rest_route=\/wp\/v2\/users\/2"}],"replies":[{"embeddable":true,"href":"https:\/\/infois.ro\/index.php?rest_route=%2Fwp%2Fv2%2Fcomments&post=75398"}],"version-history":[{"count":1,"href":"https:\/\/infois.ro\/index.php?rest_route=\/wp\/v2\/posts\/75398\/revisions"}],"predecessor-version":[{"id":75403,"href":"https:\/\/infois.ro\/index.php?rest_route=\/wp\/v2\/posts\/75398\/revisions\/75403"}],"wp:featuredmedia":[{"embeddable":true,"href":"https:\/\/infois.ro\/index.php?rest_route=\/wp\/v2\/media\/75402"}],"wp:attachment":[{"href":"https:\/\/infois.ro\/index.php?rest_route=%2Fwp%2Fv2%2Fmedia&parent=75398"}],"wp:term":[{"taxonomy":"category","embeddable":true,"href":"https:\/\/infois.ro\/index.php?rest_route=%2Fwp%2Fv2%2Fcategories&post=75398"},{"taxonomy":"post_tag","embeddable":true,"href":"https:\/\/infois.ro\/index.php?rest_route=%2Fwp%2Fv2%2Ftags&post=75398"}],"curies":[{"name":"wp","href":"https:\/\/api.w.org\/{rel}","templated":true}]}}