{"id":7551,"date":"2013-10-09T09:55:21","date_gmt":"2013-10-09T06:55:21","guid":{"rendered":"http:\/\/infois.ro\/?p=7551"},"modified":"2013-10-09T09:55:21","modified_gmt":"2013-10-09T06:55:21","slug":"statiile-ratp-de-pe-traseul-podu-ros-cug-vor-fi-mutate-pe-centrul-strazii","status":"publish","type":"post","link":"https:\/\/infois.ro\/?p=7551","title":{"rendered":"Sta\u021biile RATP de pe traseul Podu Ro\u0219 &#8211; CUG vor fi mutate pe centrul str\u0103zii"},"content":{"rendered":"<p style=\"text-align: justify;\"><a class=\"highslide\" onclick=\"return vz.expand(this)\" href=\"http:\/\/infois.ro\/wp-content\/uploads\/2013\/10\/statii-pe-centru.jpg\"><img loading=\"lazy\" decoding=\"async\" class=\"alignleft size-large wp-image-7552\" title=\"statii pe centru\" src=\"http:\/\/infois.ro\/wp-content\/uploads\/cache\/2013\/10\/statii-pe-centru\/2990387170.jpg\" alt=\"\" width=\"600\" height=\"399\" \/><\/a><\/p>\n<p style=\"text-align: justify;\">Lucr\u0103rile de reabilitare a \u015foselei Podu Ro\u015f \u2013 CUG vor fi conexate cu cele ale noului sistem de management al traficului. Astfel, \u015fefii ora\u015fului \u00eempreun\u0103 cu constructorii au luat decizia schimb\u0103rii modului de amplasare a sta\u0163iilor RATP pe sectorul de drum Podu Ro\u015f \u2013 Nicolina \u2013 CUG. \u201d\u00cen ideea de a fluidiza traficul rutier, tradi\u0163ionalele sta\u0163ii de a\u015fteptare pentru pasageri vor fi mutate pe linia central\u0103 a \u015foselei, decizie ce va intra \u00een vigoare la finalizarea lucr\u0103rilor. Cu o lungime de aproximativ 50 de metri, noile sta\u0163ii vor fi amenajate la o anumit\u0103 distan\u0163\u0103 una de cealalt\u0103 pentru a l\u0103sa loc suficient tramvaielor \u015fi autobuzelor care vor parca \u00een dreptul lor. \u00centre refugii \u015fi trotuare vor exista c\u00e2te dou\u0103 benzi pe sens, p\u0103str\u00e2ndu-se astfel nealterat\u0103 circula\u0163ia celorlalte autovehicule. Accesul pasagerilor dinspre \u015fi spre sta\u0163iile RATP se va face \u00een deplin\u0103 siguran\u0163\u0103 \u00een urma mont\u0103rii unor indicatoare semaforizate\u201d, se precizeaz\u0103 \u00eentr-un comunicat de pres\u0103 al Prim\u0103riei municipiului Ia\u0219i. Potrivit documentului, finalizarea \u00eentregului proiect al Axei Sud Podu Ro\u015f \u2013 CUG este planificat\u0103 pentru luna iulie 2015. Valoarea total\u0103 a proiectului este de 87,6 milioane lei, din care aproximativ 70 de milioane provin din fondurile europene nerambursabile. \u00cen totalitatea sa, proiectul \u00eenseamn\u0103 \u00eenlocuirea a 8 kilometri linie simpl\u0103 de tramvai, reabilitarea re\u0163elei stradale pe o suprafa\u0163\u0103 de 66.000 metri p\u0103tra\u0163i, modernizarea trotuarelor pe 30.000 metri p\u0103tra\u0163i, realizarea unei piste de biciclete cu o lungime de patru kilometri. Totodat\u0103, vor fi amenajate trasee pentru introducerea cablurilor de date \u015fi curen\u0163i slabi, care \u00een prezent at\u00e2rn\u0103 pe st\u00e2lpi, cu c\u0103mine de vizitare din 50 m \u00een 50 m.<\/p>\n","protected":false},"excerpt":{"rendered":"<p>Lucr\u0103rile de reabilitare a \u015foselei Podu Ro\u015f \u2013 CUG vor fi conexate cu cele ale&#8230; <a class=\"meta-more\" href=\"https:\/\/infois.ro\/?p=7551\">more <span class=\"meta-nav\">&raquo;<\/span><\/a><\/p>\n","protected":false},"author":2,"featured_media":7552,"comment_status":"open","ping_status":"closed","sticky":false,"template":"","format":"standard","meta":{"footnotes":""},"categories":[1],"tags":[40,721,296,3234,1593],"aioseo_notices":[],"_links":{"self":[{"href":"https:\/\/infois.ro\/index.php?rest_route=\/wp\/v2\/posts\/7551"}],"collection":[{"href":"https:\/\/infois.ro\/index.php?rest_route=\/wp\/v2\/posts"}],"about":[{"href":"https:\/\/infois.ro\/index.php?rest_route=\/wp\/v2\/types\/post"}],"author":[{"embeddable":true,"href":"https:\/\/infois.ro\/index.php?rest_route=\/wp\/v2\/users\/2"}],"replies":[{"embeddable":true,"href":"https:\/\/infois.ro\/index.php?rest_route=%2Fwp%2Fv2%2Fcomments&post=7551"}],"version-history":[{"count":1,"href":"https:\/\/infois.ro\/index.php?rest_route=\/wp\/v2\/posts\/7551\/revisions"}],"predecessor-version":[{"id":7553,"href":"https:\/\/infois.ro\/index.php?rest_route=\/wp\/v2\/posts\/7551\/revisions\/7553"}],"wp:featuredmedia":[{"embeddable":true,"href":"https:\/\/infois.ro\/index.php?rest_route=\/wp\/v2\/media\/7552"}],"wp:attachment":[{"href":"https:\/\/infois.ro\/index.php?rest_route=%2Fwp%2Fv2%2Fmedia&parent=7551"}],"wp:term":[{"taxonomy":"category","embeddable":true,"href":"https:\/\/infois.ro\/index.php?rest_route=%2Fwp%2Fv2%2Fcategories&post=7551"},{"taxonomy":"post_tag","embeddable":true,"href":"https:\/\/infois.ro\/index.php?rest_route=%2Fwp%2Fv2%2Ftags&post=7551"}],"curies":[{"name":"wp","href":"https:\/\/api.w.org\/{rel}","templated":true}]}}