{"id":769,"date":"2012-06-25T13:06:48","date_gmt":"2012-06-25T10:06:48","guid":{"rendered":"http:\/\/infois.ro\/?p=769"},"modified":"2012-06-25T13:06:48","modified_gmt":"2012-06-25T10:06:48","slug":"romeo-olteanu-a-fost-investit-in-functia-de-prefect-al-judetului-iasi","status":"publish","type":"post","link":"https:\/\/infois.ro\/?p=769","title":{"rendered":"Romeo Olteanu a fost \u00eenvestit \u00een func\u0163ia de prefect al jude\u0163ului Ia\u015fi"},"content":{"rendered":"<p style=\"text-align: justify;\"><a class=\"highslide\" onclick=\"return vz.expand(this)\" href=\"http:\/\/infois.ro\/wp-content\/uploads\/2012\/06\/olteanu.jpg\"><img loading=\"lazy\" decoding=\"async\" class=\"alignnone size-large wp-image-770\" title=\"olteanu\" src=\"http:\/\/infois.ro\/wp-content\/uploads\/cache\/2012\/06\/olteanu\/990675434.jpg\" alt=\"\" width=\"276\" height=\"183\" \/><\/a><\/p>\n<p style=\"text-align: justify;\">\u00cen prezen\u0163a ministrului Justi\u0163iei, Titus Corl\u0103\u0163ean, s\u00e2mb\u0103t\u0103, 23 iunie, a avut loc ceremonia de \u00eenvestire \u00een func\u0163ie a noului prefect al jude\u0163ului Ia\u015fi, Romeo Olteanu. Acesta a fost numit \u00een func\u0163ie printr-o Hot\u0103r\u00e2re a Guvernului, semnat\u0103 de primul ministru Victor Ponta, publicat\u0103 la sf\u00e2r\u015fitul s\u0103pt\u0103m\u00e2nii trecute \u00een Monitorul Oficial. Romeo Olteanu l-a \u00eenlocuit la conducerea jude\u0163ului pe Marian Bosianu, care fusese numit \u00een func\u0163ia de prefect al jude\u0163ului Ia\u015fi, \u00een luna mai. La ceremonia de \u00eenvestire \u00een func\u0163ie a noului prefect de Ia\u015fi au fost prezen\u0163i reprezentan\u0163i ai administra\u0163iie publice locale, precum \u015fi \u015fefii serviciilor deconcentrate din teritoriu. Dup\u0103 ce a dat citire textului Hot\u0103r\u00e2rii de Guvern privind numirea lui Romeo Olteanu \u00een func\u0163ia de prefect al jude\u0163ului Ia\u015fi, ministrul Justi\u0163iei, Titus Corl\u0103\u0163ean, a subliniat c\u0103 este o onoare \u015fi o mare responsabilitate pentru el de a se afla la Ia\u015fi, la ceremonia de \u00eenvestitur\u0103 a noului prefect. \u201cIa\u015fiul este mai mult dec\u00e2t un simplu jude\u0163. Simbolistica istoric\u0103, cultural, administrativ\u0103, politic\u0103 \u015fi rom\u00e2neasc\u0103, de o parte \u015fi de cealalt\u0103 a Prutului, dau o mare responsabilitate administra\u0163iei municipiului \u015fi jude\u0163ului Ia\u015fi. Din acest punct de vedere, vreau s\u0103 adresez mul\u0163umiri fostului prefect Marian Bosianu \u015fi s\u0103-I ureu success noului prefect, care tocmai a dejus jur\u0103m\u00e2ntul. Domnul Romeo Olteanu are \u00een fa\u0163\u0103 un mandat extrem de important, bazat pe lege. Iar mesajul meu, adresat noului prefect, este unul extrem de simplu: pe de o parte s\u0103 vegheze \u015fi s\u0103 se angajeze cu toat\u0103 fermitatea pentru respectarea legalit\u0103\u0163ii, pentru respectarea Constitu\u0163iei Rom\u00e2niei, pentru respectarea drepturilor \u015fi libert\u0103\u0163ilor fundamentale ale cet\u0103\u0163eanului\u201d, a afirmat Titus Corl\u0103\u0163ean. Noul prefect al Ia\u015filor s-a n\u0103scut pe 3 mai 1952, \u00een ora\u015ful Z\u0103rne\u015fti, jude\u0163ul Bra\u015fov. Dup\u0103 absolvirea Liceului Teoretic din localitatea natal\u0103, acesta a urmat cursurile Facult\u0103\u0163ii de Chimie \u015fi Inginerie Chimic\u0103 din cadrul Universitatii Tehnice &#8220;Gheorghe Asachi&#8221; din Ia\u015fi, sec\u0163ia Tehnologia substan\u0163elor organice. \u00cencep\u00e2nd din anul 1992, Romeo Olteanu a fost ne\u00eentrerupt consilier local \u00een Consiliul Local Municipal (CLM) Ia\u015fi, iar \u00een perioada 2008-2012 a fost viceprimar al municipiului.<\/p>\n","protected":false},"excerpt":{"rendered":"<p>\u00cen prezen\u0163a ministrului Justi\u0163iei, Titus Corl\u0103\u0163ean, s\u00e2mb\u0103t\u0103, 23 iunie, a avut loc ceremonia de \u00eenvestire&#8230; <a class=\"meta-more\" href=\"https:\/\/infois.ro\/?p=769\">more <span class=\"meta-nav\">&raquo;<\/span><\/a><\/p>\n","protected":false},"author":2,"featured_media":770,"comment_status":"open","ping_status":"open","sticky":false,"template":"","format":"standard","meta":{"footnotes":""},"categories":[1,41],"tags":[74,446,447],"aioseo_notices":[],"_links":{"self":[{"href":"https:\/\/infois.ro\/index.php?rest_route=\/wp\/v2\/posts\/769"}],"collection":[{"href":"https:\/\/infois.ro\/index.php?rest_route=\/wp\/v2\/posts"}],"about":[{"href":"https:\/\/infois.ro\/index.php?rest_route=\/wp\/v2\/types\/post"}],"author":[{"embeddable":true,"href":"https:\/\/infois.ro\/index.php?rest_route=\/wp\/v2\/users\/2"}],"replies":[{"embeddable":true,"href":"https:\/\/infois.ro\/index.php?rest_route=%2Fwp%2Fv2%2Fcomments&post=769"}],"version-history":[{"count":1,"href":"https:\/\/infois.ro\/index.php?rest_route=\/wp\/v2\/posts\/769\/revisions"}],"predecessor-version":[{"id":771,"href":"https:\/\/infois.ro\/index.php?rest_route=\/wp\/v2\/posts\/769\/revisions\/771"}],"wp:featuredmedia":[{"embeddable":true,"href":"https:\/\/infois.ro\/index.php?rest_route=\/wp\/v2\/media\/770"}],"wp:attachment":[{"href":"https:\/\/infois.ro\/index.php?rest_route=%2Fwp%2Fv2%2Fmedia&parent=769"}],"wp:term":[{"taxonomy":"category","embeddable":true,"href":"https:\/\/infois.ro\/index.php?rest_route=%2Fwp%2Fv2%2Fcategories&post=769"},{"taxonomy":"post_tag","embeddable":true,"href":"https:\/\/infois.ro\/index.php?rest_route=%2Fwp%2Fv2%2Ftags&post=769"}],"curies":[{"name":"wp","href":"https:\/\/api.w.org\/{rel}","templated":true}]}}