{"id":77643,"date":"2024-04-09T09:55:58","date_gmt":"2024-04-09T06:55:58","guid":{"rendered":"http:\/\/infois.ro\/?p=77643"},"modified":"2024-04-09T09:56:16","modified_gmt":"2024-04-09T06:56:16","slug":"antreprenoriatul-alimentatiei-ecologice-si-conventionale-tema-de-workshop-la-universitatea-de-stiintele-vietii","status":"publish","type":"post","link":"https:\/\/infois.ro\/?p=77643","title":{"rendered":"Antreprenoriatul alimenta\u021biei ecologice \u0219i conven\u021bionale, tem\u0103 de workshop la Universitatea de \u0218tiin\u021bele Vie\u021bii"},"content":{"rendered":"<p><img loading=\"lazy\" decoding=\"async\" class=\"size-medium wp-image-77644 alignleft\" src=\"http:\/\/infois.ro\/wp-content\/uploads\/2024\/04\/antreprenoriatul-alimentatie-390x390.jpg\" alt=\"\" width=\"390\" height=\"390\" srcset=\"https:\/\/infois.ro\/wp-content\/uploads\/2024\/04\/antreprenoriatul-alimentatie-390x390.jpg 390w, https:\/\/infois.ro\/wp-content\/uploads\/2024\/04\/antreprenoriatul-alimentatie-80x80.jpg 80w, https:\/\/infois.ro\/wp-content\/uploads\/2024\/04\/antreprenoriatul-alimentatie-100x100.jpg 100w, https:\/\/infois.ro\/wp-content\/uploads\/2024\/04\/antreprenoriatul-alimentatie-144x144.jpg 144w, https:\/\/infois.ro\/wp-content\/uploads\/2024\/04\/antreprenoriatul-alimentatie.jpg 640w\" sizes=\"(max-width: 390px) 100vw, 390px\" \/><\/p>\n<p style=\"text-align: justify;\">Universitatea de \u0218tiin\u021bele Vie\u021bii \u201eIon Ionescu de la Brad\u201d din Ia\u0219i (USV) va organiza miercuri, 10 aprilie, workshop-ul \u201eRolul administrativ \u00een antreprenoriatul alimenta\u021biei ecologice \u0219i conven\u021bionale\u201d. Proiectat a fi un eveniment foarte atractiv \u0219i relevant, workshop-ul este destinat \u00een\u00a0principal studen\u021bilor de la inginerie alimentar\u0103, iar scopul principal este acela de a introduce tinerii \u00een lumea antreprenoriatului alimentar, fie el conven\u021bional sau ecologic.<\/p>\n<p style=\"text-align: justify;\">Invita\u021bii, cu vast\u0103 experien\u021b\u0103 \u00een domeniu, sunt Cecilia \u021augulea &#8211; antreprenor al S.C. Magazia Mor\u0103ri\u021bei S.R.L., pre\u0219edinte al \u201eAsocia\u021biei Produc\u0103torilor Locali Produs \u00een Ia\u0219i\u201d \u0219i Radu Botez &#8211; directorul Ecopia\u021ba S.A. Ia\u0219i. Ace\u0219tia vor \u00eemp\u0103rt\u0103\u0219i din experien\u021bele lor inedite \u0219i valoroase\u00a0participan\u021bilor la workshop, ilustr\u00e2nd provoc\u0103rile \u0219i oportunit\u0103\u021bile \u00een furnizarea de alimente conven\u021bionale \u0219i ecologice pe scar\u0103 larg\u0103.<\/p>\n<p style=\"text-align: justify;\">\u201eEvenimentul marcheaz\u0103 \u00eenceputul unui demers de explorare \u0219i \u00een\u021belegere pentru studen\u021bii no\u0219tri \u00een ceea ce prive\u0219te dinamica \u0219i diversitatea domeniului antreprenoriatului alimentar. Principalele teme abordate vor \u00eencepe cu explorarea programelor de finan\u021bare guvernamental\u0103 destinate ini\u021bierii unei afaceri, continu\u00e2nd cu o ampl\u0103 discu\u021bie asupra aspectelor\u00a0administrative pentru \u00eentreprinderi la nivel micro \u0219i macro. De asemenea, se vor discuta tendin\u021belor de consum \u0219i a impactului acestora asupra dinamicii pie\u021bei. \u00cen final, aten\u021bia va fi \u00eendreptat\u0103 c\u0103tre dezv\u0103luirea problemelor pe care trebuie s\u0103 le confrunte antreprenorii zilnic, av\u00e2nd \u00een vedere c\u0103 aceast\u0103 activitate implic\u0103 eforturi constante, nu cunoa\u0219te pauze, furniz\u00e2nd \u00een acela\u0219i timp solu\u021bii practice \u0219i eficiente pentru abordarea acestor obstacole\u201d, a declarat prof. univ. dr. Florin Lip\u0219a, decanul Facult\u0103\u021bii de Agricultur\u0103 a USV Ia\u0219i.<\/p>\n<p style=\"text-align: justify;\">Workshop-ul va \u00eencepere la ora 12:00, \u00een Amfiteatrul B2, situat \u00een cl\u0103direa TPPA a USV Ia\u0219i.<\/p>\n","protected":false},"excerpt":{"rendered":"<p>Universitatea de \u0218tiin\u021bele Vie\u021bii \u201eIon Ionescu de la Brad\u201d din Ia\u0219i (USV) va organiza miercuri,&#8230; <a class=\"meta-more\" href=\"https:\/\/infois.ro\/?p=77643\">more <span class=\"meta-nav\">&raquo;<\/span><\/a><\/p>\n","protected":false},"author":2,"featured_media":77644,"comment_status":"closed","ping_status":"closed","sticky":false,"template":"","format":"standard","meta":{"footnotes":""},"categories":[12,41],"tags":[74,17492,40,14365,2337],"aioseo_notices":[],"_links":{"self":[{"href":"https:\/\/infois.ro\/index.php?rest_route=\/wp\/v2\/posts\/77643"}],"collection":[{"href":"https:\/\/infois.ro\/index.php?rest_route=\/wp\/v2\/posts"}],"about":[{"href":"https:\/\/infois.ro\/index.php?rest_route=\/wp\/v2\/types\/post"}],"author":[{"embeddable":true,"href":"https:\/\/infois.ro\/index.php?rest_route=\/wp\/v2\/users\/2"}],"replies":[{"embeddable":true,"href":"https:\/\/infois.ro\/index.php?rest_route=%2Fwp%2Fv2%2Fcomments&post=77643"}],"version-history":[{"count":1,"href":"https:\/\/infois.ro\/index.php?rest_route=\/wp\/v2\/posts\/77643\/revisions"}],"predecessor-version":[{"id":77645,"href":"https:\/\/infois.ro\/index.php?rest_route=\/wp\/v2\/posts\/77643\/revisions\/77645"}],"wp:featuredmedia":[{"embeddable":true,"href":"https:\/\/infois.ro\/index.php?rest_route=\/wp\/v2\/media\/77644"}],"wp:attachment":[{"href":"https:\/\/infois.ro\/index.php?rest_route=%2Fwp%2Fv2%2Fmedia&parent=77643"}],"wp:term":[{"taxonomy":"category","embeddable":true,"href":"https:\/\/infois.ro\/index.php?rest_route=%2Fwp%2Fv2%2Fcategories&post=77643"},{"taxonomy":"post_tag","embeddable":true,"href":"https:\/\/infois.ro\/index.php?rest_route=%2Fwp%2Fv2%2Ftags&post=77643"}],"curies":[{"name":"wp","href":"https:\/\/api.w.org\/{rel}","templated":true}]}}