{"id":77882,"date":"2024-04-23T21:17:29","date_gmt":"2024-04-23T18:17:29","guid":{"rendered":"https:\/\/infois.ro\/?p=77882"},"modified":"2024-04-23T21:17:29","modified_gmt":"2024-04-23T18:17:29","slug":"viitorul-productiei-alimentare-discutat-la-iasi-in-cadrul-unei-conferinte-cu-participare-internationala","status":"publish","type":"post","link":"https:\/\/infois.ro\/?p=77882","title":{"rendered":"Viitorul produc\u0163iei alimentare, discutat la Ia\u015fi, \u00een cadrul unei conferin\u0163e cu participare interna\u0163ional\u0103"},"content":{"rendered":"<p><img loading=\"lazy\" decoding=\"async\" class=\"size-medium wp-image-77883 alignleft\" src=\"http:\/\/infois.ro\/wp-content\/uploads\/2024\/04\/viitorul-productiei-390x219.jpg\" alt=\"\" width=\"390\" height=\"219\" srcset=\"https:\/\/infois.ro\/wp-content\/uploads\/2024\/04\/viitorul-productiei-390x219.jpg 390w, https:\/\/infois.ro\/wp-content\/uploads\/2024\/04\/viitorul-productiei-140x80.jpg 140w, https:\/\/infois.ro\/wp-content\/uploads\/2024\/04\/viitorul-productiei.jpg 640w\" sizes=\"(max-width: 390px) 100vw, 390px\" \/><\/p>\n<p style=\"text-align: justify;\">Consulatul Regatului \u021a\u0103rilor de Jos de la Ia\u0219i, \u00een parteneriat Ambasada\u00a0Regatului \u021a\u0103rilor de Jos \u00een Rom\u00e2nia, Universitatea de \u0218tiin\u021bele Vie\u021bii \u201eIon\u00a0Ionescu de la Brad\u201d din Ia\u015fi \u0219i cu Organiza\u0163ia Femeilor Antreprenor (OFA)\u00a0UGIR anun\u0163\u0103 organizarea miercuri, 24 aprilie, a Conferin\u021bei Interna\u021bionale\u00a0cu tema \u201dViitorul produc\u021biei agroalimentare\u201d.<\/p>\n<p style=\"text-align: justify;\">Manifestarea, care va debuta la ora 08:30, \u00een Aula Magna a Universit\u0103\u0163ii de \u015etiin\u0163ele Vie\u0163ii, \u00ee\u0219i propune s\u0103 prezinte o abordare holistic\u0103 a proceselor de produc\u021bie agroalimentar\u0103 sustenabil\u0103, la eveniment anun\u0163\u00e2ndu-\u015fi participarea exper\u021bi na\u021bionali \u0219i din Olanda (antreprenori, fermieri \u0219i reprezentan\u021bi ai \u00eenv\u0103\u0163\u0103m\u00e2ntului universitar),\u00a0care vor discuta despre viitorul produc\u021biei agroalimentare.<\/p>\n<p style=\"text-align: justify;\">\u201e\u00cen ultimii ani, sectorul agroalimentar a avut de \u00eenfruntat diferite provoc\u0103ri. Cre\u0219terea\u00a0popula\u021biei mondiale, schimbarile climatice, migrarea popula\u021biei umane, crizele umanitare declan\u0219ate de agresiunile de r\u0103zboi, pandemiile, au creat un cadru de vulnerabilitate care solicit\u0103 interven\u021bii rapide pentru a asigura securitatea alimentar\u0103. Crizele alimentare de la nivel global, diminuarea resuselor de ap\u0103 potabil\u0103, poluarea, pierderea biodiversita\u021bii, necesit\u0103 aplicarea unr m\u0103suri concrete pentru diminuarea acestora. \u00cen acest context, vom discuta al\u0103turi de invita\u021bii no\u0219tri de renume, despre noi cercet\u0103ri \u00een domeniu, inova\u021bii \u0219i tehnologii de precizie pentru cre\u0219terea eficien\u021bei proceselor de produc\u021bie pe lan\u021bul alimentar, vom prezenta c\u00e2teva modele de bune practici de agricultur\u0103 sustenabil\u0103, precum \u0219i performan\u021be ale unor antreprenori de succes din domeniul agroalimentar\u201d, precizeaz\u0103 organizatorii.<\/p>\n<p style=\"text-align: justify;\">La deschierea oficial\u0103 a manifest\u0103rii \u015fi-a anun\u0163at participarea, al\u0103turi de rectorul USV Ia\u015fi, prof. univ. dr. Gerard Jit\u0103reanu, \u015fi de autorit\u0103\u0163ile locale, Excelen\u0163a Sa Willemijn van Haaften, ambasadorul Regatului \u021a\u0103rilor de Jos \u00een Rom\u00e2nia, care va adresa, \u00een format video, un cuv\u00e2nt de bun venit participan\u0163ilor la eveniment.<\/p>\n<p style=\"text-align: justify;\">Conferin\u0163a va fi moderat\u0103 de c\u0103tre Amalia Georgescu, antreprenor, Consulul Onorific al Olandei la Ia\u0219i, vicepre\u0219edinte OFA UGIR Regiunea Nord-Est, \u015fi respectiv de Valentin Hu\u021banu, jurnalist, produc\u0103torul podcastului \u201d\u0218tiin\u021b\u0103 pentru Via\u021b\u0103\u201d.<\/p>\n","protected":false},"excerpt":{"rendered":"<p>Consulatul Regatului \u021a\u0103rilor de Jos de la Ia\u0219i, \u00een parteneriat Ambasada\u00a0Regatului \u021a\u0103rilor de Jos \u00een&#8230; <a class=\"meta-more\" href=\"https:\/\/infois.ro\/?p=77882\">more <span class=\"meta-nav\">&raquo;<\/span><\/a><\/p>\n","protected":false},"author":2,"featured_media":77883,"comment_status":"closed","ping_status":"closed","sticky":false,"template":"","format":"standard","meta":{"footnotes":""},"categories":[12,41],"tags":[74,17534,227,40,17533,14365],"aioseo_notices":[],"_links":{"self":[{"href":"https:\/\/infois.ro\/index.php?rest_route=\/wp\/v2\/posts\/77882"}],"collection":[{"href":"https:\/\/infois.ro\/index.php?rest_route=\/wp\/v2\/posts"}],"about":[{"href":"https:\/\/infois.ro\/index.php?rest_route=\/wp\/v2\/types\/post"}],"author":[{"embeddable":true,"href":"https:\/\/infois.ro\/index.php?rest_route=\/wp\/v2\/users\/2"}],"replies":[{"embeddable":true,"href":"https:\/\/infois.ro\/index.php?rest_route=%2Fwp%2Fv2%2Fcomments&post=77882"}],"version-history":[{"count":1,"href":"https:\/\/infois.ro\/index.php?rest_route=\/wp\/v2\/posts\/77882\/revisions"}],"predecessor-version":[{"id":77884,"href":"https:\/\/infois.ro\/index.php?rest_route=\/wp\/v2\/posts\/77882\/revisions\/77884"}],"wp:featuredmedia":[{"embeddable":true,"href":"https:\/\/infois.ro\/index.php?rest_route=\/wp\/v2\/media\/77883"}],"wp:attachment":[{"href":"https:\/\/infois.ro\/index.php?rest_route=%2Fwp%2Fv2%2Fmedia&parent=77882"}],"wp:term":[{"taxonomy":"category","embeddable":true,"href":"https:\/\/infois.ro\/index.php?rest_route=%2Fwp%2Fv2%2Fcategories&post=77882"},{"taxonomy":"post_tag","embeddable":true,"href":"https:\/\/infois.ro\/index.php?rest_route=%2Fwp%2Fv2%2Ftags&post=77882"}],"curies":[{"name":"wp","href":"https:\/\/api.w.org\/{rel}","templated":true}]}}