{"id":77900,"date":"2024-04-24T10:29:09","date_gmt":"2024-04-24T07:29:09","guid":{"rendered":"https:\/\/infois.ro\/?p=77900"},"modified":"2024-04-24T10:29:09","modified_gmt":"2024-04-24T07:29:09","slug":"tramvaiul-iepurila-scos-pe-traseele-iasului-cu-ocazia-sarbatorilor-de-paste","status":"publish","type":"post","link":"https:\/\/infois.ro\/?p=77900","title":{"rendered":"\u201eTramvaiul Iepuril\u0103\u201d, scos pe traseele Ia\u015fului cu ocazia S\u0103rb\u0103torilor de Pa\u015fte"},"content":{"rendered":"<p><img loading=\"lazy\" decoding=\"async\" class=\"size-medium wp-image-77901 alignleft\" src=\"http:\/\/infois.ro\/wp-content\/uploads\/2024\/04\/tramvaiul-iepurila-390x293.jpg\" alt=\"\" width=\"390\" height=\"293\" srcset=\"https:\/\/infois.ro\/wp-content\/uploads\/2024\/04\/tramvaiul-iepurila-390x293.jpg 390w, https:\/\/infois.ro\/wp-content\/uploads\/2024\/04\/tramvaiul-iepurila.jpg 640w\" sizes=\"(max-width: 390px) 100vw, 390px\" \/><\/p>\n<p style=\"text-align: justify;\">Cu prilejul anivers\u0103rii a 10 ani de la inaugurarea, \u00een premier\u0103 \u00een Rom\u00e2nia, a primului \u201eTramvai Iepuril\u0103\u201d, Compania de Transport Public (CTP) Ia\u0219i, cu sprijinul Prim\u0103riei Municipiului (PMI) Ia\u0219i, Asocia\u021biei Tramclub Ia\u0219i \u0219i Boo Party, a preg\u0103tit o nou\u0103 surpriz\u0103 ie\u015fenilor. Astfel, s\u00e2mb\u0103t\u0103, 27 aprilie, de la ora 11.00, va avea loc lansarea noului \u201eTramvai Iepuril\u0103\u201d, care va pleca din rondul T\u00e2rgu Cucu c\u0103tre Copou.<\/p>\n<p style=\"text-align: justify;\">\n<p style=\"text-align: justify;\">\u201eVechiul tramvai, pe care l-a\u021bi cunoscut \u0219i iubit, a fost reinventat pentru a v\u0103 oferi o experien\u021b\u0103 inedit\u0103 \u00een acest an aniversar. Iepuril\u0103, \u00eempreun\u0103 cu Z\u00e2na Prim\u0103verii \u0219i personajele animate adorate de copii, v\u0103 vor \u00eent\u00e2mpina cu dulciuri, daruri \u0219i activit\u0103\u021bi recreative. Este momentul perfect pentru a face amintiri al\u0103turi de cei dragi, \u00een spiritul s\u0103rb\u0103torilor de Pa\u0219te\u201d, anun\u0163\u0103\u00a0reprezentan\u0163ii Companiei de Transport Public. \u201eTramvaiul Iepuril\u0103\u201d va face leg\u0103tura \u00eentre T\u00e2rgu Cucu \u015fi Copou \u00eentre orele 11.00 \u2013 14.00, urm\u00e2nd s\u0103 opreasc\u0103 \u00een fiecare sta\u0163ie de pe traseu.<\/p>\n<p style=\"text-align: justify;\">Dup\u0103 lansarea oficial\u0103 din 27 aprilie, \u201eTramvaiul Iepuril\u0103\u201d va circula \u015fi pe celelalte trasee din ora\u015f, dup\u0103 cum urmeaz\u0103: 28 aprilie: traseul 1, 29 aprilie: traseul 3, 30 aprilie: traseul 5, 1 mai: traseul 6, 2 mai: traseul 7, 3 mai: traseul 8, 4 mai: traseul 9, 5 mai: traseul 11 \u015fi 6 mai: traseul 13.<\/p>\n<p style=\"text-align: justify;\">La ini\u0163iativa Asocia\u0163iei Pasiona\u0163ilor de Transport Public Tramclub, \u00een ultimii ani, la Ia\u015fi au fost personalizate mai multe tramvaie, \u00een cadrul unui proiect de regenerare urban\u0103 unic \u00een \u0163ar\u0103. Astfel, cu sprijinul unei companii locale de vopsele, p\u00e2n\u0103 acum au fost personalizate nu mai pu\u0163in de 7 tramvaie, printre care \u201eTramvaiul lui Mo\u015f Cr\u0103ciun\u201d, \u201eTramvaiul Iepuril\u0103\u201d, \u201eTramvaiul Unirii\u201d, \u201eTramvaiul Educa\u0163iei\u201d \u015fi \u201eTramvaiul Literaturii\u201d.<\/p>\n","protected":false},"excerpt":{"rendered":"<p>Cu prilejul anivers\u0103rii a 10 ani de la inaugurarea, \u00een premier\u0103 \u00een Rom\u00e2nia, a primului&#8230; <a class=\"meta-more\" href=\"https:\/\/infois.ro\/?p=77900\">more <span class=\"meta-nav\">&raquo;<\/span><\/a><\/p>\n","protected":false},"author":2,"featured_media":77901,"comment_status":"closed","ping_status":"closed","sticky":false,"template":"","format":"standard","meta":{"footnotes":""},"categories":[41,60],"tags":[74,40,2035,14238],"aioseo_notices":[],"_links":{"self":[{"href":"https:\/\/infois.ro\/index.php?rest_route=\/wp\/v2\/posts\/77900"}],"collection":[{"href":"https:\/\/infois.ro\/index.php?rest_route=\/wp\/v2\/posts"}],"about":[{"href":"https:\/\/infois.ro\/index.php?rest_route=\/wp\/v2\/types\/post"}],"author":[{"embeddable":true,"href":"https:\/\/infois.ro\/index.php?rest_route=\/wp\/v2\/users\/2"}],"replies":[{"embeddable":true,"href":"https:\/\/infois.ro\/index.php?rest_route=%2Fwp%2Fv2%2Fcomments&post=77900"}],"version-history":[{"count":1,"href":"https:\/\/infois.ro\/index.php?rest_route=\/wp\/v2\/posts\/77900\/revisions"}],"predecessor-version":[{"id":77902,"href":"https:\/\/infois.ro\/index.php?rest_route=\/wp\/v2\/posts\/77900\/revisions\/77902"}],"wp:featuredmedia":[{"embeddable":true,"href":"https:\/\/infois.ro\/index.php?rest_route=\/wp\/v2\/media\/77901"}],"wp:attachment":[{"href":"https:\/\/infois.ro\/index.php?rest_route=%2Fwp%2Fv2%2Fmedia&parent=77900"}],"wp:term":[{"taxonomy":"category","embeddable":true,"href":"https:\/\/infois.ro\/index.php?rest_route=%2Fwp%2Fv2%2Fcategories&post=77900"},{"taxonomy":"post_tag","embeddable":true,"href":"https:\/\/infois.ro\/index.php?rest_route=%2Fwp%2Fv2%2Ftags&post=77900"}],"curies":[{"name":"wp","href":"https:\/\/api.w.org\/{rel}","templated":true}]}}